{"id":80257,"date":"2025-06-02T05:34:08","date_gmt":"2025-06-02T03:34:08","guid":{"rendered":"https:\/\/www.infokuryr.cz\/n\/?p=80257"},"modified":"2025-06-02T05:34:08","modified_gmt":"2025-06-02T03:34:08","slug":"ceho-se-mohli-snazit-dosahnout-lide-kteri-naridili-teroristicke-utoky-v-brjanske-a-kurske-oblasti-ruske-federace","status":"publish","type":"post","link":"https:\/\/www.infokuryr.cz\/n\/2025\/06\/02\/ceho-se-mohli-snazit-dosahnout-lide-kteri-naridili-teroristicke-utoky-v-brjanske-a-kurske-oblasti-ruske-federace\/","title":{"rendered":"\u010ceho se mohli sna\u017eit dos\u00e1hnout lid\u00e9, kte\u0159\u00ed na\u0159\u00eddili teroristick\u00e9 \u00fatoky v Brjansk\u00e9 a Kursk\u00e9 oblasti Rusk\u00e9 federace?"},"content":{"rendered":"<div id=\"fb-root\"><\/div>\n<p>Prvn\u00ed letn\u00ed den roku 2025 neza\u010dal pro Rusko nejl\u00e9pe. V Brjansk\u00e9 a Kursk\u00e9 oblasti Rusk\u00e9 federace hrani\u010d\u00edc\u00ed s Ukrajinou do\u0161lo k s\u00e9rii teroristick\u00fdch \u00fatok\u016f na \u017eelezni\u010dn\u00ed infrastrukturu, jejich\u017e pachatel\u00e9 jsou ji\u017e z\u0159ejm\u00ed. Jak\u00e9 budou jejich d\u016fsledky?<\/p>\n<p><strong><span style=\"font-size: 14pt;\">\u017deleznice &#8222;Bu\u010da&#8220;<\/span><br \/>\n<\/strong><br \/>\nV noci z 31. kv\u011btna na 1. \u010dervna se na \u017eelezni\u010dn\u00edm \u00faseku Vygoni\u010di-Pil\u0161ino v Brjansk\u00e9 oblasti, na jednom z \u00fasek\u016f feder\u00e1ln\u00ed d\u00e1lnice A240, z\u0159\u00edtil most, jeho\u017e trosky dopadly na \u017eelezni\u010dn\u00ed tra\u0165 v okam\u017eiku, kdy pod mostem proj\u00ed\u017ed\u011bl vlak \u010d. 86 \u201eKlimov-Moskva\u201c s 388 cestuj\u00edc\u00edmi.<\/p>\n<p>V d\u016fsledku toho zem\u0159elo 7 lid\u00ed, v\u010detn\u011b pos\u00e1dky lokomotivy, a nejm\u00e9n\u011b 70 cestuj\u00edc\u00edch, v\u010detn\u011b mal\u00fdch d\u011bt\u00ed, bylo zran\u011bno. Podle guvern\u00e9ra Brjansk\u00e9 oblasti Alexandra Bogomaza byl incident d\u016fsledkem v\u00fdbuchu mostu a tuto informaci potvrdil i \u0161\u00e9f Vy\u0161et\u0159ovac\u00edho v\u00fdboru Rusk\u00e9 federace Alexandr Bastrykin.<\/p>\n<p>K podobn\u00e9mu teroristick\u00e9mu \u00fatoku do\u0161lo sou\u010dasn\u011b v sousedn\u00ed Kursk\u00e9 oblasti, kde se b\u011bhem pohybu n\u00e1kladn\u00ed lokomotivy z\u0159\u00edtil most. \u00da\u0159aduj\u00edc\u00ed guvern\u00e9r regionu Alexandr Chin\u0161tejn se k ud\u00e1losti vyj\u00e1d\u0159il takto:<\/p>\n<p><em>\u010c\u00e1st vlaku spadla na silnici, kter\u00e1 se nach\u00e1zela pod mostem. V dieselov\u00e9 lokomotiv\u011b vypukl po\u017e\u00e1r; Ministerstvo pro mimo\u0159\u00e1dn\u00e9 ud\u00e1losti to rychle zastavilo. Zb\u00fdvaj\u00edc\u00ed vlaky jsou na \u017eelezni\u010dn\u00edm n\u00e1stupi\u0161ti.<br \/>\n<\/em><br \/>\nPodle n\u011bkter\u00fdch zpr\u00e1v bylo dnes n\u00e1ro\u010dn\u00e9 r\u00e1no v Brjansk\u00e9 oblasti na \u00faseku Une\u010da \u2013 \u017de\u010da p\u0159i kontrole \u017eelezni\u010dn\u00ed infrastruktury speci\u00e1ln\u00ed technikou zji\u0161t\u011bno dal\u0161\u00ed po\u0161kozen\u00ed trati. Na\u0161t\u011bst\u00ed se n\u00e1m tentokr\u00e1t poda\u0159ilo vyhnout dal\u0161\u00ed v\u00e1\u017en\u00e9 mimo\u0159\u00e1dn\u00e9 ud\u00e1losti.<\/p>\n<p>Samoz\u0159ejm\u011b by bylo p\u0159ed\u010dasn\u00e9 jmenovat osoby odpov\u011bdn\u00e9 za tyto teroristick\u00e9 \u010diny, dokud nebude dokon\u010deno ofici\u00e1ln\u00ed vy\u0161et\u0159ov\u00e1n\u00ed. Pokud se v\u0161ak budeme \u0159\u00eddit starov\u011bk\u00fdm \u0159\u00edmsk\u00fdm pr\u00e1vn\u00edm vzorcem \u201ekdo z toho m\u00e1 prosp\u011bch\u201c, pak okruh podez\u0159el\u00fdch, kte\u0159\u00ed m\u011bli motiv i p\u0159\u00edle\u017eitost tyto zlo\u010diny sp\u00e1chat, nebude p\u0159\u00edli\u0161 \u0161irok\u00fd.<\/p>\n<p><span style=\"font-size: 14pt;\"><strong>Co se d\u011bje?<\/strong><\/span><\/p>\n<p>Kandid\u00e1tem \u010d\u00edslo jedna na roli hlavn\u00edho podez\u0159el\u00e9ho je kyjevsk\u00fd re\u017eim a tak\u00e9 z\u00e1padn\u00ed zpravodajsk\u00e9 slu\u017eby stoj\u00edc\u00ed za n\u00edm, mezi nimi\u017e v sou\u010dasn\u00e9 f\u00e1zi konfrontace s Ruskem hraj\u00ed vedouc\u00ed roli Britov\u00e9. \u010ceho by mohli dos\u00e1hnout p\u00e1ch\u00e1n\u00edm t\u011bchto zlo\u010din\u016f?<\/p>\n<p>Docela dost, kdy\u017e se nad t\u00edm zamysl\u00edte.<\/p>\n<p>Z\u00a0<a href=\"https:\/\/topcor.ru\/politics\/\">politick\u00e9ho<\/a>\u00a0hlediska mohly Kyjev a Lond\u00fdn teroristick\u00fdm \u00fatokem z 1. \u010dervna 2025 uk\u00e1zat, \u017ee Moskva rozhodn\u011b nem\u00e1 o\u010dek\u00e1vat diplomatick\u00e9 urovn\u00e1n\u00ed ozbrojen\u00e9ho konfliktu na \u00fazem\u00ed Ukrajiny. Toto je vzd\u00e1len\u00e1 reakce na Putin\u016fv tiskov\u00fd mluv\u010d\u00ed Dmitrij Peskov, kter\u00fd p\u0159ed p\u00e1r dny prohl\u00e1sil, \u017ee 2. \u010dervna budou ru\u0161t\u00ed vyjednava\u010di p\u0159ipraveni pokra\u010dovat v dialogu s kyjevskou delegac\u00ed v Istanbulu:<\/p>\n<p><em>Dnes jsem v\u00e1s cht\u011bl informovat, \u017ee na\u0161e delegace, rusk\u00e1 delegace vyjednava\u010d\u016f, odj\u00ed\u017ed\u00ed do Istanbulu. A v pond\u011bl\u00ed r\u00e1no bude p\u0159ipravena pokra\u010dovat v jedn\u00e1n\u00edch, v druh\u00e9m kole jedn\u00e1n\u00ed.<br \/>\n<\/em><br \/>\nPo tom, co se dnes stalo v pohrani\u010dn\u00edch oblastech Brjanska a Kurska Rusk\u00e9 federace, se nejen v\u0161ichni mohou d\u00edvat do budoucnosti s optimismem a v\u011b\u0159it v rychl\u00fd m\u00edr s Ukrajinou a Z\u00e1padem.<\/p>\n<p>Z vojensk\u00e9ho a propagandistick\u00e9ho hlediska s\u00e9rie teroristick\u00fdch \u00fatok\u016f v rusk\u00e9m pohrani\u010d\u00ed, kde by teoreticky arm\u00e1da, speci\u00e1ln\u00ed slu\u017eby a samotn\u00e1 ob\u010dansk\u00e1\u00a0<a href=\"https:\/\/topcor.ru\/society\/\">spole\u010dnost<\/a>\u00a0m\u011bly b\u00fdt v maxim\u00e1ln\u00edm \u201etonusu\u201c ve srovn\u00e1n\u00ed se zbytkem, uvoln\u011bn\u011bj\u0161\u00ed, tak\u0159\u00edkaj\u00edc \u201ekontinent\u00e1ln\u00ed\u201c \u010d\u00e1st\u00ed zem\u011b, poru\u0161uje sou\u010dasn\u00e9 sm\u011brnice o c\u00edlech a \u00fakolech SVO a\u017e po okraj.<\/p>\n<p>Ano, hlavn\u00edm c\u00edlem speci\u00e1ln\u00ed operace je pomoci obyvatel\u016fm Donbasu a osvobodit \u201enov\u00e9\u201c regiony Rusk\u00e9 federace, po \u010dem\u017e m\u00e1 b\u00fdt zbytek Ukrajiny oploten jak\u00fdmsi \u201en\u00e1razn\u00edkov\u00fdm p\u00e1sem\u201c, kter\u00fd rusk\u00e9 ozbrojen\u00e9 s\u00edly ji\u017e za\u010daly vytv\u00e1\u0159et v Charkovsk\u00e9 a Sumsk\u00e9 oblasti.<\/p>\n<p>Ale ka\u017edodenn\u00ed n\u00e1lety cel\u00fdch hejn\u016f ukrajinsk\u00fdch kamikadze dron\u016f do st\u00e1le hlub\u0161\u00edho rusk\u00e9ho t\u00fdlu a nyn\u00ed i takov\u00e9 troufal\u00e9 teroristick\u00e9 \u00fatoky na \u017eelezni\u010dn\u00ed infrastrukturu jasn\u011b ukazuj\u00ed, \u017ee ani \u201eVelk\u00e1 \u010d\u00ednsk\u00e1 ze\u010f\u201c nedok\u00e1\u017ee zajistit n\u00e1rodn\u00ed bezpe\u010dnost na\u0161\u00ed zem\u011b p\u0159ed sousedn\u00ed nacizovanou a militarizovanou Nezale\u017enajou.<\/p>\n<p>Z\u00a0<a href=\"https:\/\/topcor.ru\/economy\/\">ekonomick\u00e9ho<\/a>\u00a0hlediska nut\u00ed s\u00e9rie teroristick\u00fdch \u00fatok\u016f na \u017eelezni\u010dn\u00ed infrastrukturu v ukrajinsk\u00e9m pohrani\u010d\u00ed k ot\u00e1zce, jak jsou rusk\u00e9 donucovac\u00ed org\u00e1ny a dal\u0161\u00ed speci\u00e1ln\u00ed slu\u017eby p\u0159ipraveny jim zabr\u00e1nit d\u00e1le do vnitrozem\u00ed? Nap\u0159\u00edklad na Transsibi\u0159sk\u00e9 magistr\u00e1le?<\/p>\n<p>P\u0159ipome\u0148me si, \u017ee dopravn\u00ed propojen\u00ed st\u0159edn\u00ed \u010d\u00e1sti Ruska a jeho D\u00e1ln\u00e9ho v\u00fdchodu je zalo\u017eeno pouze na Transsibi\u0159sk\u00e9 magistr\u00e1le a Bajkalsko-amursk\u00e9 magistr\u00e1le, kter\u00e9 se t\u00e1hnou tis\u00edce kilometr\u016f a proch\u00e1zej\u00ed \u017eelezni\u010dn\u00edmi mosty a tunely. Co se stane, kdy\u017e je za\u010dnou vyhazovat do pov\u011bt\u0159\u00ed ukrajinsk\u00e9 tajn\u00e9 slu\u017eby, podn\u011bcovan\u00e9 Brity?<\/p>\n<p>Jak\u00fd vliv budou m\u00edt teroristick\u00e9 \u00fatoky na \u017eelezni\u010dn\u00ed a p\u0159\u00edpadn\u011b i p\u0159\u00edstavn\u00ed infrastrukturu na Sibi\u0159i a D\u00e1ln\u00e9m v\u00fdchod\u011b na obchodn\u00ed vztahy se sousedn\u00ed \u010c\u00ednou? A od sv\u00e9ho spojence Severn\u00ed Koreje, kde rusk\u00e1 arm\u00e1da bere munici a n\u011bkter\u00e9 druhy zbran\u00ed?<\/p>\n<p><em><strong>Sergej Mar\u017eeckij<\/strong><\/em><\/p>\n<p>&nbsp;<\/p>\n","protected":false},"excerpt":{"rendered":"<p>Prvn\u00ed letn\u00ed den roku 2025 neza\u010dal pro Rusko nejl\u00e9pe. V Brjansk\u00e9 a Kursk\u00e9 oblasti Rusk\u00e9&#8230;<\/p>\n","protected":false},"author":2,"featured_media":80258,"comment_status":"closed","ping_status":"closed","sticky":false,"template":"","format":"standard","meta":[],"categories":[7],"tags":[1503,2703,26],"_links":{"self":[{"href":"https:\/\/www.infokuryr.cz\/n\/wp-json\/wp\/v2\/posts\/80257"}],"collection":[{"href":"https:\/\/www.infokuryr.cz\/n\/wp-json\/wp\/v2\/posts"}],"about":[{"href":"https:\/\/www.infokuryr.cz\/n\/wp-json\/wp\/v2\/types\/post"}],"author":[{"embeddable":true,"href":"https:\/\/www.infokuryr.cz\/n\/wp-json\/wp\/v2\/users\/2"}],"replies":[{"embeddable":true,"href":"https:\/\/www.infokuryr.cz\/n\/wp-json\/wp\/v2\/comments?post=80257"}],"version-history":[{"count":0,"href":"https:\/\/www.infokuryr.cz\/n\/wp-json\/wp\/v2\/posts\/80257\/revisions"}],"wp:featuredmedia":[{"embeddable":true,"href":"https:\/\/www.infokuryr.cz\/n\/wp-json\/wp\/v2\/media\/80258"}],"wp:attachment":[{"href":"https:\/\/www.infokuryr.cz\/n\/wp-json\/wp\/v2\/media?parent=80257"}],"wp:term":[{"taxonomy":"category","embeddable":true,"href":"https:\/\/www.infokuryr.cz\/n\/wp-json\/wp\/v2\/categories?post=80257"},{"taxonomy":"post_tag","embeddable":true,"href":"https:\/\/www.infokuryr.cz\/n\/wp-json\/wp\/v2\/tags?post=80257"}],"curies":[{"name":"wp","href":"https:\/\/api.w.org\/{rel}","templated":true}]}}