{"id":8025,"date":"2022-02-04T02:34:23","date_gmt":"2022-02-04T01:34:23","guid":{"rendered":"http:\/\/www.infokuryr.cz\/n\/?p=8025"},"modified":"2022-02-04T02:34:23","modified_gmt":"2022-02-04T01:34:23","slug":"tri-roky-bojujete-a-nakonec-vas-podrazi-vlastni-vlada-lide-nadavaji-fialovi-kvuli-dohode-o-turowu","status":"publish","type":"post","link":"https:\/\/www.infokuryr.cz\/n\/2022\/02\/04\/tri-roky-bojujete-a-nakonec-vas-podrazi-vlastni-vlada-lide-nadavaji-fialovi-kvuli-dohode-o-turowu\/","title":{"rendered":"\u201eT\u0159i roky bojujete a nakonec v\u00e1s podraz\u00ed vlastn\u00ed vl\u00e1da.\u201c Lid\u00e9 nad\u00e1vaj\u00ed Fialovi kv\u016fli dohod\u011b o Tur\u00f3wu"},"content":{"rendered":"<div id=\"fb-root\"><\/div>\n<p><strong>Dnes jsme informovali, \u017ee premi\u00e9\u0159i \u010ceska a Polska podepsali mezist\u00e1tn\u00ed dohodu o \u0159e\u0161en\u00ed vlivu t\u011b\u017eebn\u00ed \u010dinnosti v polsk\u00e9m hn\u011bdouheln\u00e9m dole Tur\u00f3w. Zd\u00e1 se tedy, \u017ee spor, kter\u00fd se t\u00e1hl opravdu dlouho, by mohl pomalu sp\u011bt ke sv\u00e9mu konci. Mnoz\u00ed lid\u00e9 ale s \u0159e\u0161en\u00edm, na kter\u00e9m se zem\u011b dohodly, nesouhlas\u00ed a d\u00e1vaj\u00ed to hlasit\u011b najevo na soci\u00e1ln\u00edch s\u00edt\u00edch.<\/strong><\/p>\n<p>P\u0159ipome\u0148me, \u017ee v dohod\u011b, kterou polsk\u00fd premi\u00e9r Mateusz Morawiecki a \u010desk\u00fd p\u0159edseda vl\u00e1dy Petr Fiala (ODS) dnes spole\u010dn\u011b podepsali v Kram\u00e1\u0159ov\u011b vile, se Polsko zav\u00e1zalo k n\u011bkolika opat\u0159en\u00edm. Nap\u0159\u00edklad k dostavb\u011b podzemn\u00ed st\u011bny za \u00fa\u010delem zabr\u00e1n\u011bn\u00ed odtoku podzemn\u00edch vod z \u010cR a k vybudov\u00e1n\u00ed nadzemn\u00edho valu pro ochranu p\u0159ed prachem a hlukem, \u0159ekl Fiala. Polsko m\u00e1 tak\u00e9 podle dohody zlep\u0161ovat ovzdu\u0161\u00ed v okol\u00ed dolu a monitorovat do kon\u010de t\u011b\u017eby kvalitu ovzdu\u0161\u00ed. Mimo to m\u00e1 b\u00fdt z\u0159\u00edzen fond pro region\u00e1ln\u00ed financov\u00e1n\u00ed projekt\u016f na ochranu \u017eivotn\u00edho prost\u0159ed\u00ed.<br \/>\n\u010cesko m\u00e1 od Polska dostat 45 milion\u016f eur za \u0161kody zp\u016fsoben\u00e9 t\u011b\u017ebou. P\u016fvodn\u011b Praha po\u017eadovala 50 milion\u016f eur, Polsko nab\u00edzelo 40 milion\u016f.<\/p>\n<p><strong>Reakce na soci\u00e1ln\u00ed s\u00edti<\/strong><\/p>\n<p>N\u011bkte\u0159\u00ed v\u0161ak nepova\u017euj\u00ed tuto dohodu za p\u0159\u00edli\u0161 \u0161\u0165astnou a sv\u016fj n\u00e1zor d\u00e1vaj\u00ed najevo. Ozvala se nap\u0159\u00edklad nevl\u00e1dn\u00ed environment\u00e1ln\u00ed organizace Greenpeace, kter\u00e1 podpis dohody o Tur\u00f3wu pova\u017euje za protipr\u00e1vn\u00ed. Mysl\u00ed si, \u017ee dohoda neochr\u00e1n\u00ed \u010desk\u00e9 p\u0159\u00edhrani\u010d\u00ed a z\u00e1soby vody, a tak zah\u00e1jila protest.<\/p>\n<p>\u201eProti nedostate\u010dn\u00e9 smlouv\u011b o dole #Turow jsme dnes protestovali p\u0159ed \u00da\u0159adem vl\u00e1dy. Sd\u011blen\u00ed je jasn\u00e9 u\u017e dlouho: Nestahujte \u017ealobu a zastavte ileg\u00e1ln\u00ed t\u011b\u017ebu. M\u00edsto toho vl\u00e1da @P_Fiala dala p\u0159ednost kompenzac\u00edm a douf\u00e1, \u017ee nefunk\u010dn\u00ed podzemn\u00ed st\u011bna za\u010dne z\u00e1zrakem chr\u00e1nit \u010deskou vodu,\u201c zazn\u011blo na Twitteru dan\u00e9 organizace.<br \/>\nDohodu kritizuj\u00ed ale i dal\u0161\u00ed. P\u0159idala se t\u0159eba expertn\u00ed skupina Frank Bold, kter\u00e1 p\u0159edstavuje mezin\u00e1rodn\u00ed t\u00fdm pr\u00e1vn\u00edk\u016f v Praze, Brn\u011b, Ostrav\u011b, Bruselu a Krakov\u011b.Ti upozornili na jednu z\u00e1sadn\u00ed v\u011bc.<\/p>\n<p>\u201eBreaking. Z\u00edskali jsme dokument k #Tur\u00f3wu, ve kter\u00e9m polsk\u00e1 PGE potvrzuje z\u00e1v\u011bry \u010desk\u00fdch hydrogeolog\u016f a p\u0159izn\u00e1v\u00e1, \u017ee podzemn\u00ed bari\u00e9ra nefunguje a voda odt\u00e9k\u00e1 jinudy. \u010cesko-polsk\u00e1 dohoda p\u0159itom s bari\u00e9rou po\u010d\u00edt\u00e1 jako s hlavn\u00edm opat\u0159en\u00edm,\u201c ozn\u00e1mila na soci\u00e1ln\u00ed s\u00edti.<\/p>\n<p>Skupina p\u0159itom zd\u016fraznila, \u017ee takov\u00e9 informace z\u00edskaly polsk\u00e9 \u00fa\u0159ady ji\u017e v srpnu 2021.<\/p>\n<p>\u201ePolsko tak dojedn\u00e1valo dohodu s v\u011bdom\u00edm, \u017ee podzemn\u00ed bari\u00e9ra nefunguje. Vl\u00e1da @P_Fiala nem\u016f\u017ee za t\u00e9to situace dohodu podepsat. Postupovala by v rozporu se z\u00e1jmy \u010cR a protipr\u00e1vn\u011b!\u201c bij\u00ed na poplach.<\/p>\n<p>Na soci\u00e1ln\u00edch s\u00edt\u00edch se v\u0161ak objevily i r\u016fznorod\u00e9 reakce b\u011b\u017en\u00fdch lid\u00ed.<\/p>\n<p>\u201eOK. T\u0159i roky bojujete proti nespravedliv\u00e9 ileg\u00e1ln\u00ed t\u011b\u017eb\u011b polsk\u00e9 st\u00e1tn\u00ed firmy a nakonec V\u00e1s podraz\u00ed va\u0161e vlastn\u00ed vl\u00e1da spolu s veden\u00edm kraje. @P_Fiala, @hubackova_anna, @JanLipavsky. D\u00edky za dal\u0161\u00edch 22 let s t\u011b\u017ebou na prahu Lu\u017eick\u00fdch a Jizersk\u00fdch hor,\u201c napsal na Twitteru Milan Starec.<\/p>\n<p>I pod p\u0159\u00edsp\u011bvkem, kter\u00fd na Twitteru zve\u0159ejnil Fiala, se strhla mela. Lid\u00e9 mu vzkazovali, \u017ee je zr\u00e1dce a zbab\u011blec.<\/p>\n<p>\u201ePolsk\u00e1 drzost slav\u00ed v\u00edt\u011bzstv\u00ed? Teda pardon, kompromis,\u201c poznamen\u00e1vali u\u0161t\u011bpa\u010dn\u011b dal\u0161\u00ed.<\/p>\n<p>A nebyli sami: \u201eAspo\u0148 vid\u00edme, \u010deho jste schopn\u00ed. St\u00e1hnout ocas a vypochodovat z boje. Vl\u00e1da zbab\u011blc\u016f. A je\u0161t\u011b se pochv\u00e1l\u00edte. V4 je pro v\u00e1s kouk\u00e1m prioritou.\u201c<\/p>\n<p>\u201eStra\u0161liv\u00fd a neobhajiteln\u00fd \u00fastupek ze strany \u010cR. To je ta slavn\u00e1 dohoda. Pro Polsko je to v\u00fdhra,\u201c ho\u0159ekovali dal\u0161\u00ed.<\/p>\n<p><strong>Spory \u010ceska a Polska ohledn\u011b Tur\u00f3wu<\/strong><\/p>\n<p>D\u016fl Tur\u00f3w z\u00e1sobuje uhl\u00edm elektr\u00e1rny, kter\u00e1 je v Polsku d\u016fle\u017eit\u00fdm producentem elektrick\u00e9 energie. Lid\u00e9 v \u010desk\u00e9m pohrani\u010d\u00ed v\u0161ak n\u011bkolik let bojuj\u00ed proti jeho roz\u0161\u00ed\u0159en\u00ed, jsou tak\u00e9 znepokojeni hlukem, prachem a boj\u00ed se ztr\u00e1ty zdroj\u016f pitn\u00e9 vody.<\/p>\n<p>Koncem \u00fanora \u010cesko u soudu EU za\u017ealovalo Polsko a obvinilo ho z toho, \u017ee kv\u016fli roz\u0161\u00ed\u0159en\u00ed hn\u011bdouheln\u00e9ho lomu se v pohrani\u010dn\u00edch oblastech \u010cesk\u00e9 republiky prudce sn\u00ed\u017eila hladina podzemn\u00edch vod. 21. kv\u011btna soud EU vyhov\u011bl \u017e\u00e1dosti \u010cR a Polsko zav\u00e1zal, aby neodkladn\u011b zastavilo t\u011b\u017ebu v dolu Tur\u00f3w v Bogatyni (Dolnoslezsk\u00e9 vojvodstv\u00ed), dokud nebude tato ot\u00e1zka v podstat\u011b vy\u0159e\u0161ena. Polsko odm\u00edtlo toto soudn\u00ed rozhodnut\u00ed plnit a prohl\u00e1silo, \u017ee je nep\u0159\u00edpustn\u00fdm zasahov\u00e1n\u00edm do zaji\u0161t\u011bn\u00ed bezpe\u010dnosti zem\u011b.<\/p>\n<p>Evropsk\u00fd soud v Lucembursku se 20. z\u00e1\u0159\u00ed usnesl, \u017ee Polsko mus\u00ed platit Evropsk\u00e9 unii 500 tis\u00edc eur za ka\u017ed\u00fd den poru\u0161en\u00ed rozhodnut\u00ed soudu EU o zastaven\u00ed t\u011b\u017eby uhl\u00ed v dolu Tur\u00f3w. S hn\u011bdouheln\u00fdm lomem Tur\u00f3w je spojeno 4 a\u017e 7 procent v\u00fdroby elektrick\u00e9 energie v Polsku. Zav\u0159en\u00ed dolu by znamenalo propu\u0161t\u011bn\u00ed p\u011bti tis\u00edc zam\u011bstnanc\u016f a zp\u016fsobilo by polsk\u00e9 ekonomice \u0161kody v \u010d\u00e1stce 13,5 miliardy zlot\u00fdch (t\u00e9m\u011b\u0159 73 miliard K\u010d).<\/p>\n<p><a href=\"https:\/\/cz.sputniknews.com\/20220203\/tri-roky-bojujete-a-nakonec-vas-podrazi-vlastni-vlada-lide-nadavaji-fialovi-kvuli-dohode-o-turowu-17461951.html\">ZDROJ<\/a><\/p>\n<p>&nbsp;<\/p>\n<p>&nbsp;<\/p>\n","protected":false},"excerpt":{"rendered":"<p>Dnes jsme informovali, \u017ee premi\u00e9\u0159i \u010ceska a Polska podepsali mezist\u00e1tn\u00ed dohodu o \u0159e\u0161en\u00ed vlivu t\u011b\u017eebn\u00ed&#8230;<\/p>\n","protected":false},"author":2,"featured_media":5002,"comment_status":"closed","ping_status":"closed","sticky":false,"template":"","format":"standard","meta":[],"categories":[6],"tags":[506,31,431,99],"_links":{"self":[{"href":"https:\/\/www.infokuryr.cz\/n\/wp-json\/wp\/v2\/posts\/8025"}],"collection":[{"href":"https:\/\/www.infokuryr.cz\/n\/wp-json\/wp\/v2\/posts"}],"about":[{"href":"https:\/\/www.infokuryr.cz\/n\/wp-json\/wp\/v2\/types\/post"}],"author":[{"embeddable":true,"href":"https:\/\/www.infokuryr.cz\/n\/wp-json\/wp\/v2\/users\/2"}],"replies":[{"embeddable":true,"href":"https:\/\/www.infokuryr.cz\/n\/wp-json\/wp\/v2\/comments?post=8025"}],"version-history":[{"count":0,"href":"https:\/\/www.infokuryr.cz\/n\/wp-json\/wp\/v2\/posts\/8025\/revisions"}],"wp:featuredmedia":[{"embeddable":true,"href":"https:\/\/www.infokuryr.cz\/n\/wp-json\/wp\/v2\/media\/5002"}],"wp:attachment":[{"href":"https:\/\/www.infokuryr.cz\/n\/wp-json\/wp\/v2\/media?parent=8025"}],"wp:term":[{"taxonomy":"category","embeddable":true,"href":"https:\/\/www.infokuryr.cz\/n\/wp-json\/wp\/v2\/categories?post=8025"},{"taxonomy":"post_tag","embeddable":true,"href":"https:\/\/www.infokuryr.cz\/n\/wp-json\/wp\/v2\/tags?post=8025"}],"curies":[{"name":"wp","href":"https:\/\/api.w.org\/{rel}","templated":true}]}}