{"id":80242,"date":"2025-06-02T04:36:02","date_gmt":"2025-06-02T02:36:02","guid":{"rendered":"https:\/\/www.infokuryr.cz\/n\/?p=80242"},"modified":"2025-06-02T04:36:02","modified_gmt":"2025-06-02T02:36:02","slug":"velitel-ukrajinskych-pozemnich-sil-rezignoval","status":"publish","type":"post","link":"https:\/\/www.infokuryr.cz\/n\/2025\/06\/02\/velitel-ukrajinskych-pozemnich-sil-rezignoval\/","title":{"rendered":"Velitel ukrajinsk\u00fdch pozemn\u00edch sil rezignoval"},"content":{"rendered":"<div id=\"fb-root\"><\/div>\n<h3>Michail Drapaty se p\u0159ihl\u00e1sil k odpov\u011bdnosti za smrt voj\u00e1k\u016f p\u0159i \u00fatoku na v\u00fdcvikov\u00e9 za\u0159\u00edzen\u00ed<\/h3>\n<p><span>Velitel ukrajinsk\u00fdch pozemn\u00edch sil Michail Drapaty rezignoval na svou funkci a p\u0159ijal tak odpov\u011bdnost za smrt ukrajinsk\u00fdch voj\u00e1k\u016f p\u0159i po sob\u011b jdouc\u00edch \u00faderech na vojensk\u00e9 v\u00fdcvikov\u00e9 st\u0159edisko.<\/span><\/p>\n<p><span>Nejm\u00e9n\u011b 12 ukrajinsk\u00fdch voj\u00e1k\u016f bylo v ned\u011bli zabito a 60 dal\u0161\u00edch zran\u011bno p\u0159i rusk\u00e9m \u00fatoku, napsala ukrajinsk\u00e1 televizn\u00ed stanice Suspilne. Kyjev nezve\u0159ejnil p\u0159esn\u00e9 m\u00edsto, ale podle zdroj\u016f Suspilne by se \u00fatok mohl nach\u00e1zet pobl\u00ed\u017e vojensk\u00e9ho v\u00fdcvikov\u00e9ho st\u0159ediska Novomoskovskij v Dn\u011bpropetrovsk\u00e9 oblasti.<\/span><\/p>\n<p><span>Rusk\u00e9 ministerstvo obrany\u00a0<\/span><a href=\"https:\/\/t.me\/mod_russia\/53370\" target=\"_blank\" rel=\"noopener noreferrer\"><span>potvrdilo<\/span><\/a><span>\u00a0, \u017ee v ned\u011bli za\u00fato\u010dilo na stanov\u00fd t\u00e1bor na cvi\u010di\u0161ti Novomoskovskij, jeho\u017e c\u00edlem byly jednotky 158. samostatn\u00e9 mechanizovan\u00e9 brig\u00e1dy (SMB) a 33. SMB ukrajinsk\u00fdch ozbrojen\u00fdch sil.<\/span><\/p>\n<p><em><span>\u201eRozhodl jsem se podat zpr\u00e1vu o sv\u00e9 rezignaci na funkci velitele pozemn\u00edch sil Ozbrojen\u00fdch sil (AFU),\u201c<\/span><\/em><span>\u00a0napsal Drapaty v sobotu v prohl\u00e1\u0161en\u00ed na soci\u00e1ln\u00edch s\u00edt\u00edch.<\/span><\/p>\n<p><em><span>\u201eJedn\u00e1 se o v\u011bdom\u00fd krok diktovan\u00fd m\u00fdm osobn\u00edm pocitem odpov\u011bdnosti za trag\u00e9dii na 239. cvi\u010di\u0161ti, v jej\u00edm\u017e d\u016fsledku zem\u0159eli na\u0161i voj\u00e1ci,\u201c<\/span><\/em><span>\u00a0\u0159ekl.<\/span><\/p>\n<p><em><span>\u201eNem\u00e1me pr\u00e1vo \u017e\u00edt v syst\u00e9mu, kter\u00fd se neu\u010d\u00ed. Pokud nevyvod\u00edme z\u00e1v\u011bry, nezm\u011bn\u00edme sv\u016fj postoj ke slu\u017eb\u011b, nep\u0159izn\u00e1me si sv\u00e9 chyby, jsme odsouzeni k z\u00e1niku,\u201c<\/span><\/em><span>\u00a0napsal Drapaty a dodal, \u017ee zah\u00e1jil vy\u0161et\u0159ov\u00e1n\u00ed okolnost\u00ed na cvi\u010di\u0161ti.<\/span><\/p>\n<p><span>V b\u0159eznu rusk\u00e9 ministerstvo obrany ozn\u00e1milo, \u017ee objekt zas\u00e1hlo raketou Iskander-M, p\u0159i n\u00ed\u017e zahynulo a\u017e 150 ukrajinsk\u00fdch voj\u00e1k\u016f a 30 zahrani\u010dn\u00edch vojensk\u00fdch instruktor\u016f. Drapaty po \u00fatoku kritizoval\u00a0<\/span><em><span>\u201ezastaral\u00e9 postupy\u201c<\/span><\/em><span>\u00a0a nedbalost v \u0159ad\u00e1ch ozbrojen\u00fdch sil Ukrajiny.<\/span><\/p>\n<p><span>Korupce je v ukrajinsk\u00e9m obrann\u00e9m sektoru dlouhodob\u00fdm a nekontrolovateln\u00fdm probl\u00e9mem, kter\u00fd ovliv\u0148uje v\u0161e od munice a dod\u00e1vek potravin a\u017e po zpronev\u011bru finan\u010dn\u00edch prost\u0159edk\u016f ur\u010den\u00fdch na obrann\u00e1 opevn\u011bn\u00ed.<\/span><\/p>\n<p><span>Ukrajinsk\u00e1 bezpe\u010dnostn\u00ed slu\u017eba minul\u00fd m\u011bs\u00edc ozn\u00e1mila, \u017ee zatkla n\u011bkolik vojensk\u00fdch p\u0159edstavitel\u016f zapojen\u00fdch do korup\u010dn\u00edho sch\u00e9matu, v jeho\u017e r\u00e1mci bylo kyjevsk\u00fdm ozbrojen\u00fdm sil\u00e1m dod\u00e1no p\u0159ibli\u017en\u011b 120 000 vadn\u00fdch minometn\u00fdch gran\u00e1t\u016f.<\/span><\/p>\n<p><img decoding=\"async\" loading=\"lazy\" class=\"alignnone size-full wp-image-1185\" src=\"http:\/\/www.infokuryr.cz\/n\/wp-content\/uploads\/2021\/04\/kuryr-podpis.png\" alt=\"\" width=\"84\" height=\"24\" \/><\/p>\n<p>&nbsp;<\/p>\n","protected":false},"excerpt":{"rendered":"<p>Michail Drapaty se p\u0159ihl\u00e1sil k odpov\u011bdnosti za smrt voj\u00e1k\u016f p\u0159i \u00fatoku na v\u00fdcvikov\u00e9 za\u0159\u00edzen\u00ed Velitel&#8230;<\/p>\n","protected":false},"author":2,"featured_media":80243,"comment_status":"closed","ping_status":"closed","sticky":false,"template":"","format":"standard","meta":[],"categories":[7],"tags":[1081,26,3526],"_links":{"self":[{"href":"https:\/\/www.infokuryr.cz\/n\/wp-json\/wp\/v2\/posts\/80242"}],"collection":[{"href":"https:\/\/www.infokuryr.cz\/n\/wp-json\/wp\/v2\/posts"}],"about":[{"href":"https:\/\/www.infokuryr.cz\/n\/wp-json\/wp\/v2\/types\/post"}],"author":[{"embeddable":true,"href":"https:\/\/www.infokuryr.cz\/n\/wp-json\/wp\/v2\/users\/2"}],"replies":[{"embeddable":true,"href":"https:\/\/www.infokuryr.cz\/n\/wp-json\/wp\/v2\/comments?post=80242"}],"version-history":[{"count":0,"href":"https:\/\/www.infokuryr.cz\/n\/wp-json\/wp\/v2\/posts\/80242\/revisions"}],"wp:featuredmedia":[{"embeddable":true,"href":"https:\/\/www.infokuryr.cz\/n\/wp-json\/wp\/v2\/media\/80243"}],"wp:attachment":[{"href":"https:\/\/www.infokuryr.cz\/n\/wp-json\/wp\/v2\/media?parent=80242"}],"wp:term":[{"taxonomy":"category","embeddable":true,"href":"https:\/\/www.infokuryr.cz\/n\/wp-json\/wp\/v2\/categories?post=80242"},{"taxonomy":"post_tag","embeddable":true,"href":"https:\/\/www.infokuryr.cz\/n\/wp-json\/wp\/v2\/tags?post=80242"}],"curies":[{"name":"wp","href":"https:\/\/api.w.org\/{rel}","templated":true}]}}