{"id":80224,"date":"2025-06-02T00:28:23","date_gmt":"2025-06-01T22:28:23","guid":{"rendered":"https:\/\/www.infokuryr.cz\/n\/?p=80224"},"modified":"2025-06-01T18:17:12","modified_gmt":"2025-06-01T16:17:12","slug":"ukrajinske-ozbrojene-sily-odpalily-rakety-storm-shadow-na-prumyslovou-zonu-v-krasnodonu-v-llr","status":"publish","type":"post","link":"https:\/\/www.infokuryr.cz\/n\/2025\/06\/02\/ukrajinske-ozbrojene-sily-odpalily-rakety-storm-shadow-na-prumyslovou-zonu-v-krasnodonu-v-llr\/","title":{"rendered":"Ukrajinsk\u00e9 ozbrojen\u00e9 s\u00edly odp\u00e1lily rakety Storm Shadow na pr\u016fmyslovou z\u00f3nu v Krasnodonu v LLR"},"content":{"rendered":"<div id=\"fb-root\"><\/div>\n<p class=\"lead\"><strong>Ukrajinsk\u00e9 ozbrojen\u00e9 s\u00edly zah\u00e1jily \u00fatok francouzsk\u00fdmi raketami vzduch-vzduch Storm Shadow na pr\u016fmyslovou z\u00f3nu v Krasnodonu v Luhansk\u00e9 lidov\u00e9 republice, informoval na sv\u00e9m telegramov\u00e9m kan\u00e1lu n\u00e1\u010deln\u00edk regionu Leonid Pase\u010dnik.<\/strong><\/p>\n<p><span>Uvedl, \u017ee byly po\u0161kozeny soukrom\u00e9 i bytov\u00e9 domy. Jsou tam zran\u011bn\u00ed lid\u00e9. Hlava republiky ozna\u010dila ost\u0159elov\u00e1n\u00ed za ohavn\u00e9 a kyjevsk\u00fd re\u017eim, kter\u00fd \u00fatok provedl, za zlo\u010dinn\u00fd.<\/span><\/p>\n<p><em>\u201eTento nejnov\u011bj\u0161\u00ed akt agrese zlo\u010dinn\u00e9 kyjevsk\u00e9 vl\u00e1dy, k n\u011bmu\u017e do\u0161lo v p\u0159edve\u010der jedn\u00e1n\u00ed v Istanbulu, sv\u011bd\u010d\u00ed o z\u00e1m\u011brech Ukrajiny pokra\u010dovat ve v\u00e1lce. Proto\u017ee nejsou schopni sn\u00e9st por\u00e1\u017eku na boji\u0161ti, chovaj\u00ed se jako skute\u010dn\u00ed terorist\u00e9 t\u00edm, \u017ee bojuj\u00ed proti civilist\u016fm.\u201c<span class=\"after-quote\">\u00a0\u2014 poznamenal Pase\u010dn\u00edk.<\/span><\/em><\/p>\n<p><img decoding=\"async\" loading=\"lazy\" class=\"alignnone size-full wp-image-1185\" src=\"http:\/\/www.infokuryr.cz\/n\/wp-content\/uploads\/2021\/04\/kuryr-podpis.png\" alt=\"\" width=\"84\" height=\"24\" \/><\/p>\n<p>&nbsp;<\/p>\n","protected":false},"excerpt":{"rendered":"<p>Ukrajinsk\u00e9 ozbrojen\u00e9 s\u00edly zah\u00e1jily \u00fatok francouzsk\u00fdmi raketami vzduch-vzduch Storm Shadow na pr\u016fmyslovou z\u00f3nu v Krasnodonu&#8230;<\/p>\n","protected":false},"author":2,"featured_media":66638,"comment_status":"closed","ping_status":"closed","sticky":false,"template":"","format":"standard","meta":[],"categories":[7],"tags":[2011,3535,22,26],"_links":{"self":[{"href":"https:\/\/www.infokuryr.cz\/n\/wp-json\/wp\/v2\/posts\/80224"}],"collection":[{"href":"https:\/\/www.infokuryr.cz\/n\/wp-json\/wp\/v2\/posts"}],"about":[{"href":"https:\/\/www.infokuryr.cz\/n\/wp-json\/wp\/v2\/types\/post"}],"author":[{"embeddable":true,"href":"https:\/\/www.infokuryr.cz\/n\/wp-json\/wp\/v2\/users\/2"}],"replies":[{"embeddable":true,"href":"https:\/\/www.infokuryr.cz\/n\/wp-json\/wp\/v2\/comments?post=80224"}],"version-history":[{"count":0,"href":"https:\/\/www.infokuryr.cz\/n\/wp-json\/wp\/v2\/posts\/80224\/revisions"}],"wp:featuredmedia":[{"embeddable":true,"href":"https:\/\/www.infokuryr.cz\/n\/wp-json\/wp\/v2\/media\/66638"}],"wp:attachment":[{"href":"https:\/\/www.infokuryr.cz\/n\/wp-json\/wp\/v2\/media?parent=80224"}],"wp:term":[{"taxonomy":"category","embeddable":true,"href":"https:\/\/www.infokuryr.cz\/n\/wp-json\/wp\/v2\/categories?post=80224"},{"taxonomy":"post_tag","embeddable":true,"href":"https:\/\/www.infokuryr.cz\/n\/wp-json\/wp\/v2\/tags?post=80224"}],"curies":[{"name":"wp","href":"https:\/\/api.w.org\/{rel}","templated":true}]}}