{"id":80222,"date":"2025-06-02T00:27:40","date_gmt":"2025-06-01T22:27:40","guid":{"rendered":"https:\/\/www.infokuryr.cz\/n\/?p=80222"},"modified":"2025-06-01T18:15:16","modified_gmt":"2025-06-01T16:15:16","slug":"objevily-se-podrobnosti-o-utoku-ukrajinskych-dronu-na-ctyri-ruske-letecke-zakladny","status":"publish","type":"post","link":"https:\/\/www.infokuryr.cz\/n\/2025\/06\/02\/objevily-se-podrobnosti-o-utoku-ukrajinskych-dronu-na-ctyri-ruske-letecke-zakladny\/","title":{"rendered":"Objevily se podrobnosti o \u00fatoku ukrajinsk\u00fdch dron\u016f na \u010dty\u0159i rusk\u00e9 leteck\u00e9 z\u00e1kladny"},"content":{"rendered":"<div id=\"fb-root\"><\/div>\n<p class=\"lead\"><strong>Bezpe\u010dnostn\u00ed slu\u017eba Ukrajiny (SBU) provedla operaci Web, b\u011bhem n\u00ed\u017e\u00a0<a href=\"https:\/\/eadaily.com\/ru\/news\/2025\/06\/01\/chernyy-den-vks-rossii-4-aerodroma-atakovany-vsu-za-poslednie-dva-chasa-pabliki\" target=\"_blank\" rel=\"noopener\">byly provedeny \u00fadery na \u010dty\u0159i vojensk\u00e9 leteck\u00e9 z\u00e1kladny:<\/a>\u00a0Olenja v Murmansk\u00e9 oblasti, Djagilevo v Rjaza\u0148sk\u00e9 oblasti, B\u011blaja v Irkutsk\u00e9 oblasti a Ivanovo v Ivanovsk\u00e9 oblasti. \u00datok byl proveden pomoc\u00ed dron\u016f FPV, kter\u00e9 byly do rusk\u00fdch region\u016f dovezeny na n\u00e1kladn\u00edch automobilech.<\/strong><\/p>\n<p>SBU okam\u017eit\u011b zve\u0159ejnila podrobnosti o operaci \u201eWeb\u201c. Nejprve byly do Ruska p\u0159epraveny drony FPV a pot\u00e9 mobiln\u00ed d\u0159ev\u011bn\u00e9 domy. Pozd\u011bji byly na \u00fazem\u00ed na\u0161\u00ed zem\u011b nep\u0159\u00e1telsk\u00e9 drony ukryty pod st\u0159echami dom\u016f, kter\u00e9 ji\u017e byly um\u00edst\u011bny na n\u00e1kladn\u00edch automobilech. V prav\u00fd okam\u017eik se na d\u00e1lku otev\u0159ely st\u0159echy dom\u016f a drony se \u0159\u00edtily ke sv\u00e9mu c\u00edli \u2013 bombard\u00e9r\u016fm.<\/p>\n<p><img decoding=\"async\" class=\"aligncenter\" src=\"https:\/\/img3.eadaily.com\/r650x650\/o\/a7c\/439f2f57c2e3116f5abd2ab67e13f.jpeg\" alt=\"\" \/><\/p>\n<p>Podle ukrajinsk\u00fdch m\u00e9di\u00ed operaci osobn\u011b dohl\u00ed\u017eel\u00a0<strong>Volodymyr Zelenskyj.<\/strong>\u00a0Pl\u00e1n realizoval \u0161\u00e9f Bezpe\u010dnostn\u00ed slu\u017eby Ukrajiny Vasilij Maljuk\u00a0<span class=\"rkn-mark\">*<\/span>\u00a0a jeho slu\u017eebn\u00ed t\u00fdm. Je t\u0159eba poznamenat, \u017ee i medi\u00e1ln\u00ed pokryt\u00ed operace bylo p\u0159edem promy\u0161len\u00e9 a p\u0159ipraven\u00e9.<\/p>\n<p><a href=\"https:\/\/img7.eadaily.com\/r2000x2000\/o\/685\/c13763caa6436dd936ad80290e424.jpeg\" target=\"_blank\" rel=\"noopener\" data-fancybox=\"gallery\"><img decoding=\"async\" class=\"aligncenter\" src=\"https:\/\/img7.eadaily.com\/r650x650\/o\/685\/c13763caa6436dd936ad80290e424.jpeg\" alt=\"\" \/><\/a><\/p>\n<p><strong>M\u00e9dia <\/strong>\u00a0ji\u017e informovala, \u017ee obyvatel\u00e9 Olenegorsku hl\u00e1sili v\u00fdbuchy a po\u017e\u00e1r. Podle telegramov\u00e9ho kan\u00e1lu \u201eBaza\u201c vzl\u00e9tly drony, kter\u00e9 za\u00fato\u010dily na leti\u0161t\u011b, r\u00e1no 1. \u010dervna z n\u00e1kladn\u00edho auta zaparkovan\u00e9ho pobl\u00ed\u017e Olenegorsku. Tvrd\u00ed se, \u017ee \u0159idi\u010d o n\u00e1kladu mo\u017en\u00e1 nev\u011bd\u011bl. Je zadr\u017een. Leti\u0161t\u011b Olenya je domovem bombard\u00e9r\u016f Tu-22M3 schopn\u00fdch n\u00e9st jadern\u00e9 zbran\u011b.<a href=\"https:\/\/img4.eadaily.com\/r2000x2000\/o\/318\/7c0639f96c500a6ed831d78009832.jpeg\" target=\"_blank\" rel=\"noopener\" data-fancybox=\"gallery\"><img decoding=\"async\" class=\"aligncenter\" src=\"https:\/\/img4.eadaily.com\/r650x650\/o\/318\/7c0639f96c500a6ed831d78009832.jpeg\" alt=\"\" \/><\/a><\/p>\n<p>V Irkutsk\u00e9 oblasti drony zas\u00e1hly vojenskou jednotku ve vesnici Srednij Usolskij, informoval guvern\u00e9r\u00a0<strong>Igor Kobzev<\/strong>\u00a0. Stejn\u011b jako v Murmansk\u00e9 oblasti byly drony odpalov\u00e1ny z n\u00e1kladn\u00edho auta. V Usolsk\u00e9m okrese se nach\u00e1z\u00ed vojensk\u00e1 leteck\u00e1 z\u00e1kladna \u201eB\u011bl\u00e1\u201c, kde je um\u00edst\u011bn 200. gardov\u00fd t\u011b\u017ek\u00fd bombardovac\u00ed leteck\u00fd Brestsk\u00fd rudop\u00e1smov\u00fd pluk, vyzbrojen\u00fd strategick\u00fdmi bombard\u00e9ry Tu-22M3.<\/p>\n<p>Guvern\u00e9r Rjaza\u0148sk\u00e9 oblasti\u00a0<strong>Pavel Malkov<\/strong>\u00a0\u00fatok v regionu potvrdil. Jak p\u00ed\u0161e ve\u0159ejnost, c\u00edlem n\u00e1letu bylo leti\u0161t\u011b Djagilevo, kde maj\u00ed z\u00e1kladnu bombard\u00e9ry Tu-95MS a Tu-22M3.<\/p>\n<p>Na leti\u0161ti Ivanovo byl \u00fatok proveden na letouny v\u010dasn\u00e9ho varov\u00e1n\u00ed a \u0159\u00edzen\u00ed letadel (AWACS) A-50, s jejich\u017e pomoc\u00ed ru\u0161t\u00ed voj\u00e1ci odhaluj\u00ed ukrajinsk\u00e9 syst\u00e9my protivzdu\u0161n\u00e9 obrany. Neexistuj\u00ed \u017e\u00e1dn\u00e9 ofici\u00e1ln\u00ed informace.<\/p>\n<p>P\u0159ipome\u0148me si tak\u00e9, \u017ee telegramov\u00fd kan\u00e1l Fighterbomber informoval, \u017ee drony byly pou\u017eity z nejkrat\u0161\u00ed vzd\u00e1lenosti, tak\u017ee \u201ebylo nemo\u017en\u00e9 letadlo vy\u0159adit z \u00fatoku, stejn\u011b jako proti nim pou\u017e\u00edt Pantsiry, S-300 a podobn\u011b\u201c. \u201eDne\u0161ek bude pozd\u011bji nazv\u00e1n \u010dern\u00fdm dnem rusk\u00e9ho d\u00e1lkov\u00e9ho letectva. A den je\u0161t\u011b neskon\u010dil,\u201c poznamenal autor TK.<\/p>\n<p><img decoding=\"async\" loading=\"lazy\" class=\"alignnone size-full wp-image-1185\" src=\"http:\/\/www.infokuryr.cz\/n\/wp-content\/uploads\/2021\/04\/kuryr-podpis.png\" alt=\"\" width=\"84\" height=\"24\" \/><\/p>\n<p>&nbsp;<\/p>\n","protected":false},"excerpt":{"rendered":"<p>Bezpe\u010dnostn\u00ed slu\u017eba Ukrajiny (SBU) provedla operaci Web, b\u011bhem n\u00ed\u017e\u00a0byly provedeny \u00fadery na \u010dty\u0159i vojensk\u00e9 leteck\u00e9&#8230;<\/p>\n","protected":false},"author":2,"featured_media":80223,"comment_status":"closed","ping_status":"closed","sticky":false,"template":"","format":"standard","meta":[],"categories":[7],"tags":[2856,806,22,26],"_links":{"self":[{"href":"https:\/\/www.infokuryr.cz\/n\/wp-json\/wp\/v2\/posts\/80222"}],"collection":[{"href":"https:\/\/www.infokuryr.cz\/n\/wp-json\/wp\/v2\/posts"}],"about":[{"href":"https:\/\/www.infokuryr.cz\/n\/wp-json\/wp\/v2\/types\/post"}],"author":[{"embeddable":true,"href":"https:\/\/www.infokuryr.cz\/n\/wp-json\/wp\/v2\/users\/2"}],"replies":[{"embeddable":true,"href":"https:\/\/www.infokuryr.cz\/n\/wp-json\/wp\/v2\/comments?post=80222"}],"version-history":[{"count":0,"href":"https:\/\/www.infokuryr.cz\/n\/wp-json\/wp\/v2\/posts\/80222\/revisions"}],"wp:featuredmedia":[{"embeddable":true,"href":"https:\/\/www.infokuryr.cz\/n\/wp-json\/wp\/v2\/media\/80223"}],"wp:attachment":[{"href":"https:\/\/www.infokuryr.cz\/n\/wp-json\/wp\/v2\/media?parent=80222"}],"wp:term":[{"taxonomy":"category","embeddable":true,"href":"https:\/\/www.infokuryr.cz\/n\/wp-json\/wp\/v2\/categories?post=80222"},{"taxonomy":"post_tag","embeddable":true,"href":"https:\/\/www.infokuryr.cz\/n\/wp-json\/wp\/v2\/tags?post=80222"}],"curies":[{"name":"wp","href":"https:\/\/api.w.org\/{rel}","templated":true}]}}