{"id":8022,"date":"2022-02-03T11:03:15","date_gmt":"2022-02-03T10:03:15","guid":{"rendered":"http:\/\/www.infokuryr.cz\/n\/?p=8022"},"modified":"2022-02-03T11:03:15","modified_gmt":"2022-02-03T10:03:15","slug":"ukrajinska-krize-washington-uz-nechce-mluvit-o-bezprostredni-invazi","status":"publish","type":"post","link":"https:\/\/www.infokuryr.cz\/n\/2022\/02\/03\/ukrajinska-krize-washington-uz-nechce-mluvit-o-bezprostredni-invazi\/","title":{"rendered":"Ukrajinsk\u00e1 krize: Washington u\u017e nechce mluvit o \u201ebezprost\u0159edn\u00ed invazi\u201c"},"content":{"rendered":"<div id=\"fb-root\"><\/div>\n<p><strong>Jak ve st\u0159edu ozn\u00e1mila mluv\u010d\u00ed vl\u00e1dy Jen Psakiov\u00e1, Spojen\u00e9 st\u00e1ty ji\u017e necht\u011bj\u00ed v souvislosti s ukrajinskou kriz\u00ed hovo\u0159it o \u201ebezprost\u0159edn\u00ed invazi\u201c Ruska \u2013 formulace sd\u011bluje nezam\u00fd\u0161len\u00e9 poselstv\u00ed.<\/strong><\/p>\n<p><span>Jazykov\u00e9 hr\u00e1tky v B\u00edl\u00e9m dom\u011b ve Washingtonu: Americk\u00e1 vl\u00e1da u\u017e nechce v souvislosti s \u00fadajnou invaz\u00ed Ruska na Ukrajinu pou\u017e\u00edvat slovn\u00ed spojen\u00ed \u201ehroz\u00ed\u201c.\u00a0Z\u00e1stupc\u016fm m\u00e9di\u00ed to ve st\u0159edu \u0159ekla mluv\u010d\u00ed B\u00edl\u00e9ho domu Jen Psakiov\u00e1.\u00a0Formulace vys\u00edl\u00e1 \u201ene\u00famyslnou zpr\u00e1vu,\u201c \u0159ekla Psaki. Novin\u00e1\u0159\u016fm \u0159ekla:<\/span><\/p>\n<p><em><span>&#8222;Pou\u017eila jsem to jednou. Mysl\u00edm, \u017ee to pou\u017e\u00edvali i ostatn\u00ed a my jsme to p\u0159estali pou\u017e\u00edvat, proto\u017ee si mysl\u00edm, \u017ee to vys\u00edl\u00e1 zpr\u00e1vu, kterou jsme nezam\u00fd\u0161leli, a to, \u017ee v\u00edme, \u017ee prezident Putin u\u010dinil rozhodnut\u00ed.&#8220;<\/span><\/em><\/p>\n<p><span>Dodala:<\/span><\/p>\n<p><em><span>&#8222;\u0158ekl bych, \u017ee v drtiv\u00e9 v\u011bt\u0161in\u011b p\u0159\u00edpad\u016f, kdy jsem o tom mluvila, jsem \u0159ekla, \u017ee on [Putin, pozn. red.] mohl napadnout (Ukrajinu) &#8218;kdykoli&#8216;.&#8220;<\/span><\/em><\/p>\n<div class=\"EmbedBlock-root EmbedBlock-twitter\">\n<div class=\"TwitterEmbed\">\n<blockquote class=\"twitter-tweet lazyloaded\" data-twitter=\"twitter-tweet\">\n<p dir=\"ltr\" lang=\"en\"><span>\u2757\ufe0fRusk\u00e1 invaze na Ukrajinu ji\u017e \u201enehroz\u00ed\u201c, \u0159\u00edk\u00e1 B\u00edl\u00fd d\u016fm, kter\u00fd sliboval ruskou invazi ka\u017ed\u00fd den po dobu t\u00e9m\u011b\u0159 dvou m\u011bs\u00edc\u016f Pro vl\u00e1du, kter\u00e1 zme\u0161kala ofenzivu Talibanu, nebude p\u0159edpov\u00edd\u00e1n\u00ed rusk\u00e9 invaze snadn\u00e9\u00a0<\/span><a href=\"https:\/\/t.co\/TjAerpVu7m\"><span>. twitter.com\/TjAerpVu7m<\/span><\/a><\/p>\n<p><span>\u2014 Murad Gazdiev (@MuradGazdiev)\u00a0<\/span><a href=\"https:\/\/twitter.com\/MuradGazdiev\/status\/1488946727059083264?ref_src=twsrc%5Etfw\"><span>2. \u00fanora 2022<\/span><\/a><\/p><\/blockquote>\n<\/div>\n<\/div>\n<p><span>Jen o den d\u0159\u00edve, v \u00fater\u00fd, americk\u00e1 vyslankyn\u011b p\u0159i OSN Linda Thomas-Greenfieldov\u00e1 v rozhovoru pro\u00a0<\/span><em><a href=\"https:\/\/usun.usmission.gov\/ambassador-linda-thomas-greenfields-interview-with-leila-fadel-on-nprs-morning-edition\/\" target=\"_blank\" rel=\"noopener noreferrer\"><span>NPR<\/span><\/a><\/em><span>\u00a0ustoupila od pou\u017e\u00edv\u00e1n\u00ed term\u00ednu \u201ebezprost\u0159edn\u011b\u201c .\u00a0Thomas-Greenfieldov\u00e1 \u0159ekla:<\/span><\/p>\n<p><em><span>&#8222;Ne, ne\u0159ekl bych, \u017ee \u0159\u00edk\u00e1me, \u017ee je to bezprost\u0159edn\u00ed.&#8220;<\/span><\/em><\/p>\n<p><span>Se sv\u00fdmi st\u0159ede\u010dn\u00edmi prohl\u00e1\u0161en\u00edmi Psakiov\u00e1 zjevn\u011b zato\u010dila. Jen o t\u00fdden d\u0159\u00edve, b\u011bhem\u00a0<\/span><a href=\"https:\/\/www.whitehouse.gov\/briefing-room\/press-briefings\/2022\/01\/25\/press-briefing-by-press-secretary-jen-psaki-january-25-2022\/\" target=\"_blank\" rel=\"noopener noreferrer\"><span>tiskov\u00e9 konference 25. ledna, se vyjad\u0159ovala mluv\u010d\u00ed vl\u00e1dy jinak<\/span><\/a><span>\u00a0.\u00a0Na ot\u00e1zku, zda je mo\u017en\u00e1 rusk\u00e1 invaze na Ukrajinu, o n\u00ed\u017e americk\u00e1 m\u00e9dia a zpravodajsk\u00e9 agentury p\u00ed\u0161\u00ed uvedla, \u017ee je bezprost\u0159edn\u00ed kdykoli od konce \u0159\u00edjna a st\u00e1le \u201ehroz\u00ed\u201c, odpov\u011bd\u011bl tehdy Psakiov\u00e1:<\/span><\/p>\n<p><em><span>&#8222;Pokud jsme \u0159ekli, \u017ee je to bezprost\u0159edn\u00ed, bude to bezprost\u0159edn\u00ed.&#8220;<\/span><\/em><\/p>\n<p><span>&#8222;No, &#8218;bezprost\u0159edn\u011b&#8216; m\u00e1 docela intenzivn\u00ed v\u00fdznam. Ne?&#8220; dodala v reakci na dal\u0161\u00ed ot\u00e1zku.\u00a0Na ot\u00e1zku jin\u00e9ho novin\u00e1\u0159e, zda st\u00e1le v\u011b\u0159\u00ed, \u017ee invaze je bezprost\u0159edn\u00ed, Psakiov\u00e1 odpov\u011bd\u011bla: &#8222;Spr\u00e1vn\u011b.&#8220;<\/span><\/p>\n<p><img decoding=\"async\" loading=\"lazy\" class=\"alignnone size-full wp-image-1185\" src=\"http:\/\/www.infokuryr.cz\/n\/wp-content\/uploads\/2021\/04\/kuryr-podpis.png\" alt=\"\" width=\"84\" height=\"24\" \/><\/p>\n<p>&nbsp;<\/p>\n","protected":false},"excerpt":{"rendered":"<p>Jak ve st\u0159edu ozn\u00e1mila mluv\u010d\u00ed vl\u00e1dy Jen Psakiov\u00e1, Spojen\u00e9 st\u00e1ty ji\u017e necht\u011bj\u00ed v souvislosti s&#8230;<\/p>\n","protected":false},"author":2,"featured_media":8023,"comment_status":"closed","ping_status":"closed","sticky":false,"template":"","format":"standard","meta":[],"categories":[7],"tags":[371,22,26,37],"_links":{"self":[{"href":"https:\/\/www.infokuryr.cz\/n\/wp-json\/wp\/v2\/posts\/8022"}],"collection":[{"href":"https:\/\/www.infokuryr.cz\/n\/wp-json\/wp\/v2\/posts"}],"about":[{"href":"https:\/\/www.infokuryr.cz\/n\/wp-json\/wp\/v2\/types\/post"}],"author":[{"embeddable":true,"href":"https:\/\/www.infokuryr.cz\/n\/wp-json\/wp\/v2\/users\/2"}],"replies":[{"embeddable":true,"href":"https:\/\/www.infokuryr.cz\/n\/wp-json\/wp\/v2\/comments?post=8022"}],"version-history":[{"count":1,"href":"https:\/\/www.infokuryr.cz\/n\/wp-json\/wp\/v2\/posts\/8022\/revisions"}],"predecessor-version":[{"id":8024,"href":"https:\/\/www.infokuryr.cz\/n\/wp-json\/wp\/v2\/posts\/8022\/revisions\/8024"}],"wp:featuredmedia":[{"embeddable":true,"href":"https:\/\/www.infokuryr.cz\/n\/wp-json\/wp\/v2\/media\/8023"}],"wp:attachment":[{"href":"https:\/\/www.infokuryr.cz\/n\/wp-json\/wp\/v2\/media?parent=8022"}],"wp:term":[{"taxonomy":"category","embeddable":true,"href":"https:\/\/www.infokuryr.cz\/n\/wp-json\/wp\/v2\/categories?post=8022"},{"taxonomy":"post_tag","embeddable":true,"href":"https:\/\/www.infokuryr.cz\/n\/wp-json\/wp\/v2\/tags?post=8022"}],"curies":[{"name":"wp","href":"https:\/\/api.w.org\/{rel}","templated":true}]}}