{"id":80215,"date":"2025-06-02T00:16:28","date_gmt":"2025-06-01T22:16:28","guid":{"rendered":"https:\/\/www.infokuryr.cz\/n\/?p=80215"},"modified":"2025-06-01T15:39:29","modified_gmt":"2025-06-01T13:39:29","slug":"ivan-david-ceska-ucitelka-souzena-kvuli-dezinformacim-o-valce-na-ukrajine","status":"publish","type":"post","link":"https:\/\/www.infokuryr.cz\/n\/2025\/06\/02\/ivan-david-ceska-ucitelka-souzena-kvuli-dezinformacim-o-valce-na-ukrajine\/","title":{"rendered":"Ivan David: \u010cesk\u00e1 u\u010ditelka souzen\u00e1 kv\u016fli dezinformac\u00edm o v\u00e1lce na Ukrajin\u011b"},"content":{"rendered":"<div id=\"fb-root\"><\/div>\n<p><strong>N\u011bkdy je cesta zp\u011bt \u010dasem velmi pou\u010dn\u00e1. U n\u00e1s se jde proti proudu a\u017e do doby inkvizice, sleduj\u00edc\u00ed, zda v\u0161ichni \u201emysl\u00ed spr\u00e1vn\u011b.\u201c<\/strong><\/p>\n<p>Zpr\u00e1va BBC od Roba Camerona z dubna 2023:<\/p>\n<p>BBC News, Prague<\/p>\n<p>\u201eU\u010ditelka tvrdila, \u017ee hlavn\u00ed m\u011bsto Ukrajiny nebylo vystaveno rusk\u00e9 v\u00e1lce.<\/p>\n<p>\u010cesk\u00e1 u\u010ditelka z\u00e1kladn\u00ed \u0161koly m\u00e1 \u010delit soudu za to, \u017ee \u0161\u00ed\u0159ila p\u0159i vyu\u010dov\u00e1n\u00ed rusk\u00e9 dezinformace o v\u00e1lce na Ukrajin\u011b.<\/p>\n<p>Martina Bedn\u00e1\u0159ov\u00e1, kter\u00e1 do lo\u0148sk\u00e9ho roku (2022, pozn. p\u0159ekl.) u\u010dila \u010de\u0161tinu na \u0161kole v Praze, loni v dubnu d\u011btem \u0159ekla, \u017ee v ukrajinsk\u00e9m hlavn\u00edm m\u011bst\u011b Kyjev\u011b nen\u00ed \u201e\u017e\u00e1dn\u00e1 v\u00e1lka\u201c.<\/p>\n<p>Ukrajin\u0161t\u00ed voj\u00e1ci podle n\u00ed naopak vra\u017edili rusky mluv\u00edc\u00ed obyvatele Donbasu.<\/p>\n<p>St\u00e1tn\u00ed z\u00e1stupce na ni podal ob\u017ealobu, uvedl den\u00edk Pr\u00e1vo.<\/p>\n<p>Pan\u00ed Bedn\u00e1\u0159ov\u00e1 je obvin\u011bna z trestn\u00e9ho \u010dinu pop\u00edr\u00e1n\u00ed, zpochyb\u0148ov\u00e1n\u00ed, schvalov\u00e1n\u00ed nebo ospravedl\u0148ov\u00e1n\u00ed genocidy. V p\u0159\u00edpad\u011b prok\u00e1z\u00e1n\u00ed viny j\u00ed hroz\u00ed \u0161est m\u011bs\u00edc\u016f a\u017e t\u0159i roky v\u011bzen\u00ed.<\/p>\n<p>Za\u010d\u00e1tkem dubna 2022 \u0159ekla sv\u00e9 t\u0159\u00edd\u011b 13- a 14let\u00fdch \u017e\u00e1k\u016f, \u017ee vid\u011bla sn\u00edmky z webov\u00e9 kamery z Kyjeva, kter\u00e9 ukazovaly, \u017ee m\u011bsto je klidn\u00e9, bez boj\u016f.<\/p>\n<p>Kdy\u017e n\u011bkter\u00e9 z d\u011bt\u00ed jej\u00ed pozn\u00e1mky zpochybnily a \u0159ekly, \u017ee vid\u011bly z\u00e1b\u011bry ho\u0159\u00edc\u00edho Kyjeva v tamn\u00ed ve\u0159ejnopr\u00e1vn\u00ed \u010cesk\u00e9 televizi, vysv\u011btlila, \u017ee by m\u011bli hledat alternativn\u00ed zdroje.<\/p>\n<p>Nepravdiv\u011b tvrdila, \u017ee \u010cesk\u00e1 televize pat\u0159\u00ed ke st\u00e1ji m\u00e9di\u00ed nav\u00e1zan\u00fdch na americk\u00e9ho miliard\u00e1\u0159sk\u00e9ho filantropa George Sorose a dodala, \u017ee \u201ev\u0161ichni v\u00edme, komu je zav\u00e1z\u00e1na\u201c. Pan Soros byl l\u00e9ta st\u0159edem \u00fatok\u016f krajn\u011b pravicov\u00fdch konspira\u010dn\u00edch teori\u00ed, proto\u017ee financoval liber\u00e1ln\u00ed, demokratick\u00e9 v\u011bci.<\/p>\n<p>Pan\u00ed Bedn\u00e1\u0159ov\u00e1 tak\u00e9 uvedla dal\u0161\u00ed nepodlo\u017een\u00e1 tvrzen\u00ed, \u017ee otev\u0159en\u011b neonacistick\u00e9 ukrajinsk\u00e9 s\u00edly stahovaly z k\u016f\u017ee a upalovaly za\u017eiva rusky mluv\u00edc\u00ed osoby, v\u010detn\u011b d\u011bt\u00ed. Tvrdila, \u017ee Ukrajina vede od roku 2014 vra\u017eednou kampa\u0148 teroru v Donbasu, co\u017e je pravideln\u00e9 t\u00e9ma rusk\u00e9 propagandy.<\/p>\n<p>Jej\u00ed pozn\u00e1mky skryt\u011b nahr\u00e1l jeden z \u017e\u00e1k\u016f, kter\u00fd ji p\u0159ehr\u00e1l rodi\u010d\u016fm, kte\u0159\u00ed se pot\u00e9 obr\u00e1tili na \u0161kolu. Pozd\u011bji byla propu\u0161t\u011bna pro hrub\u00e9 pochyben\u00ed. V\u00fdpov\u011b\u010f napadla u soudu, ale prohr\u00e1la.<\/p>\n<p>Bedn\u00e1\u0159ov\u00e1 podle Pr\u00e1va obvin\u011bn\u00ed proti n\u00ed pop\u00edr\u00e1 a tvrd\u00ed, \u017ee d\u011btem pouze p\u0159edkl\u00e1dala fakta. 18minutov\u00fd z\u00e1znam byl sou\u010d\u00e1st\u00ed 45minutov\u00e9 diskuse a koment\u00e1\u0159e byly vytr\u017eeny z kontextu, tvrd\u00ed.<\/p>\n<p>Jej\u00ed st\u00edh\u00e1n\u00ed je jedn\u00edm z n\u011bkolika vysoce sledovan\u00fdch p\u0159\u00edpad\u016f, proto\u017ee v\u00e1lka Ruska proti Ukrajin\u011b testuje hranice svobody projevu v \u010cesk\u00e9 republice.<\/p>\n<p>\u010cesk\u00e1 vl\u00e1da pevn\u011b podporuje snahu Ukrajiny br\u00e1nit se p\u0159ed Ruskem a ve ve\u0159ejnosti m\u00e1 \u0161irokou podporu. N\u011bkte\u0159\u00ed \u010ce\u0161i \u2013 v\u010detn\u011b nov\u00e9ho prezidenta Petra Pavla \u2013 v\u0161ak varovali, \u017ee takov\u00e1 podpora \u010dasem nevyhnuteln\u011b opadne.<\/p>\n<p>Prezident Pavel, b\u00fdval\u00fd druh\u00fd velitel NATO, minul\u00fd m\u011bs\u00edc \u0159ekl polsk\u00e9mu listu Rzeczpospolita, \u017ee v\u011b\u0159\u00ed, \u017ee Ukrajina m\u00e1 \u201ejedine\u010dnou \u0161anci\u201c na velkou protiofenz\u00edvu.<\/p>\n<p>\u0158ekl, \u017ee pro Z\u00e1pad by bylo \u201eextr\u00e9mn\u011b obt\u00ed\u017en\u00e9\u201c udr\u017eet sou\u010dasnou \u00farove\u0148 podpory \u2013 vojensk\u00e9 i mor\u00e1ln\u00ed \u2013 i po p\u0159\u00ed\u0161t\u00ed zim\u011b, a Kyjev m\u00e1 p\u0159\u00edle\u017eitost letos (2023, pozn. p\u0159ekl.)\u201c<\/p>\n<p>Konec cit\u00e1tu star\u00e9ho dva roky. A jak je to nyn\u00ed?<\/p>\n<p><strong>St\u00e1t EU odsoudil u\u010ditelku za \u201eprorusk\u00e9\u201c n\u00e1zory<\/strong><\/p>\n<p>RT p\u00ed\u0161e:<\/p>\n<p>\u201eMartina Bedn\u00e1\u0159ov\u00e1 dostala v \u010cesk\u00e9 republice podm\u00edn\u011bn\u00fd trest za to, \u017ee ozna\u010dila vojenskou akci Moskvy za \u201aopr\u00e1vn\u011bnou\u2018.<\/p>\n<p>\u010cesk\u00fd soud ud\u011blil b\u00fdval\u00e9 u\u010ditelce sedmim\u011bs\u00ed\u010dn\u00ed podm\u00edn\u011bn\u00fd trest za vyj\u00e1d\u0159en\u00ed prorusk\u00fdch n\u00e1zor\u016f b\u011bhem v\u00fduky, informovala ve \u010dtvrtek m\u00edstn\u00ed m\u00e9dia.<\/p>\n<p>Martina Bedn\u00e1\u0159ov\u00e1 tak\u00e9 podle zpravodajsk\u00e9ho port\u00e1lu \u010cesk\u00e1 justice dostala t\u0159\u00edlet\u00fd z\u00e1kaz vyu\u010dovat a bylo j\u00ed na\u0159\u00edzeno absolvovat kurz medi\u00e1ln\u00ed gramotnosti. Soud \u00fadajn\u011b \u0159ekl, \u017ee Bedn\u00e1\u0159ov\u00e1 zneu\u017eila svou roli t\u00edm, \u017ee student\u016fm p\u0159edlo\u017eila \u201azav\u00e1d\u011bj\u00edc\u00ed informace\u2018.<\/p>\n<p>K incidentu do\u0161lo v dubnu 2022, kr\u00e1tce po eskalaci ukrajinsk\u00e9ho konfliktu, p\u0159i hodin\u011b \u010desk\u00e9ho jazyka na z\u00e1kladn\u00ed \u0161kole v Praze. Bedn\u00e1\u0159ov\u00e1 podle zpr\u00e1v m\u00e9di\u00ed ozna\u010dila ruskou vojenskou akci Ukrajiny za \u201aopr\u00e1vn\u011bn\u00fd zp\u016fsob \u0159e\u0161en\u00ed situace\u2018 a zpochybnila zpravodajstv\u00ed \u010cesk\u00e9 televize.<\/p>\n<p>\u0158ekla tak\u00e9, \u017ee \u201anacistick\u00e9 ukrajinsk\u00e9 skupiny\u2018 zab\u00edjej\u00ed Rusy od roku 2014, z\u0159ejm\u011b s odkazem na ukrajinsk\u00e9 nacionalistick\u00e9 prapory, jako je Azov, kter\u00e9 Moskva obvinila z p\u00e1ch\u00e1n\u00ed zv\u011brstev na etnick\u00fdch Rusech na v\u00fdchodn\u00ed Ukrajin\u011b a kter\u00e9 kyjevsk\u00e9 \u00fa\u0159ady zpochyb\u0148uj\u00ed. Studenti nahr\u00e1li hodinu a upozornili \u0161koln\u00ed \u00fa\u0159edn\u00edky, co\u017e vedlo k propu\u0161t\u011bn\u00ed Bedn\u00e1\u0159ov\u00e9.<\/p>\n<p>Soudkyn\u011b Eli\u0161ka Maty\u00e1\u0161ov\u00e1 tvrdila, \u017ee Bedn\u00e1\u0159ov\u00e1 nevyjad\u0159ovala pouze osobn\u00ed n\u00e1zory, ale poskytovala nepravdiv\u00e9 informace ve t\u0159\u00edd\u011b, kde je studenti nemohli zpochybnit. Bedn\u00e1\u0159ov\u00e1 uvedla, \u017ee jej\u00ed v\u00fdroky byly sou\u010d\u00e1st\u00ed lekce medi\u00e1ln\u00ed gramotnosti a ozna\u010dila p\u0159\u00edpad za politicky motivovan\u00fd. Verdikt nen\u00ed pravomocn\u00fd, m\u00e1 toti\u017e pr\u00e1vo se odvolat.<\/p>\n<p>Okresn\u00ed soud Bedn\u00e1\u0159ovou p\u016fvodn\u011b dvakr\u00e1t zprostil ob\u017ealoby, p\u0159i\u010dem\u017e odvolac\u00ed sen\u00e1t podpo\u0159il druh\u00fd rozsudek z d\u016fvodu svobody projevu. V lednu v\u0161ak Nejvy\u0161\u0161\u00ed soud rozhodnut\u00ed zru\u0161il a na\u0159\u00eddil nov\u00fd p\u0159ezkum, aby posoudil, zda jej\u00ed jedn\u00e1n\u00ed napl\u0148ovalo znaky trestn\u00e9ho \u010dinu.\u201c<\/p>\n<p>A jeliko\u017e to nebyl po\u017eadavek, ale imperativ, nov\u00e1 mlad\u00e1 soudkyn\u011b mu zjevn\u011b vyhov\u011bla. Za\u010d\u00ednat kari\u00e9ru politick\u00fdm procesem\u2026 inu: \u201eSuum cuique. Ka\u017ed\u00e9mu, co jeho jest.\u201c<\/p>\n<p><strong><em>MUDr. Ivan David, CSc.<\/em><\/strong><\/p>\n<p><img decoding=\"async\" loading=\"lazy\" class=\"alignnone size-medium wp-image-922\" src=\"http:\/\/www.infokuryr.cz\/n\/wp-content\/uploads\/2021\/04\/Ivan-David-1-222x300.jpg\" alt=\"\" width=\"222\" height=\"300\" srcset=\"https:\/\/www.infokuryr.cz\/n\/wp-content\/uploads\/2021\/04\/Ivan-David-1-222x300.jpg 222w, https:\/\/www.infokuryr.cz\/n\/wp-content\/uploads\/2021\/04\/Ivan-David-1.jpg 466w\" sizes=\"(max-width: 222px) 100vw, 222px\" \/><\/p>\n<p>&nbsp;<\/p>\n<p>&nbsp;<\/p>\n","protected":false},"excerpt":{"rendered":"<p>N\u011bkdy je cesta zp\u011bt \u010dasem velmi pou\u010dn\u00e1. U n\u00e1s se jde proti proudu a\u017e do&#8230;<\/p>\n","protected":false},"author":2,"featured_media":68705,"comment_status":"closed","ping_status":"closed","sticky":false,"template":"","format":"standard","meta":[],"categories":[6],"tags":[1503,9219,520,324],"_links":{"self":[{"href":"https:\/\/www.infokuryr.cz\/n\/wp-json\/wp\/v2\/posts\/80215"}],"collection":[{"href":"https:\/\/www.infokuryr.cz\/n\/wp-json\/wp\/v2\/posts"}],"about":[{"href":"https:\/\/www.infokuryr.cz\/n\/wp-json\/wp\/v2\/types\/post"}],"author":[{"embeddable":true,"href":"https:\/\/www.infokuryr.cz\/n\/wp-json\/wp\/v2\/users\/2"}],"replies":[{"embeddable":true,"href":"https:\/\/www.infokuryr.cz\/n\/wp-json\/wp\/v2\/comments?post=80215"}],"version-history":[{"count":0,"href":"https:\/\/www.infokuryr.cz\/n\/wp-json\/wp\/v2\/posts\/80215\/revisions"}],"wp:featuredmedia":[{"embeddable":true,"href":"https:\/\/www.infokuryr.cz\/n\/wp-json\/wp\/v2\/media\/68705"}],"wp:attachment":[{"href":"https:\/\/www.infokuryr.cz\/n\/wp-json\/wp\/v2\/media?parent=80215"}],"wp:term":[{"taxonomy":"category","embeddable":true,"href":"https:\/\/www.infokuryr.cz\/n\/wp-json\/wp\/v2\/categories?post=80215"},{"taxonomy":"post_tag","embeddable":true,"href":"https:\/\/www.infokuryr.cz\/n\/wp-json\/wp\/v2\/tags?post=80215"}],"curies":[{"name":"wp","href":"https:\/\/api.w.org\/{rel}","templated":true}]}}