{"id":80203,"date":"2025-06-02T00:21:55","date_gmt":"2025-06-01T22:21:55","guid":{"rendered":"https:\/\/www.infokuryr.cz\/n\/?p=80203"},"modified":"2025-06-01T15:55:44","modified_gmt":"2025-06-01T13:55:44","slug":"hutiove-varuji-investory-aby-opustili-izrael-naznacuji-mozne-pouziti-kazetovych-raket","status":"publish","type":"post","link":"https:\/\/www.infokuryr.cz\/n\/2025\/06\/02\/hutiove-varuji-investory-aby-opustili-izrael-naznacuji-mozne-pouziti-kazetovych-raket\/","title":{"rendered":"H\u00fat\u00edov\u00e9 varuj\u00ed investory, aby opustili Izrael, nazna\u010duj\u00ed mo\u017en\u00e9 pou\u017eit\u00ed kazetov\u00fdch raket"},"content":{"rendered":"<div id=\"fb-root\"><\/div>\n<p><strong>Zdroj z ministerstva obrany H\u00fat\u00ed\u016f 31. kv\u011btna vyzval v\u0161echny zahrani\u010dn\u00ed investory a spole\u010dnosti, aby co nejd\u0159\u00edve opustili Izrael, s t\u00edm, \u017ee pracovn\u00ed prost\u0159ed\u00ed v Izraeli ji\u017e nebude bezpe\u010dn\u00e9.<\/strong><\/p>\n<p>V prohl\u00e1\u0161en\u00ed, kter\u00e9 zve\u0159ejnila televize Al-Masirah, nejmenovan\u00fd zdroj sl\u00edbil, \u017ee jemensk\u00e9 rakety \u201enep\u0159estanou c\u00edlit na zlo\u010dinnou sionistickou entitu, dokud neskon\u010d\u00ed agrese a nebude ukon\u010deno obl\u00e9h\u00e1n\u00ed na\u0161ich lid\u00ed v Gaze\u201c.<\/p>\n<p><em>\u201eNa\u0161e rakety jsou navr\u017eeny s v\u00edce hlavicemi a pokud budou zachyceny, rozd\u011bl\u00ed se a zas\u00e1hnou v\u00edce c\u00edl\u016f, \u010d\u00edm\u017e znehodnot\u00ed syst\u00e9my sionistick\u00e9ho nep\u0159\u00edtele,\u201c uvedl zdroj a nazna\u010dil, \u017ee H\u00fat\u00edov\u00e9 by brzy mohli pou\u017e\u00edt balistick\u00e9 rakety vyzbrojen\u00e9 kazetov\u00fdmi hlavicemi, kter\u00e9 bude obt\u00ed\u017en\u011bj\u0161\u00ed zcela neutralizovat, i kdy\u017e budou \u00fasp\u011b\u0161n\u011b zachyceny.<\/em><\/p>\n<p><em>\u201eZlo\u010dinn\u00e1 politika Netanjahua v\u00e1m v nadch\u00e1zej\u00edc\u00edch dnech prodlou\u017e\u00ed dny a noci v \u00fatulc\u00edch,\u201c dodal.<\/em><\/p>\n<p>Toto varov\u00e1n\u00ed je nejnov\u011bj\u0161\u00edm z \u0159ady opat\u0159en\u00ed, kter\u00e1 H\u00fat\u00edov\u00e9 p\u0159ijali od doby, kdy Izrael v \u00fanoru lo\u0148sk\u00e9ho roku obnovil v\u00e1lku v Gaze.<\/p>\n<p>Vybaven\u00ed balistick\u00fdch raket kazetov\u00fdmi hlavicemi je obt\u00ed\u017en\u00fd \u00fakol kv\u016fli probl\u00e9m\u016fm s vyv\u00e1\u017een\u00edm doletu, u\u017eite\u010dn\u00e9ho zat\u00ed\u017een\u00ed, p\u0159esnosti a slo\u017eit\u00fdch interakc\u00ed v\u00edce n\u00e1boj\u016f. \u00cdr\u00e1n, hlavn\u00ed podporovatel H\u00fat\u00ed\u016f, v\u0161ak ji\u017e dok\u00e1zal takov\u00e9 syst\u00e9my vyrobit. Je tedy velmi mo\u017en\u00e9, \u017ee H\u00fat\u00edov\u00e9 nyn\u00ed tuto technologii maj\u00ed.<\/p>\n<p>Za\u010d\u00e1tkem tohoto m\u011bs\u00edce skupina ozn\u00e1mila \u201ekomplexn\u00ed leteckou blok\u00e1du\u201c Izraele po \u00fasp\u011b\u0161n\u00e9m raketov\u00e9m \u00fatoku na leti\u0161t\u011b Ben Guriona. Mnoho leteck\u00fdch spole\u010dnost\u00ed v d\u016fsledku toho pozastavilo v\u0161echny lety do zem\u011b. Skupina pozd\u011bji ozn\u00e1mila blok\u00e1du p\u0159\u00edstavu Haifa, nejv\u011bt\u0161\u00edho v Izraeli, a\u010dkoli ji dosud nepos\u00edlila.<\/p>\n<p>Posledn\u00ed raketov\u00fd \u00fatok H\u00fat\u00ed\u016f se odehr\u00e1l 29. kv\u011btna. Izraelsk\u00e9 obrann\u00e9 s\u00edly uvedly, \u017ee raketu zachytila \u200b\u200bprotivzdu\u0161n\u00e1 obrana.<\/p>\n<p>Od 18. b\u0159ezna, kdy izraelsk\u00e9 obrann\u00e9 s\u00edly obnovily ofenz\u00edvu proti Ham\u00e1su v Gaze, H\u00fat\u00edov\u00e9 odp\u00e1lili na Izrael 42 balistick\u00fdch raket a nejm\u00e9n\u011b 10 sebevra\u017eedn\u00fdch dron\u016f.<\/p>\n<p>V reakci na to v posledn\u00edch t\u00fddnech nejm\u00e9n\u011b \u010dty\u0159i vlny izraelsk\u00fdch \u00fader\u016f zam\u011b\u0159ily na infrastrukturu v oblastech Jemenu kontrolovan\u00fdch H\u00fat\u00edi, od p\u0159\u00edstav\u016f v al-Hodajd\u00e1 p\u0159es cement\u00e1rny, elektr\u00e1rny a\u017e po mezin\u00e1rodn\u00ed leti\u0161t\u011b San\u00e1 v jemensk\u00e9 metropoli.<\/p>\n<p>Izraelsk\u00e9 \u00fadery si vy\u017e\u00e1daly ob\u011bti a t\u011b\u017ek\u00e9 \u0161kody. H\u00fat\u00ede v\u0161ak nedok\u00e1zaly odradit a nem\u011bly \u017e\u00e1dn\u00fd vliv na vojensk\u00e9 schopnosti skupiny.<\/p>\n<p><img decoding=\"async\" loading=\"lazy\" class=\"alignnone size-full wp-image-1185\" src=\"http:\/\/www.infokuryr.cz\/n\/wp-content\/uploads\/2021\/04\/kuryr-podpis.png\" alt=\"\" width=\"84\" height=\"24\" \/><\/p>\n<p>&nbsp;<\/p>\n","protected":false},"excerpt":{"rendered":"<p>Zdroj z ministerstva obrany H\u00fat\u00ed\u016f 31. kv\u011btna vyzval v\u0161echny zahrani\u010dn\u00ed investory a spole\u010dnosti, aby co&#8230;<\/p>\n","protected":false},"author":2,"featured_media":46259,"comment_status":"closed","ping_status":"closed","sticky":false,"template":"","format":"standard","meta":[],"categories":[7],"tags":[9042,5378,107,2975],"_links":{"self":[{"href":"https:\/\/www.infokuryr.cz\/n\/wp-json\/wp\/v2\/posts\/80203"}],"collection":[{"href":"https:\/\/www.infokuryr.cz\/n\/wp-json\/wp\/v2\/posts"}],"about":[{"href":"https:\/\/www.infokuryr.cz\/n\/wp-json\/wp\/v2\/types\/post"}],"author":[{"embeddable":true,"href":"https:\/\/www.infokuryr.cz\/n\/wp-json\/wp\/v2\/users\/2"}],"replies":[{"embeddable":true,"href":"https:\/\/www.infokuryr.cz\/n\/wp-json\/wp\/v2\/comments?post=80203"}],"version-history":[{"count":0,"href":"https:\/\/www.infokuryr.cz\/n\/wp-json\/wp\/v2\/posts\/80203\/revisions"}],"wp:featuredmedia":[{"embeddable":true,"href":"https:\/\/www.infokuryr.cz\/n\/wp-json\/wp\/v2\/media\/46259"}],"wp:attachment":[{"href":"https:\/\/www.infokuryr.cz\/n\/wp-json\/wp\/v2\/media?parent=80203"}],"wp:term":[{"taxonomy":"category","embeddable":true,"href":"https:\/\/www.infokuryr.cz\/n\/wp-json\/wp\/v2\/categories?post=80203"},{"taxonomy":"post_tag","embeddable":true,"href":"https:\/\/www.infokuryr.cz\/n\/wp-json\/wp\/v2\/tags?post=80203"}],"curies":[{"name":"wp","href":"https:\/\/api.w.org\/{rel}","templated":true}]}}