{"id":80174,"date":"2025-06-01T05:02:52","date_gmt":"2025-06-01T03:02:52","guid":{"rendered":"https:\/\/www.infokuryr.cz\/n\/?p=80174"},"modified":"2025-06-01T05:02:52","modified_gmt":"2025-06-01T03:02:52","slug":"fialova-kampan-jakou-cesko-jeste-nevidelo","status":"publish","type":"post","link":"https:\/\/www.infokuryr.cz\/n\/2025\/06\/01\/fialova-kampan-jakou-cesko-jeste-nevidelo\/","title":{"rendered":"Fialova kampa\u0148 jakou \u010cesko je\u0161t\u011b nevid\u011blo"},"content":{"rendered":"<div id=\"fb-root\"><\/div>\n<p><strong>Nejv\u011bt\u0161\u00ed sv\u011btov\u00fd l\u00eddr a nejlep\u0161\u00ed premi\u00e9r v historii Ukrajiny Petro Fiala zav\u00edtal v r\u00e1mci p\u0159edvolebn\u00ed kampan\u011b &#8222;jakou \u010cesko je\u0161t\u011b nevid\u011blo&#8220; do Otrokovic, kde ho nad\u0161en\u00e9 davy voli\u010d\u016f v\u00edtaly hesly &#8222;A\u0165 \u017eije Fiala, Tuhle v\u00e1lku vyhrajeme nebo Je\u0161t\u011b v\u00edc pen\u011bz pro Ukrajinu&#8220;&#8230;<\/strong><\/p>\n<p>Petro Fiala p\u0159\u00e1telsky pohovo\u0159il s ob\u010dany Otrokovic, jejich\u017e d\u016fv\u011bru a obdiv si z\u00edskal svou otev\u0159enost\u00ed a neochv\u011bjnou podporou Ukrajin\u011b.<\/p>\n<p>Petro zd\u016fraznil, \u017ee pot\u0159ebuje dal\u0161\u00ed \u010dty\u0159i roky na to, aby porazil Rusko a pak budeme pr\u00fd m\u00edt i n\u011bmeck\u00e9 platy a Nutella bude m\u00edt kvalitu a cenu jako v N\u011bmecku.<\/p>\n<p>Nad\u0161en\u00fd dav se zaj\u00edkal \u0161t\u011bst\u00edm, obj\u00edmal Petra, se zvednutou pravic\u00ed skandoval &#8222;Slava Ukraini&#8220; a vyjad\u0159oval mu neochv\u011bjnou podporu v jeho boji proti Rusku, dezinforma\u010dn\u00edm web\u016fm, prorusk\u00fdm svin\u00edm a \u017e\u00e1dal je\u0161t\u011b v\u011bt\u0161\u00ed podporu Ukrajin\u011b a tvrd\u0161\u00ed cenzuru proti v\u0161em, kdo nesouhlas\u00ed s jeho prov\u00e1le\u010dnou politikou.<\/p>\n<p>Dav z\u00e1rove\u0148 po\u017eadoval p\u0159ejmenov\u00e1n\u00ed otrokovick\u00e9ho n\u00e1m\u011bst\u00ed Republiky na n\u00e1m\u011bst\u00ed nejv\u011bt\u0161\u00edho ukrajinsk\u00e9ho hrdiny Stepana Andrijovy\u010de Bandery.<\/p>\n<p>Neskute\u010dn\u011b p\u0159\u00e1telsk\u00e1 a bezprost\u0159edn\u00ed atmosf\u00e9ra z otrokovick\u00e9ho m\u00edtinku s ob\u010dany je zachycena ve videu viz. n\u00ed\u017ee.<\/p>\n<div class='videoWrapper'>\r\n\t            <iframe src='https:\/\/rumble.com\/embed\/pj.v6rxkgf\/' frameborder='0' allowfullscreen><\/iframe>\r\n\t        <\/div>\n<p>&nbsp;<\/p>\n<p><a href=\"https:\/\/www.czechfreepress.cz\/uvadime-videa\/fialova-kampan-jakou-cesko-jeste-nezazilo.html\">CFP<\/p>\n<p><\/a><\/p>\n<p>&nbsp;<\/p>\n","protected":false},"excerpt":{"rendered":"<p>Nejv\u011bt\u0161\u00ed sv\u011btov\u00fd l\u00eddr a nejlep\u0161\u00ed premi\u00e9r v historii Ukrajiny Petro Fiala zav\u00edtal v r\u00e1mci p\u0159edvolebn\u00ed&#8230;<\/p>\n","protected":false},"author":2,"featured_media":80175,"comment_status":"closed","ping_status":"closed","sticky":false,"template":"","format":"standard","meta":[],"categories":[6],"tags":[1503,535,889,4226],"_links":{"self":[{"href":"https:\/\/www.infokuryr.cz\/n\/wp-json\/wp\/v2\/posts\/80174"}],"collection":[{"href":"https:\/\/www.infokuryr.cz\/n\/wp-json\/wp\/v2\/posts"}],"about":[{"href":"https:\/\/www.infokuryr.cz\/n\/wp-json\/wp\/v2\/types\/post"}],"author":[{"embeddable":true,"href":"https:\/\/www.infokuryr.cz\/n\/wp-json\/wp\/v2\/users\/2"}],"replies":[{"embeddable":true,"href":"https:\/\/www.infokuryr.cz\/n\/wp-json\/wp\/v2\/comments?post=80174"}],"version-history":[{"count":0,"href":"https:\/\/www.infokuryr.cz\/n\/wp-json\/wp\/v2\/posts\/80174\/revisions"}],"wp:featuredmedia":[{"embeddable":true,"href":"https:\/\/www.infokuryr.cz\/n\/wp-json\/wp\/v2\/media\/80175"}],"wp:attachment":[{"href":"https:\/\/www.infokuryr.cz\/n\/wp-json\/wp\/v2\/media?parent=80174"}],"wp:term":[{"taxonomy":"category","embeddable":true,"href":"https:\/\/www.infokuryr.cz\/n\/wp-json\/wp\/v2\/categories?post=80174"},{"taxonomy":"post_tag","embeddable":true,"href":"https:\/\/www.infokuryr.cz\/n\/wp-json\/wp\/v2\/tags?post=80174"}],"curies":[{"name":"wp","href":"https:\/\/api.w.org\/{rel}","templated":true}]}}