{"id":80167,"date":"2025-06-01T00:29:57","date_gmt":"2025-05-31T22:29:57","guid":{"rendered":"https:\/\/www.infokuryr.cz\/n\/?p=80167"},"modified":"2025-05-31T11:44:42","modified_gmt":"2025-05-31T09:44:42","slug":"izraelske-udery-zasahly-protilodni-a-protiletadlove-strely-na-syrskem-pobrezi","status":"publish","type":"post","link":"https:\/\/www.infokuryr.cz\/n\/2025\/06\/01\/izraelske-udery-zasahly-protilodni-a-protiletadlove-strely-na-syrskem-pobrezi\/","title":{"rendered":"Izraelsk\u00e9 \u00fadery zas\u00e1hly protilodn\u00ed a protiletadlov\u00e9 st\u0159ely na syrsk\u00e9m pob\u0159e\u017e\u00ed"},"content":{"rendered":"<div id=\"fb-root\"><\/div>\n<p><strong><span>Ve\u010der 30. kv\u011btna zas\u00e1hla guvernor\u00e1ty Lat\u00e1kie a Tartus na syrsk\u00e9m pob\u0159e\u017e\u00ed s\u00e9rie \u00fader\u016f, za kter\u00e9 se odpov\u011bdnost ujaly Izraelsk\u00e9 obrann\u00e9 s\u00edly (IDF).<\/span><\/strong><\/p>\n<p><span>Syrsk\u00e1 arabsk\u00e1 tiskov\u00e1 agentura uvedla, \u017ee \u00fadery zas\u00e1hly m\u011bsta Zama a Burd\u017e Isl\u00e1m v oblasti Lat\u00e1kie, jeden civilista byl zabit a t\u0159i dal\u0161\u00ed zran\u011bni. Dal\u0161\u00ed \u00fadery byly podle st\u00e1tn\u00ed tiskov\u00e9 agentury zam\u011b\u0159eny na okol\u00ed p\u0159\u00edstavu Tart\u00fas.<\/span><\/p>\n<div id=\"attachment_222597\" class=\"wp-caption aligncenter\" style=\"width: 593px;\"><a href=\"https:\/\/s5.cdnstatic.space\/wp-content\/uploads\/2025\/05\/photo_2025-05-30_22-35-40.jpg\" target=\"_blank\" rel=\"noopener\"><img decoding=\"async\" loading=\"lazy\" class=\"wp-image-222597\" title=\"Izraelsk\u00e9 \u00fadery zas\u00e1hly protilodn\u00ed a protiletadlov\u00e9 st\u0159ely na syrsk\u00e9m pob\u0159e\u017e\u00ed (fotografie, video)\" src=\"https:\/\/s5.cdnstatic.space\/wp-content\/uploads\/2025\/05\/photo_2025-05-30_22-35-40-490x276.jpg\" sizes=\"(max-width: 600px) 100vw, 600px\" srcset=\"https:\/\/s5.cdnstatic.space\/wp-content\/uploads\/2025\/05\/photo_2025-05-30_22-35-40-490x276.jpg 490w, https:\/\/s5.cdnstatic.space\/wp-content\/uploads\/2025\/05\/photo_2025-05-30_22-35-40-768x432.jpg 768w, https:\/\/s5.cdnstatic.space\/wp-content\/uploads\/2025\/05\/photo_2025-05-30_22-35-40.jpg 960w\" alt=\"Izraelsk\u00e9 \u00fadery zas\u00e1hly protilodn\u00ed a protiletadlov\u00e9 st\u0159ely na syrsk\u00e9m pob\u0159e\u017e\u00ed (fotografie, video)\" width=\"593\" height=\"334\" aria-describedby=\"caption-attachment-222597\" \/><\/a><\/p>\n<p id=\"caption-attachment-222597\" class=\"wp-caption-text\"><span>Kliknut\u00edm zobraz\u00edte obr\u00e1zek v pln\u00e9 velikosti. P\u0159es Telegram.<\/span><\/p>\n<\/div>\n<div id=\"attachment_222596\" class=\"wp-caption aligncenter\" style=\"width: 593px;\"><a href=\"https:\/\/s5.cdnstatic.space\/wp-content\/uploads\/2025\/05\/photo_2025-05-30_22-35-38-2.jpg\" target=\"_blank\" rel=\"noopener\"><img decoding=\"async\" loading=\"lazy\" class=\"wp-image-222596\" title=\"Izraelsk\u00e9 \u00fadery zas\u00e1hly protilodn\u00ed a protiletadlov\u00e9 st\u0159ely na syrsk\u00e9m pob\u0159e\u017e\u00ed (fotografie, video)\" src=\"https:\/\/s5.cdnstatic.space\/wp-content\/uploads\/2025\/05\/photo_2025-05-30_22-35-38-2-490x276.jpg\" sizes=\"(max-width: 600px) 100vw, 600px\" srcset=\"https:\/\/s5.cdnstatic.space\/wp-content\/uploads\/2025\/05\/photo_2025-05-30_22-35-38-2-490x276.jpg 490w, https:\/\/s5.cdnstatic.space\/wp-content\/uploads\/2025\/05\/photo_2025-05-30_22-35-38-2-1024x576.jpg 1024w, https:\/\/s5.cdnstatic.space\/wp-content\/uploads\/2025\/05\/photo_2025-05-30_22-35-38-2-768x432.jpg 768w, https:\/\/s5.cdnstatic.space\/wp-content\/uploads\/2025\/05\/photo_2025-05-30_22-35-38-2.jpg 1220w\" alt=\"Izraelsk\u00e9 \u00fadery zas\u00e1hly protilodn\u00ed a protiletadlov\u00e9 st\u0159ely na syrsk\u00e9m pob\u0159e\u017e\u00ed (fotografie, video)\" width=\"593\" height=\"334\" aria-describedby=\"caption-attachment-222596\" \/><\/a><\/p>\n<p id=\"caption-attachment-222596\" class=\"wp-caption-text\"><span>Kliknut\u00edm zobraz\u00edte obr\u00e1zek v pln\u00e9 velikosti. P\u0159es Telegram.<\/span><\/p>\n<\/div>\n<div id=\"attachment_222595\" class=\"wp-caption aligncenter\" style=\"width: 591px;\"><a href=\"https:\/\/s5.cdnstatic.space\/wp-content\/uploads\/2025\/05\/photo_2025-05-30_22-23-21.jpg\" target=\"_blank\" rel=\"noopener\"><img decoding=\"async\" loading=\"lazy\" class=\"wp-image-222595\" title=\"Izraelsk\u00e9 \u00fadery zas\u00e1hly protilodn\u00ed a protiletadlov\u00e9 st\u0159ely na syrsk\u00e9m pob\u0159e\u017e\u00ed (fotografie, video)\" src=\"https:\/\/s5.cdnstatic.space\/wp-content\/uploads\/2025\/05\/photo_2025-05-30_22-23-21-490x276.jpg\" sizes=\"(max-width: 600px) 100vw, 600px\" srcset=\"https:\/\/s5.cdnstatic.space\/wp-content\/uploads\/2025\/05\/photo_2025-05-30_22-23-21-490x276.jpg 490w, https:\/\/s5.cdnstatic.space\/wp-content\/uploads\/2025\/05\/photo_2025-05-30_22-23-21-768x432.jpg 768w, https:\/\/s5.cdnstatic.space\/wp-content\/uploads\/2025\/05\/photo_2025-05-30_22-23-21.jpg 960w\" alt=\"Izraelsk\u00e9 \u00fadery zas\u00e1hly protilodn\u00ed a protiletadlov\u00e9 st\u0159ely na syrsk\u00e9m pob\u0159e\u017e\u00ed (fotografie, video)\" width=\"591\" height=\"333\" aria-describedby=\"caption-attachment-222595\" \/><\/a><\/p>\n<p id=\"caption-attachment-222595\" class=\"wp-caption-text\"><span>Kliknut\u00edm zobraz\u00edte obr\u00e1zek v pln\u00e9 velikosti. P\u0159es Telegram.<\/span><\/p>\n<\/div>\n<div id=\"attachment_222594\" class=\"wp-caption aligncenter\" style=\"width: 586px;\"><a href=\"https:\/\/s5.cdnstatic.space\/wp-content\/uploads\/2025\/05\/photo_2025-05-30_22-35-38.jpg\" target=\"_blank\" rel=\"noopener\"><img decoding=\"async\" loading=\"lazy\" class=\"wp-image-222594\" title=\"Izraelsk\u00e9 \u00fadery zas\u00e1hly protilodn\u00ed a protiletadlov\u00e9 st\u0159ely na syrsk\u00e9m pob\u0159e\u017e\u00ed (fotografie, video)\" src=\"https:\/\/s5.cdnstatic.space\/wp-content\/uploads\/2025\/05\/photo_2025-05-30_22-35-38-490x276.jpg\" sizes=\"(max-width: 600px) 100vw, 600px\" srcset=\"https:\/\/s5.cdnstatic.space\/wp-content\/uploads\/2025\/05\/photo_2025-05-30_22-35-38-490x276.jpg 490w, https:\/\/s5.cdnstatic.space\/wp-content\/uploads\/2025\/05\/photo_2025-05-30_22-35-38-768x432.jpg 768w, https:\/\/s5.cdnstatic.space\/wp-content\/uploads\/2025\/05\/photo_2025-05-30_22-35-38.jpg 960w\" alt=\"Izraelsk\u00e9 \u00fadery zas\u00e1hly protilodn\u00ed a protiletadlov\u00e9 st\u0159ely na syrsk\u00e9m pob\u0159e\u017e\u00ed (fotografie, video)\" width=\"586\" height=\"330\" aria-describedby=\"caption-attachment-222594\" \/><\/a><\/p>\n<p id=\"caption-attachment-222594\" class=\"wp-caption-text\"><span>Kliknut\u00edm zobraz\u00edte obr\u00e1zek v pln\u00e9 velikosti. P\u0159es Telegram.<\/span><\/p>\n<\/div>\n<p><span>V pozd\u011bj\u0161\u00edm prohl\u00e1\u0161en\u00ed IDF uvedla, \u017ee \u00fadery zas\u00e1hly sklady zbran\u00ed pou\u017e\u00edvan\u00e9 k ulo\u017een\u00ed protilodn\u00edch raket, co\u017e p\u0159edstavovalo hrozbu pro \u201emezin\u00e1rodn\u00ed a izraelskou svobodu plavby\u201c. Arm\u00e1da d\u00e1le uvedla, \u017ee zas\u00e1hly \u201ekomponenty\u201c protiletadlov\u00fdch raket.<\/span><\/p>\n<p><span>Syrsk\u00e9 vl\u00e1dn\u00ed s\u00edly byly spat\u0159eny p\u0159i p\u0159eprav\u011b po\u0161kozen\u00e9ho rusk\u00e9ho syst\u00e9mu protivzdu\u0161n\u00e9 obrany kr\u00e1tk\u00e9ho dosahu Pancir-S ve m\u011bst\u011b Lat\u00e1kie.<\/span><\/p>\n<p><iframe loading=\"lazy\" src=\"https:\/\/s5.cdnstatic.space\/wp-content\/uploads\/2025\/05\/IMG_0236.mp4\" width=\"600\" height=\"338\" data-mce-fragment=\"1\"><\/iframe><\/p>\n<p><span>Ministr obrany Israel Katz v koment\u00e1\u0159i k \u00fader\u016fm uvedl, \u017ee \u201e\u017e\u00e1dn\u00e1 strana\u201c, kter\u00e1 p\u0159edstavuje hrozbu pro Izrael, nebude m\u00edt imunitu.<\/span><\/p>\n<p><em>\u201eIDF za\u00fato\u010dila a zni\u010dila strategick\u00e9 zbran\u011b po cel\u00e9 S\u00fdrii\u2026 kter\u00e9 p\u0159edstavovaly bezprost\u0159edn\u00ed hrozbu pro St\u00e1t Izrael,\u201c \u0159ekl Katz.<\/em><\/p>\n<p><em>\u201eNedovol\u00edme hrozby a \u017e\u00e1dn\u00e1 strana nebude m\u00edt imunitu \u2013 budeme i nad\u00e1le chr\u00e1nit bezpe\u010dnost Izraele,\u201c dodal.<\/em><\/p>\n<p><span>\u00dadery, kter\u00e9 pat\u0159ily k nejn\u00e1siln\u011bj\u0161\u00edm, jak\u00e9 zas\u00e1hly S\u00fdrii od p\u00e1du Asadova re\u017eimu loni v prosinci, p\u0159i\u0161ly po zpr\u00e1v\u00e1ch o izraelsko-syrsk\u00fdch rozhovorech, v\u010detn\u011b osobn\u00edch setk\u00e1n\u00ed, jejich\u017e c\u00edlem bylo uklidnit nap\u011bt\u00ed a zabr\u00e1nit konfliktu v pohrani\u010dn\u00ed oblasti mezi ob\u011bma dlouholet\u00fdmi nep\u0159\u00e1teli.<\/span><\/p>\n<p><span>Tureck\u00e1 m\u00e9dia tak\u00e9 za\u010d\u00e1tkem tohoto t\u00fddne informovala, \u017ee Ankara obnovila pl\u00e1ny na z\u0159\u00edzen\u00ed leteck\u00fdch, n\u00e1mo\u0159n\u00edch a pozemn\u00edch z\u00e1kladen v S\u00fdrii.<\/span><\/p>\n<p><span>Izrael b\u011bhem rozhovor\u016f s Ankarou v \u00c1zerb\u00e1jd\u017e\u00e1nu odm\u00edtl jakoukoli tureckou vojenskou expanzi v S\u00fdrii. A\u010dkoli 21. kv\u011btna bylo ozn\u00e1meno, \u017ee ob\u011b zem\u011b dos\u00e1hly dohody o mechanismu pro urovn\u00e1n\u00ed konflikt\u016f, nejnov\u011bj\u0161\u00ed vlna izraelsk\u00fdch \u00fatok\u016f nazna\u010duje, \u017ee mezi ob\u011bma zem\u011bmi p\u0159etrv\u00e1vaj\u00ed z\u00e1sadn\u00ed neshody.<\/span><\/p>\n<p><span>A\u010dkoliv se zd\u00e1, \u017ee S\u00fdrie usiluje o m\u00edr, mo\u017en\u00e1 je\u0161t\u011b nen\u00ed p\u0159ipravena za n\u011bj zaplatit cenu. Izrael se pravd\u011bpodobn\u011b sna\u017e\u00ed udr\u017eet si kontrolu nad Golanem a m\u016f\u017ee dokonce anektovat n\u00e1razn\u00edkovou z\u00f3nu a dal\u0161\u00ed oblasti. Izraelsk\u00e9 obrann\u00e9 s\u00edly se tak\u00e9 zdaj\u00ed b\u00fdt pevn\u011b p\u0159esv\u011bd\u010deny, \u017ee zemi nedovol\u00ed znovuzbrojit se.<\/span><\/p>\n<p><img decoding=\"async\" loading=\"lazy\" class=\"alignnone size-full wp-image-1185\" src=\"http:\/\/www.infokuryr.cz\/n\/wp-content\/uploads\/2021\/04\/kuryr-podpis.png\" alt=\"\" width=\"84\" height=\"24\" \/><\/p>\n<p>&nbsp;<\/p>\n","protected":false},"excerpt":{"rendered":"<p>Ve\u010der 30. kv\u011btna zas\u00e1hla guvernor\u00e1ty Lat\u00e1kie a Tartus na syrsk\u00e9m pob\u0159e\u017e\u00ed s\u00e9rie \u00fader\u016f, za kter\u00e9&#8230;<\/p>\n","protected":false},"author":2,"featured_media":80168,"comment_status":"closed","ping_status":"closed","sticky":false,"template":"","format":"standard","meta":[],"categories":[7],"tags":[9237,107,147,3540,889],"_links":{"self":[{"href":"https:\/\/www.infokuryr.cz\/n\/wp-json\/wp\/v2\/posts\/80167"}],"collection":[{"href":"https:\/\/www.infokuryr.cz\/n\/wp-json\/wp\/v2\/posts"}],"about":[{"href":"https:\/\/www.infokuryr.cz\/n\/wp-json\/wp\/v2\/types\/post"}],"author":[{"embeddable":true,"href":"https:\/\/www.infokuryr.cz\/n\/wp-json\/wp\/v2\/users\/2"}],"replies":[{"embeddable":true,"href":"https:\/\/www.infokuryr.cz\/n\/wp-json\/wp\/v2\/comments?post=80167"}],"version-history":[{"count":0,"href":"https:\/\/www.infokuryr.cz\/n\/wp-json\/wp\/v2\/posts\/80167\/revisions"}],"wp:featuredmedia":[{"embeddable":true,"href":"https:\/\/www.infokuryr.cz\/n\/wp-json\/wp\/v2\/media\/80168"}],"wp:attachment":[{"href":"https:\/\/www.infokuryr.cz\/n\/wp-json\/wp\/v2\/media?parent=80167"}],"wp:term":[{"taxonomy":"category","embeddable":true,"href":"https:\/\/www.infokuryr.cz\/n\/wp-json\/wp\/v2\/categories?post=80167"},{"taxonomy":"post_tag","embeddable":true,"href":"https:\/\/www.infokuryr.cz\/n\/wp-json\/wp\/v2\/tags?post=80167"}],"curies":[{"name":"wp","href":"https:\/\/api.w.org\/{rel}","templated":true}]}}