{"id":8015,"date":"2022-02-03T08:10:03","date_gmt":"2022-02-03T07:10:03","guid":{"rendered":"http:\/\/www.infokuryr.cz\/n\/?p=8015"},"modified":"2022-02-03T08:10:56","modified_gmt":"2022-02-03T07:10:56","slug":"vlna-utesene-stoupa-proc-jsou-ockovani-lide-stale-casteji-pozitivni","status":"publish","type":"post","link":"https:\/\/www.infokuryr.cz\/n\/2022\/02\/03\/vlna-utesene-stoupa-proc-jsou-ockovani-lide-stale-casteji-pozitivni\/","title":{"rendered":"Vlna ut\u011b\u0161en\u011b stoup\u00e1: Pro\u010d jsou o\u010dkov\u00e1ni lid\u00e9 st\u00e1le \u010dast\u011bji pozitivn\u00ed?"},"content":{"rendered":"<div id=\"fb-root\"><\/div>\n<p><span>Pozorn\u00fd \u010dten\u00e1\u0159 m\u011b upozornil na d\u016fle\u017eit\u00e9 prohl\u00e1\u0161en\u00ed v dokumentu, zve\u0159ejn\u011bn\u00e9m spole\u010dnost\u00ed OraSure Technologies, v\u00fdrobcem rychlotestu na Covid-19.<\/span><\/p>\n<p><a href=\"https:\/\/www.fda.gov\/media\/149911\/download\"><span>Dokument<\/span><\/a><span>\u00a0je uve\u0159ejn\u011bn na webov\u00e9 str\u00e1nce FDA.\u00a0Jeho n\u00e1zev je\u00a0<\/span><em><span>\u201eIntellSwab COVID-19 Rapid Test \u2013 Healthcare Provider Instructions for Use.\u201c<\/span><\/em><\/p>\n<p><span>Kl\u00ed\u010dov\u00fd cit\u00e1t se nach\u00e1z\u00ed v \u010d\u00e1sti nazvan\u00e9 Omezen\u00ed testu:<\/span><\/p>\n<p><em><span>\u201ePotenci\u00e1ln\u00ed k\u0159\u00ed\u017eov\u00e1 reaktivita rychlotestu IntellSwab\u00a0<\/span><sup><span>TM<\/span><\/sup><span>\u00a0COVID-19 s vakc\u00ednami proti COVID-19 nebyla hodnocena.\u201c<\/span><\/em><\/p>\n<p><span>Ve zdravotnick\u00e9 komunit\u011b je pojem \u201ek\u0159\u00ed\u017eov\u00e1 reaktivita\u201c obecn\u011b z\u0159ejm\u00fd.\u00a0Znamen\u00e1: \u201eTest ur\u010den\u00fd ke zji\u0161t\u011bn\u00ed, zda je v t\u011ble osoby p\u0159\u00edtomno X, ve skute\u010dnosti zjist\u00ed Y, zcela irelevantn\u00ed polo\u017eku, ale chybn\u011b ji nazve X.\u201c<\/span><\/p>\n<p><span>Nap\u0159\u00edklad n\u011bkdo si d\u00e1 v noci p\u0159ed testem t\u0159i drinky a test pak mu vyjde pozitivn\u00ed na p\u0159\u00edtomnost n\u011bjak\u00e9ho choroboplodn\u00e9ho z\u00e1rodku, p\u0159i\u010dem\u017e ve skute\u010dnosti test reaguje na alkohol v n\u00e1poj\u00edch.<\/span><\/p>\n<p><span>A v tomto dokumentu, kter\u00fd jsem pr\u00e1v\u011b citoval, v\u00fdrobce ochotn\u011b p\u0159izn\u00e1v\u00e1, \u017ee nebylo p\u0159ihl\u00e9dnuto k mo\u017enosti, \u017ee test na COVID reaguje na VAKCINU PROTI COVIDU a pot\u00e9 chybn\u011b uv\u00e1d\u00ed, \u017ee o\u010dkovan\u00e1 osoba m\u00e1 v t\u011ble V\u00cdRUS.<\/span><\/p>\n<p><em><span>(Pozn\u00e1mka redakce: Nebude tento d\u016fvod, pro\u010d aktu\u00e1ln\u011b byli pozitivn\u011b testov\u00e1ni na covid hlavn\u00ed hygienik Mikas \u010di ministryn\u011b Remi\u0161ov\u00e1?)<\/span><\/em><\/p>\n<p><span>Ot\u00e1zka tedy zn\u00ed:<\/span><\/p>\n<p><span>Pro\u010d se v\u00fdrobce nezam\u011b\u0159il na probl\u00e9m k\u0159\u00ed\u017eov\u00e9 reaktivity?\u00a0Dokument ukazuje testy na v\u0161echny druhy dal\u0161\u00ed mo\u017en\u00e9 k\u0159\u00ed\u017eov\u00e9 reaktivity.<\/span><\/p>\n<p><span>A dal\u0161\u00ed ot\u00e1zka je:<\/span><\/p>\n<p><span>Jak mohou regula\u010dn\u00ed org\u00e1ny ud\u011blit opr\u00e1vn\u011bn\u00ed k nouzov\u00e9mu pou\u017eit\u00ed tomuto testu, kdy\u017e nebyla zkoum\u00e1na k\u0159\u00ed\u017eov\u00e1 reaktivita s vakc\u00ednou?<\/span><\/p>\n<p><span>V\u00fdrobce jasn\u011b o\u010dividn\u011b ch\u00e1pe, \u017ee k\u0159\u00ed\u017eov\u00e1 reaktivita s vakc\u00ednou je mo\u017en\u00e1, jinak by se o n\u00ed nezmi\u0148oval.<\/span><\/p>\n<h2><span>Jsou o\u010dkov\u00e1ni tahouny t\u00e9to vlny pandemie?<\/span><\/h2>\n<p><span>Zamyslete se nad t\u00edmto sc\u00e9n\u00e1\u0159em:<\/span><\/p>\n<p><span>N\u011bkdo se d\u00e1 o\u010dkovat vakc\u00ednou proti covidu.\u00a0Nyn\u00ed se m\u016f\u017ee vr\u00e1tit do pr\u00e1ce na sv\u00e9 pracovi\u0161t\u011b.<\/span><\/p>\n<p><span>Jeho \u0161\u00e9f ale chce, aby se v\u0161ichni zam\u011bstnanci nad\u00e1le testovali.\u00a0O t\u0159i t\u00fddny pozd\u011bji si d\u011bl\u00e1 test ten o\u010dkovan\u00fd \u2013 a jeliko\u017e test OPRAVDU k\u0159\u00ed\u017eov\u011b reaguje s vakc\u00ednou, \u0159eknou mu, \u017ee je pozitivn\u00ed.<\/span><\/p>\n<p><span>Mus\u00ed j\u00edt dom\u016f.\u00a0Pokud m\u00e1 ka\u0161el nebo r\u00fdmu, m\u016f\u017ee skon\u010dit u l\u00e9ka\u0159e, kter\u00fd jej m\u016f\u017ee poslat p\u0159\u00edmo do nemocnice.\u00a0V tu chv\u00edli u\u017e nen\u00ed nic jist\u00e9ho.<\/span><\/p>\n<p><span>Kdo v\u00ed, jak velmi nebezpe\u010dnou a \u017eivot ohro\u017euj\u00edc\u00ed l\u00e9\u010dbu m\u016f\u017ee nasadit nemocnice (nap\u0159. um\u011blou plicn\u00ed ventilaci) \u2013 zejm\u00e9na, pokud ta nemocnice dost\u00e1v\u00e1 od st\u00e1tu pen\u00edze nejen na diagnostikov\u00e1n\u00ed, ale tak\u00e9 na l\u00e9\u010dbu ka\u017ed\u00e9ho covidov\u00e9ho pacienta.<\/span><\/p>\n<p><em><span>(Pozn\u00e1mka redakce: Ned\u00e1vno jsme se tomuto t\u00e9matu v\u011bnovali v\u00a0\u00a0<\/span><a href=\"https:\/\/www.badatel.net\/sokujuce-svedectvo-lekarky-o-umrti-jej-otca-na-covidovom-aro-v-kosiciach\/\" target=\"_blank\" rel=\"noopener\"><span>\u010dl\u00e1nku<\/span><\/a><span>\u00a0o ot\u0159esn\u00fdch pom\u011brech v Univerzitn\u00ed nemocnici L. Pasteura na Rastislavov\u011b ulici v Ko\u0161ic\u00edch.)<\/span><\/em><\/p>\n<p><span>V tomto \u010dl\u00e1nku se nepokou\u0161\u00edm vysv\u011btlit, pro\u010d by mohl test k\u0159\u00ed\u017eov\u011b reagovat s vakc\u00ednou.\u00a0Mo\u017en\u00e1 je cel\u00e1 \u0159ada v\u011bdeck\u00fdch \u00favah.\u00a0Je jen poukazuji na existenci test\u016f na covid, u kter\u00fdch nebyla d\u016fkladn\u011b zkoum\u00e1na k\u0159\u00ed\u017eov\u00e1 reaktivita s vakc\u00ednou.<\/span><\/p>\n<p><span>A to je \u00fapln\u011b jin\u00fd probl\u00e9m ne\u017e obrovsk\u00fd po\u010det \u00famrt\u00ed a t\u011b\u017ek\u00fdch po\u0161kozen\u00ed zp\u016fsoben\u00fdch p\u0159\u00edmo vakc\u00ednou.<\/span><\/p>\n<p><span>A\u017e na to, \u017ee to nen\u00ed samostatn\u00fd probl\u00e9m, nebo\u0165 pokud pak velmi velk\u00fd po\u010det o\u010dkovan\u00fdch lid\u00ed je pozitivn\u011b testov\u00e1no na COVID ak pozitivn\u00edm test\u016fm doch\u00e1z\u00ed z d\u016fvodu k\u0159\u00ed\u017eov\u00e9 reaktivity, p\u0159isp\u00edv\u00e1 to k \u0161\u00edlen\u00e9mu medic\u00ednsk\u00e9mu tvrzen\u00ed, \u017ee se lid\u00e9 mus\u00ed o\u010dkovat TOXICK\u00ddMI posiluj\u00edc\u00edmi d\u00e1vkami, aby odvr\u00e1tili mo\u017enost \u201echycen\u00ed covidu\u201c ji\u017e po jedn\u00e9 \u010di dvou d\u00e1vk\u00e1ch vakc\u00edny.<\/span><\/p>\n<h2><span>Za\u010darovan\u00fd kruh: O\u010dkov\u00e1n\u00ed poh\u00e1n\u00ed vlnu a vlna zase poh\u00e1n\u00ed o\u010dkov\u00e1n\u00ed?<\/span><\/h2>\n<p><span>Od st\u00e1tn\u00edch instituc\u00ed ve\u0159ejn\u00e9ho zdravotnictv\u00ed je neomluviteln\u00e9 a zlo\u010dinn\u00e9 schv\u00e1lit test, kter\u00fd nebyl zkoum\u00e1n na k\u0159\u00ed\u017eovou reaktivitu s vakc\u00ednou, kdy\u017e tou vakc\u00ednu se o\u010dkuj\u00ed miliony lid\u00ed.<\/span><\/p>\n<p><span>Poskytnu v\u00e1m jednu zasv\u011bcenou \u00favahu ohledn\u011b k\u0159\u00ed\u017eov\u00e9 reaktivity:<\/span><\/p>\n<p><span>Test na covid hled\u00e1 kus RNA, o kter\u00e9m P\u0158EDPOKLAD\u00c1, \u017ee je \u010d\u00e1st\u00ed \u201eviru\u201c.\u00a0Vakc\u00edna n\u011bjakou \u010d\u00e1st toho kusu RNA obsahuje.\u00a0Kdy\u017e se pak provede test \u2013 v z\u00e1vislosti na citlivosti testu \u2013 budou na \u201evirus\u201c \u201epozitivn\u00ed\u201c mnoz\u00ed d\u0159\u00edve o\u010dkovan\u00ed lid\u00e9.<\/span><\/p>\n<p><span>V\u0161echno je to z\u00e1bava \u2013 pokud za z\u00e1bavu pova\u017eujete ni\u010den\u00ed \u017eivot\u016f.<\/span><\/p>\n<p><span>Lid\u00e9, kter\u00fdm byla pod\u00e1na vakc\u00edna a pot\u00e9 jim k\u00e1zali se testovat, by mohli \u0159\u00edci: \u201eChci, abyste se mi zaru\u010dili, \u017ee test byl d\u016fkladn\u011b prov\u011b\u0159en na k\u0159\u00ed\u017eovou reaktivitu s vakc\u00ednou.\u00a0Doka\u017ete to.\u201c<\/span><\/p>\n<p><span>Ne\u0159\u00edk\u00e1m, \u017ee by tento argument obst\u00e1l po pr\u00e1vn\u00ed str\u00e1nce, nebo\u0165 objevit se p\u0159ed soudem je jako hod kostkou;\u00a0ale mohl by couvnout zam\u011bstnavatel, kter\u00fd test na\u0159\u00eddil.<\/span><\/p>\n<p><span>Toto v\u0161ak rozhodn\u011b NEN\u00cd doporu\u010den\u00ed, aby se v\u0161ichni nejprve o\u010dkovali.<\/span><\/p>\n<p><span>Autor: Jon Rappoport, Zdroj:\u00a0\u00a0<\/span><a href=\"https:\/\/blog.nomorefakenews.com\/2022\/01\/11\/vaccinated-people-who-then-test-positive-for-covid-the-wave-is-building\/\" target=\"_blank\" rel=\"noopener\"><span>nomorefakenews.com<\/span><\/a><span>\u00a0, Zpracoval: Badatel.net<\/span><\/p>\n<p>&nbsp;<\/p>\n","protected":false},"excerpt":{"rendered":"<p>Pozorn\u00fd \u010dten\u00e1\u0159 m\u011b upozornil na d\u016fle\u017eit\u00e9 prohl\u00e1\u0161en\u00ed v dokumentu, zve\u0159ejn\u011bn\u00e9m spole\u010dnost\u00ed OraSure Technologies, v\u00fdrobcem rychlotestu&#8230;<\/p>\n","protected":false},"author":2,"featured_media":6539,"comment_status":"closed","ping_status":"closed","sticky":false,"template":"","format":"standard","meta":[],"categories":[7],"tags":[593,1380,213,1828],"_links":{"self":[{"href":"https:\/\/www.infokuryr.cz\/n\/wp-json\/wp\/v2\/posts\/8015"}],"collection":[{"href":"https:\/\/www.infokuryr.cz\/n\/wp-json\/wp\/v2\/posts"}],"about":[{"href":"https:\/\/www.infokuryr.cz\/n\/wp-json\/wp\/v2\/types\/post"}],"author":[{"embeddable":true,"href":"https:\/\/www.infokuryr.cz\/n\/wp-json\/wp\/v2\/users\/2"}],"replies":[{"embeddable":true,"href":"https:\/\/www.infokuryr.cz\/n\/wp-json\/wp\/v2\/comments?post=8015"}],"version-history":[{"count":1,"href":"https:\/\/www.infokuryr.cz\/n\/wp-json\/wp\/v2\/posts\/8015\/revisions"}],"predecessor-version":[{"id":8016,"href":"https:\/\/www.infokuryr.cz\/n\/wp-json\/wp\/v2\/posts\/8015\/revisions\/8016"}],"wp:featuredmedia":[{"embeddable":true,"href":"https:\/\/www.infokuryr.cz\/n\/wp-json\/wp\/v2\/media\/6539"}],"wp:attachment":[{"href":"https:\/\/www.infokuryr.cz\/n\/wp-json\/wp\/v2\/media?parent=8015"}],"wp:term":[{"taxonomy":"category","embeddable":true,"href":"https:\/\/www.infokuryr.cz\/n\/wp-json\/wp\/v2\/categories?post=8015"},{"taxonomy":"post_tag","embeddable":true,"href":"https:\/\/www.infokuryr.cz\/n\/wp-json\/wp\/v2\/tags?post=8015"}],"curies":[{"name":"wp","href":"https:\/\/api.w.org\/{rel}","templated":true}]}}