{"id":80143,"date":"2025-06-01T00:24:58","date_gmt":"2025-05-31T22:24:58","guid":{"rendered":"https:\/\/www.infokuryr.cz\/n\/?p=80143"},"modified":"2025-05-31T10:50:47","modified_gmt":"2025-05-31T08:50:47","slug":"musk-opousti-washington-130-dni-uplynulo-media-si-vymysleji-sporne-drama","status":"publish","type":"post","link":"https:\/\/www.infokuryr.cz\/n\/2025\/06\/01\/musk-opousti-washington-130-dni-uplynulo-media-si-vymysleji-sporne-drama\/","title":{"rendered":"Musk opou\u0161t\u00ed Washington: 130 dn\u00ed uplynulo \u2013 m\u00e9dia si vym\u00fd\u0161lej\u00ed sporn\u00e9 drama"},"content":{"rendered":"<div id=\"fb-root\"><\/div>\n<p><strong><span>To je konec velk\u00e9 revoluce v efektivit\u011b: Elon Musk opustil sv\u016fj post v Trumpov\u011b administrativ\u011b po p\u0159esn\u011b 130 dnech \u2013 ne kv\u016fli \u00fadajn\u00e9mu sporu s prezidentem, ale jednodu\u0161e proto, \u017ee to vy\u017eaduje z\u00e1kon. \u0160\u00e9f Tesly pracoval jako \u201ezvl\u00e1\u0161tn\u00ed vl\u00e1dn\u00ed zam\u011bstnanec\u201c, co\u017e je pozice, kter\u00e1 umo\u017e\u0148uje maxim\u00e1ln\u011b 130 dn\u00ed v roce. Od 20. ledna do 30. kv\u011btna je p\u0159esn\u011b 130 dn\u00ed \u2013 Musk\u016fv odchod byl tedy napl\u00e1nov\u00e1n od za\u010d\u00e1tku.<\/span><\/strong><\/p>\n<p><span>Mainstreamov\u00e1 m\u00e9dia \u2013\u00a0<\/span><a href=\"https:\/\/www.nytimes.com\/2025\/05\/28\/us\/politics\/elon-musk-trump-doge.html\"><span>nap\u0159\u00edklad New York Times<\/span><\/a><span> \u2013 se zoufale sna\u017eila z tohoto z\u00e1konem na\u0159\u00edzen\u00e9ho konce vybudovat drama. R\u016fzn\u00e1 mainstreamov\u00e1 m\u00e9dia fantaz\u00edruj\u00ed o \u201erozchodu\u201c mezi Trumpem a Muskem \u2013 ale datum bylo u\u017e d\u00e1vno stanoveno.<\/span><\/p>\n<h3 id=\"h-medien-marchen-vom-grossen-krach\" class=\"wp-block-heading\"><span>Medi\u00e1ln\u00ed poh\u00e1dka o velk\u00e9 hav\u00e1rii<\/span><\/h3>\n<p><span>Obzvl\u00e1\u0161t\u011b proradn\u00fd je zp\u016fsob, jak\u00fdm se zaveden\u00e1 m\u00e9dia sna\u017e\u00ed zdramatizovat Musk\u016fv pl\u00e1novan\u00fd odchod. Konstruuj\u00ed \u00fadajn\u00fd konflikt ohledn\u011b Trumpova bal\u00ed\u010dku v\u00fddaj\u016f, p\u0159esto\u017ee je pr\u00e1vn\u00ed situace naprosto jasn\u00e1: Z\u00e1kon o zvl\u00e1\u0161tn\u00edch vl\u00e1dn\u00edch zam\u011bstnanc\u00edch\u00a0<\/span><a href=\"https:\/\/x.com\/alx\/status\/1927943991330226378\"><span>omezuje jejich nasazen\u00ed<\/span><\/a><span>\u00a0na maxim\u00e1ln\u011b 130 dn\u00ed b\u011bhem 365 po sob\u011b jdouc\u00edch dn\u016f. Bod. Konec diskuse.<\/span><\/p>\n<p><span>\u201eM\u016fj pl\u00e1novan\u00fd \u010das jako zvl\u00e1\u0161tn\u00edho vl\u00e1dn\u00edho zam\u011bstnance se bl\u00ed\u017e\u00ed ke konci,\u201c\u00a0<\/span><a href=\"https:\/\/x.com\/elonmusk\/status\/1927877957852266518\"><span>napsal Musk spr\u00e1vn\u011b na<\/span><\/a><span>\u00a0X. Skute\u010dnost, \u017ee pod\u011bkoval Trumpovi za p\u0159\u00edle\u017eitost a zd\u016fraznil, \u017ee mise DOGE bude pokra\u010dovat, m\u00e9dia z\u00e1m\u011brn\u011b ignoruj\u00ed. Jeho faktick\u00e1 kritika v\u00fddajov\u00e9ho bal\u00ed\u010dku je m\u00edsto toho konstruov\u00e1na jako \u00fadajn\u00fd \u201erozchod\u201c \u2013 jako by n\u00e1zorov\u00e9 rozd\u00edly v politice byly n\u011bco neobvykl\u00e9ho.<\/span><\/p>\n<h3 id=\"h-die-realitat-hinter-den-schlagzeilen\" class=\"wp-block-heading\"><span>Realita za titulky<\/span><\/h3>\n<p><span>Pravda je mnohem jednodu\u0161\u0161\u00ed: Musk si odpykal z\u00e1konem stanoven\u00fd trest a vrac\u00ed se ke sv\u00fdm spole\u010dnostem. Jeho v\u00fdsledky jako \u0161\u00e9fa DOGE jsou sm\u00ed\u0161en\u00e9 \u2013 z p\u016fvodn\u011b sl\u00edben\u00fdch dvou bilion\u016f dolar\u016f \u00faspor nakonec zbylo 175 miliard, a\u010dkoli\u00a0<\/span><a href=\"https:\/\/thedailyguardian.com\/web-stories\/musks-130-day-doge-tenure-hits-and-misses\/\" target=\"_blank\" rel=\"noreferrer noopener\"><span>nez\u00e1visl\u00ed analytici mohli ov\u011b\u0159it pouze 61,5 miliardy<\/span><\/a><span> .<\/span><\/p>\n<p><span>T\u00e9m\u011b\u0159 60 000 feder\u00e1ln\u00edch zam\u011bstnanc\u016f bylo propu\u0161t\u011bno a dal\u0161\u00edch 76 000 p\u0159ijalo nab\u00eddky odstupn\u00e9ho \u2013 v p\u0159epln\u011bn\u00e9m st\u00e1tn\u00edm apar\u00e1tu se jedn\u00e1 o bezprecedentn\u00ed \u010dist\u00fd n\u00e1r\u016fst. Cel\u00e9 agentury jako ministerstvo \u0161kolstv\u00ed a AmeriCorps byly rozpu\u0161t\u011bny nebo drasticky zmen\u0161eny. V\u00fdsledek:\u00a0<\/span><a href=\"https:\/\/www.reuters.com\/world\/us\/us-judge-allows-states-lawsuit-against-doge-proceed-2025-05-27\/\" target=\"_blank\" rel=\"noreferrer noopener\"><span>v\u00edce ne\u017e dvacet soudn\u00edch p\u0159\u00edpad\u016f<\/span><\/a><span>\u00a0a pr\u00e1vn\u00ed chaos, kter\u00fd bude dozn\u00edvat je\u0161t\u011b mnoho let. Pro\u010d? Proto\u017ee syst\u00e9m chce zachovat s\u00e1m sebe.<\/span><\/p>\n<h3 id=\"h-tesla-zahlt-den-preis-fur-musks-politik-ausflug\" class=\"wp-block-heading\"><span>Tesla plat\u00ed za Muskovu politickou exkurzi<\/span><\/h3>\n<p><span>Zat\u00edmco Musk p\u016fsobil ve Washingtonu jako vl\u00e1dn\u00ed reform\u00e1tor, jeho hlavn\u00ed podnik\u00e1n\u00ed zna\u010dn\u011b utrp\u011blo. Vozidla Tesla se stala ter\u010dem levicov\u00fdch extremist\u016f a odp\u016frc\u016f Trumpa, kte\u0159\u00ed zapalovali auta a po\u0161kozovali je graffiti. Akcie\u00a0<\/span><a href=\"https:\/\/finance.yahoo.com\/quote\/TSLA\/\" target=\"_blank\" rel=\"noreferrer noopener\"><span>ztratily jeden\u00e1ct procent sv\u00e9 hodnoty<\/span><\/a><span>\u00a0\u2013 co\u017e byl p\u0159\u00edm\u00fd d\u016fsledek Muskov\u00fdch politick\u00fdch aktivit. Investo\u0159i na n\u011bj u\u017e t\u00fddny nal\u00e9haj\u00ed, aby se vr\u00e1til do Tesly.<\/span><\/p>\n<p><span>Jeho por\u00e1\u017eka v soudn\u00edch volb\u00e1ch ve Wisconsinu byla obzvl\u00e1\u0161t\u011b bolestiv\u00e1, kde nedok\u00e1zal prosadit konzervativn\u00edho kandid\u00e1ta i p\u0159es dary na kampa\u0148 ve v\u00fd\u0161i t\u0159\u00ed milion\u016f dolar\u016f.\u00a0<\/span><a href=\"https:\/\/www.nytimes.com\/2025\/03\/20\/us\/politics\/elon-musk-wisconsin-petition.html?searchResultPosition=4\" target=\"_blank\" rel=\"noreferrer noopener\"><span>New York Times tvrdil<\/span><\/a><span>\u00a0, \u017ee tato por\u00e1\u017eka p\u0159isp\u011bla k Muskov\u011b roz\u010darov\u00e1n\u00ed z politiky.\u00a0<\/span><a href=\"https:\/\/archive.md\/gb2nl\" target=\"_blank\" rel=\"noreferrer noopener\"><span>Agentura Reuters uvedla<\/span><\/a><span> , \u017ee Musk chce drasticky sn\u00ed\u017eit sv\u00e9 politick\u00e9 v\u00fddaje.<\/span><\/p>\n<h3 id=\"h-burokratie-starker-als-milliardare\" class=\"wp-block-heading\"><span>Byrokracie siln\u011bj\u0161\u00ed ne\u017e miliard\u00e1\u0159i<\/span><\/h3>\n<p><span>Musk\u016fv 130denn\u00ed experiment v\u0161ak odhalil limity toho, \u010deho m\u016f\u017ee ve Washingtonu dos\u00e1hnout i ten nejbohat\u0161\u00ed mu\u017e sv\u011bta. \u201eSituace feder\u00e1ln\u00ed byrokracie je mnohem hor\u0161\u00ed, ne\u017e jsem si p\u0159edstavoval,\u201c\u00a0<\/span><a href=\"https:\/\/www.washingtonpost.com\/politics\/2025\/05\/30\/elon-musk-doge-donald-trump\/a7e1899a-3d96-11f0-912d-d5f4792db3e4_story.html?itid=sr_1_9d9a5e52-e125-4d8d-bad9-f83152c478d5\" target=\"_blank\" rel=\"noreferrer noopener\"><span>st\u011b\u017eoval si den\u00edku Washington Post<\/span><\/a><span>\u00a0. Vz\u00e1cn\u00e9 p\u0159izn\u00e1n\u00ed od jinak sebev\u011bdom\u00e9ho technologick\u00e9ho magn\u00e1ta.<\/span><\/p>\n<p><span>Jeho po\u017eadavek na \u201enulov\u00e1 cla\u201c mezi USA a Evropou si vyslou\u017eil hn\u011bv protekcionist\u016f. Musk ve\u0159ejn\u011b nazval obchodn\u00edho poradce Petera Navarra \u201eidiotem\u201c \u2013 drsn\u00e1 slova, kter\u00e1 se v americk\u00fdch administrativ\u00e1ch sly\u0161\u00ed jen z\u0159\u00eddka. Jeho hn\u011bv kv\u016fli\u00a0<\/span><a href=\"https:\/\/archive.md\/x7lAc\" target=\"_blank\" rel=\"noreferrer noopener\"><span>miliardov\u00e9 dohod\u011b mezi Ab\u00fa Zab\u00edm a jeho konkurentem v oblasti um\u011bl\u00e9 inteligence OpenAI<\/span><\/a><span>\u00a0vyvolal nevoli i ve vl\u00e1dn\u00edm apar\u00e1tu.<\/span><\/p>\n<h3 id=\"h-gesetzliche-grenzen-nicht-personliche-differenzen\" class=\"wp-block-heading\"><span>Pr\u00e1vn\u00ed hranice, nikoli osobn\u00ed rozd\u00edly<\/span><\/h3>\n<p><span>B\u00edl\u00fd d\u016fm ji\u017e ozn\u00e1mil, \u017ee bude v misi DOGE pokra\u010dovat. Sn\u011bmovna reprezentant\u016f p\u0159ipravuje legislativn\u00ed bal\u00ed\u010dek, kter\u00fd m\u00e1 kodifikovat \u0161krty iniciovan\u00e9 Muskem. O \u201erozchodu\u201c s Trumpem nem\u016f\u017ee b\u00fdt \u0159e\u010d \u2013 naopak, spolupr\u00e1ce bude pokra\u010dovat na jin\u00e9 \u00farovni.<\/span><\/p>\n<p><span>Musk se nyn\u00ed vrac\u00ed do sv\u00fdch spole\u010dnost\u00ed \u2013 ne jako ne\u00fasp\u011b\u0161n\u00fd \u010dlov\u011bk, ale jako n\u011bkdo, kdo si odsed\u011bl z\u00e1konem stanoven\u00fd trest a alespo\u0148 v n\u011bkter\u00fdch oblastech dos\u00e1hl \u00fasp\u011bchu. Skute\u010dnost, \u017ee mainstreamov\u00e1 m\u00e9dia cht\u011bj\u00ed z toho vybudovat drama, odhaluje jejich zoufalou touhu skandalizovat i ten nejban\u00e1ln\u011bj\u0161\u00ed v\u00fdvoj. Pravda je jednoduch\u00e1: 130 dn\u00ed uplynulo, z\u00e1kon je z\u00e1kon. V\u0161echno ostatn\u00ed je medi\u00e1ln\u00ed divadlo pro kliky a cirkulaci.<\/span><\/p>\n<p><img decoding=\"async\" loading=\"lazy\" class=\"alignnone size-full wp-image-1185\" src=\"http:\/\/www.infokuryr.cz\/n\/wp-content\/uploads\/2021\/04\/kuryr-podpis.png\" alt=\"\" width=\"84\" height=\"24\" \/><\/p>\n<p>&nbsp;<\/p>\n","protected":false},"excerpt":{"rendered":"<p>To je konec velk\u00e9 revoluce v efektivit\u011b: Elon Musk opustil sv\u016fj post v Trumpov\u011b administrativ\u011b&#8230;<\/p>\n","protected":false},"author":2,"featured_media":80144,"comment_status":"closed","ping_status":"closed","sticky":false,"template":"","format":"standard","meta":[],"categories":[7],"tags":[3209,6975,1503,158,4353],"_links":{"self":[{"href":"https:\/\/www.infokuryr.cz\/n\/wp-json\/wp\/v2\/posts\/80143"}],"collection":[{"href":"https:\/\/www.infokuryr.cz\/n\/wp-json\/wp\/v2\/posts"}],"about":[{"href":"https:\/\/www.infokuryr.cz\/n\/wp-json\/wp\/v2\/types\/post"}],"author":[{"embeddable":true,"href":"https:\/\/www.infokuryr.cz\/n\/wp-json\/wp\/v2\/users\/2"}],"replies":[{"embeddable":true,"href":"https:\/\/www.infokuryr.cz\/n\/wp-json\/wp\/v2\/comments?post=80143"}],"version-history":[{"count":0,"href":"https:\/\/www.infokuryr.cz\/n\/wp-json\/wp\/v2\/posts\/80143\/revisions"}],"wp:featuredmedia":[{"embeddable":true,"href":"https:\/\/www.infokuryr.cz\/n\/wp-json\/wp\/v2\/media\/80144"}],"wp:attachment":[{"href":"https:\/\/www.infokuryr.cz\/n\/wp-json\/wp\/v2\/media?parent=80143"}],"wp:term":[{"taxonomy":"category","embeddable":true,"href":"https:\/\/www.infokuryr.cz\/n\/wp-json\/wp\/v2\/categories?post=80143"},{"taxonomy":"post_tag","embeddable":true,"href":"https:\/\/www.infokuryr.cz\/n\/wp-json\/wp\/v2\/tags?post=80143"}],"curies":[{"name":"wp","href":"https:\/\/api.w.org\/{rel}","templated":true}]}}