{"id":80132,"date":"2025-06-01T00:18:17","date_gmt":"2025-05-31T22:18:17","guid":{"rendered":"https:\/\/www.infokuryr.cz\/n\/?p=80132"},"modified":"2025-05-31T10:25:32","modified_gmt":"2025-05-31T08:25:32","slug":"tato-dystopie-by-nikdy-nebyla-prijata-bez-komplexni-indoktrinace","status":"publish","type":"post","link":"https:\/\/www.infokuryr.cz\/n\/2025\/06\/01\/tato-dystopie-by-nikdy-nebyla-prijata-bez-komplexni-indoktrinace\/","title":{"rendered":"Tato dystopie by nikdy nebyla p\u0159ijata bez komplexn\u00ed indoktrinace"},"content":{"rendered":"<div id=\"fb-root\"><\/div>\n<div class=\"elementor-element elementor-element-1fb4c2c elementor-widget elementor-widget-theme-post-content\" data-id=\"1fb4c2c\" data-element_type=\"widget\" data-widget_type=\"theme-post-content.default\">\n<div class=\"elementor-widget-container\">\n<p><strong>K tomu, abychom byli tak hloup\u00ed, je pot\u0159eba hodn\u011b vzd\u011bl\u00e1n\u00ed.<\/strong><\/p>\n<p><span>Nejsem politicky komplikovan\u00fd \u010dlov\u011bk. Mysl\u00edm, \u017ee genocida je \u0161patn\u00e1. Mysl\u00edm, \u017ee m\u00edr je dobr\u00fd. Nemysl\u00edm si, \u017ee by n\u011bkdo m\u011bl muset bojovat o p\u0159e\u017eit\u00ed v civilizaci, kter\u00e1 je schopna zajistit ob\u017eivu pro v\u0161echny. Mysl\u00edm, \u017ee bychom se m\u011bli sna\u017eit zachovat biosf\u00e9ru, na kter\u00e9 v\u0161ichni z\u00e1vis\u00ed p\u0159e\u017eit\u00ed.<\/span><\/p>\n<p><span>Pro m\u011b nejsou tyto zjevn\u00e9 postoje zalo\u017een\u00e9 na zdrav\u00e9m rozumu o nic pozoruhodn\u011bj\u0161\u00ed ani hlub\u0161\u00ed ne\u017e p\u0159esv\u011bd\u010den\u00ed, \u017ee bych si nem\u011bl strkat bradavku do dve\u0159\u00ed auta. Nemysl\u00edm si, \u017ee by m\u011b tyto n\u00e1zory m\u011bly odsunout na politick\u00fd okraj. Nemysl\u00edm si, \u017ee by m\u011b m\u011bli v\u00e9st k tomu, abych byl vn\u00edm\u00e1n jako n\u011bjak\u00fd radik\u00e1l. Nen\u00ed nerozumn\u00e9, \u017ee zast\u00e1v\u00e1m tyto n\u00e1zory; je nerozumn\u00e9, \u017ee to v\u0161ichni ostatn\u00ed ned\u011blaj\u00ed.<\/span><\/p>\n<p><span>Ale v takov\u00e9 spole\u010dnosti se dnes nach\u00e1z\u00edme. Z\u0159ejm\u00e9 je prezentov\u00e1no jako podivn\u00e9, zat\u00edmco podivn\u00e9 je prezentov\u00e1no jako z\u0159ejm\u00e9. Zdrav\u00ed je prezentov\u00e1no jako nemoc, zat\u00edmco nemoc je prezentov\u00e1na jako zdrav\u00ed. Um\u00edrn\u011bnost je prezentov\u00e1na jako extremismus, zat\u00edmco extremismus je prezentov\u00e1n jako um\u00edrn\u011bnost.<\/span><\/p>\n<p><span>\u017dijeme v pok\u0159iven\u00e9, zvr\u00e1cen\u00e9 dystopii, kde je v\u0161echno prav\u00fd opak toho, co by m\u011blo b\u00fdt, a my jsme podm\u00edn\u011bni myslet si, \u017ee je to norm\u00e1ln\u00ed a p\u0159ijateln\u00e9. Teprve kdy\u017e se ve v\u00e1s dostav\u00ed ur\u010dit\u00fd stupe\u0148 vhledu, rozhl\u00e9dnete se kolem sebe a uv\u011bdom\u00edte si, \u017ee \u017eijete v no\u010dn\u00ed m\u016f\u0159e \u0161\u00edlence. Do t\u00e9 doby tr\u00e1v\u00edte \u010das p\u0159em\u00fd\u0161len\u00edm, mluven\u00edm, hlasov\u00e1n\u00edm a chov\u00e1n\u00edm, jako by \u0161\u00edlen\u00fd status quo, ve kter\u00e9m \u017eijeme, byl um\u00edrn\u011bnou a o\u010dek\u00e1vanou realitou.<\/span><\/p>\n<p><span>Po cel\u00fd \u017eivot jsme cvi\u010deni k p\u0159esv\u011bd\u010den\u00ed, \u017ee toto peklo je zdrav\u00fdm a o\u010dek\u00e1van\u00fdm stavem pro n\u00e1\u0161 druh. Na\u0161i rodi\u010de a u\u010ditel\u00e9 n\u00e1m \u0159\u00edkaj\u00ed, \u017ee je norm\u00e1ln\u00ed, \u017ee v\u011bci jsou takov\u00e9, jak\u00e9 jsou. Na\u0161i experti a politici n\u00e1s uji\u0161\u0165uj\u00ed, \u017ee v\u011bci nemohou b\u00fdt jin\u00e9 a \u017ee \u017eijeme v nejlep\u0161\u00edm mo\u017en\u00e9m syst\u00e9mu.\u00a0<\/span><\/p>\n<p><span>Velk\u00e1 \u010d\u00e1st toho pramen\u00ed z toho, \u017ee jste vyr\u016fstali ve spole\u010dnosti, kter\u00e1 byla nemocn\u00e1 dlouho p\u0159edt\u00edm, ne\u017e jste se narodili, a \u017ee v\u00e1s vychov\u00e1vali a u\u010dili lid\u00e9, kte\u0159\u00ed tak\u00e9 vyr\u016fstali ve spole\u010dnosti, kter\u00e1 byla nemocn\u00e1 dlouho p\u0159edt\u00edm, ne\u017e se narodili oni. Objev\u00edme se tady, nic nev\u00edme, a pak n\u00e1s dosp\u011bl\u00ed u\u010d\u00ed o v\u00e1lce, pen\u011bz\u00edch, pr\u00e1ci a politice a uji\u0161\u0165uj\u00ed n\u00e1s, \u017ee na\u0161e po\u010d\u00e1te\u010dn\u00ed zd\u011b\u0161en\u00e1 reakce na v\u011bci, kter\u00e9 se dozv\u00edd\u00e1me, je jen nezral\u00e1 naivita ohledn\u011b n\u011b\u010deho kr\u00e1sn\u00e9ho a norm\u00e1ln\u00edho.<\/span><\/p>\n<p><span>Pokud jste n\u011bkdy m\u011bli tu sm\u016flu, \u017ee jste museli vyhl\u00e1sit v\u00e1lku d\u00edt\u011bti, pak v\u00edte, jak \u0161\u00edlen\u011b tato civilizace vypad\u00e1, kdy\u017e se na ni pod\u00edv\u00e1te nov\u00fdma o\u010dima. Nikdy jsem nemusel vysv\u011btlovat genocidu v Gaze mal\u00e9mu d\u00edt\u011bti, ale jsem si jist\u00fd, \u017ee by za\u017eily je\u0161t\u011b v\u011bt\u0161\u00ed \u0161ok a z\u00e1rmutek. D\u011bti maj\u00ed k takov\u00fdm v\u011bcem p\u0159irozen\u00fd, zdrav\u00fd odpor a pouze neust\u00e1lou indoktrinac\u00ed m\u016f\u017eeme jejich mysl p\u0159ekroutit tak, aby je vn\u00edmaly jako norm\u00e1ln\u00ed.<\/span><\/p>\n<p><span>K tomu, abychom byli tak hloup\u00ed, je pot\u0159eba hodn\u011b vzd\u011bl\u00e1n\u00ed. Na\u0161e mysl pot\u0159ebuje hodn\u011b tr\u00e9ninku, aby p\u0159ijala tuto hroznou dystopii jako z\u00e1kladn\u00ed normu. Proto m\u00e1 imp\u00e9rium, pod jeho\u017e veden\u00edm \u017eijeme, nejpropracovan\u011bj\u0161\u00ed\u00a0<\/span><a href=\"https:\/\/consortiumnews.com\/2023\/06\/05\/caitlin-johnstone-15-reasons-why-media-dont-do-journalism\/\" target=\"_blank\" rel=\"noreferrer noopener\"><span>dom\u00e1c\u00ed propagandistick\u00fd stroj<\/span><\/a><span>\u00a0v\u016fbec.<\/span><\/p>\n<p><span>Abychom z\u00edskali jasnost, mus\u00edme se nau\u010dit vid\u011bt nov\u00fdma o\u010dima. S nezaujat\u00fdma o\u010dima. O\u010di, kter\u00e9 nebyly zdvi\u017eeny ze sv\u00e9ho po\u010d\u00e1te\u010dn\u00edho zdrav\u00e9ho nutk\u00e1n\u00ed plakat nad t\u00edm, co d\u011bl\u00e1me a jak tady \u017eijeme. Pot\u0159ebujeme se spojit s intuic\u00ed v n\u00e1s, kter\u00e1 odm\u00edt\u00e1 nemoc na\u0161\u00ed spole\u010dnosti, jako by se s n\u00ed setkala poprv\u00e9.<\/span><\/p>\n<p><span>Nau\u010dit se \u010delit \u017eivotu v ka\u017ed\u00e9m okam\u017eiku znovu je ka\u017edop\u00e1dn\u011b dobr\u00e9 cvi\u010den\u00ed; D\u00edky tomu je \u017eivot mnohem p\u0159\u00edjemn\u011bj\u0161\u00ed a kr\u00e1sn\u011bj\u0161\u00ed a pom\u00e1h\u00e1 n\u00e1m \u017e\u00edt mnohem moud\u0159eji, proto\u017ee nereagujeme neust\u00e1le na star\u00e9 vzorce a o\u010dek\u00e1v\u00e1n\u00ed v neust\u00e1le se m\u011bn\u00edc\u00edm sv\u011bt\u011b. Ale jako bonus nav\u00edc to tak\u00e9 odlupuje toleranci, kterou jsme si vybudovali v\u016f\u010di zp\u011btn\u011b orientovan\u00e9mu \u0161\u00edlenstv\u00ed t\u00e9to \u0159\u00ed\u0161e, pod n\u00ed\u017e \u017eijeme.<\/span><\/p>\n<p><span>\u010c\u00edm m\u00e9n\u011b zdravou se v\u00e1m tato civilizace jev\u00ed, t\u00edm zdrav\u011bj\u0161\u00edmi se st\u00e1v\u00e1te. V\u0161echno na t\u00e9hle no\u010dn\u00ed m\u016f\u0159e vypad\u00e1 pro nepozorn\u00e9 o\u010di hr\u016fzostra\u0161n\u011b.<\/span><\/p>\n<p><strong><em>Caitlin Johnstone<\/em><\/strong><\/p>\n<\/div>\n<\/div>\n<div class=\"elementor-element elementor-element-8c57238 quelle dc-has-condition dc-condition-empty elementor-widget elementor-widget-heading\" data-id=\"8c57238\" data-element_type=\"widget\" data-widget_type=\"heading.default\">\n<div class=\"elementor-widget-container\">\n<h3 class=\"elementor-heading-title elementor-size-default\"><span style=\"font-size: 10pt;\"><a href=\"https:\/\/caitlinjohnstone.com.au\/2025\/05\/27\/this-dystopia-would-never-be-accepted-without-extensive-indoctrination\/\" target=\"_blank\" rel=\"nofollow noopener\">Zdroj<\/a><\/span><\/h3>\n<p>&nbsp;<\/p>\n<\/div>\n<\/div>\n","protected":false},"excerpt":{"rendered":"<p>K tomu, abychom byli tak hloup\u00ed, je pot\u0159eba hodn\u011b vzd\u011bl\u00e1n\u00ed. Nejsem politicky komplikovan\u00fd \u010dlov\u011bk. Mysl\u00edm,&#8230;<\/p>\n","protected":false},"author":2,"featured_media":80133,"comment_status":"closed","ping_status":"closed","sticky":false,"template":"","format":"standard","meta":[],"categories":[7],"tags":[9229,4372,794],"_links":{"self":[{"href":"https:\/\/www.infokuryr.cz\/n\/wp-json\/wp\/v2\/posts\/80132"}],"collection":[{"href":"https:\/\/www.infokuryr.cz\/n\/wp-json\/wp\/v2\/posts"}],"about":[{"href":"https:\/\/www.infokuryr.cz\/n\/wp-json\/wp\/v2\/types\/post"}],"author":[{"embeddable":true,"href":"https:\/\/www.infokuryr.cz\/n\/wp-json\/wp\/v2\/users\/2"}],"replies":[{"embeddable":true,"href":"https:\/\/www.infokuryr.cz\/n\/wp-json\/wp\/v2\/comments?post=80132"}],"version-history":[{"count":0,"href":"https:\/\/www.infokuryr.cz\/n\/wp-json\/wp\/v2\/posts\/80132\/revisions"}],"wp:featuredmedia":[{"embeddable":true,"href":"https:\/\/www.infokuryr.cz\/n\/wp-json\/wp\/v2\/media\/80133"}],"wp:attachment":[{"href":"https:\/\/www.infokuryr.cz\/n\/wp-json\/wp\/v2\/media?parent=80132"}],"wp:term":[{"taxonomy":"category","embeddable":true,"href":"https:\/\/www.infokuryr.cz\/n\/wp-json\/wp\/v2\/categories?post=80132"},{"taxonomy":"post_tag","embeddable":true,"href":"https:\/\/www.infokuryr.cz\/n\/wp-json\/wp\/v2\/tags?post=80132"}],"curies":[{"name":"wp","href":"https:\/\/api.w.org\/{rel}","templated":true}]}}