{"id":80129,"date":"2025-06-01T00:17:29","date_gmt":"2025-05-31T22:17:29","guid":{"rendered":"https:\/\/www.infokuryr.cz\/n\/?p=80129"},"modified":"2025-05-31T10:21:45","modified_gmt":"2025-05-31T08:21:45","slug":"zapad-na-vrcholu-umrtnosti-vychod-v-normalnim-rozmezi-dr-john-campbell-bije-na-poplach-mrna-vakciny-funguji","status":"publish","type":"post","link":"https:\/\/www.infokuryr.cz\/n\/2025\/06\/01\/zapad-na-vrcholu-umrtnosti-vychod-v-normalnim-rozmezi-dr-john-campbell-bije-na-poplach-mrna-vakciny-funguji\/","title":{"rendered":"Z\u00e1pad na vrcholu \u00famrtnosti, V\u00fdchod v norm\u00e1ln\u00edm rozmez\u00ed \u2013 Dr. John Campbell bije na poplach \u2013 mRNA vakc\u00edny funguj\u00ed"},"content":{"rendered":"<div id=\"fb-root\"><\/div>\n<p><strong><span>Nadm\u011brn\u00e1 \u00famrtnost v roce 2025: Dr. John Campbell vzn\u00e1\u0161\u00ed v\u00e1\u017en\u00e1 obvin\u011bn\u00ed proti politice o\u010dkov\u00e1n\u00ed mRNA \u2013 a proti ml\u010den\u00ed \u00fa\u0159ad\u016f<\/span><\/strong><\/p>\n<p><em><span>Zpr\u00e1va zalo\u017een\u00e1 na videu Dr. Johna Campbella \u201eNadm\u011brn\u00e1 \u00famrtnost 2025\u201c<\/span><\/em><\/p>\n<figure class=\"wp-block-embed is-type-video is-provider-youtube wp-block-embed-youtube wp-embed-aspect-16-9 wp-has-aspect-ratio\">\n<div class=\"wp-block-embed__wrapper\"><iframe loading=\"lazy\" title=\"Nadm\u011brn\u00e1 \u00famrt\u00ed v roce 2025\" src=\"https:\/\/www.youtube.com\/embed\/OlBvymt5bAs?feature=oembed\" width=\"800\" height=\"450\" frameborder=\"0\" allowfullscreen=\"allowfullscreen\" data-mce-fragment=\"1\"><\/iframe><\/div>\n<\/figure>\n<p><span>P\u011bt let po za\u010d\u00e1tku glob\u00e1ln\u00ed pandemie koronaviru \u0159ada z\u00e1padn\u00edch zem\u00ed nad\u00e1le zaznamen\u00e1v\u00e1 v\u00fdrazn\u011b zv\u00fd\u0161enou \u00famrtnost \u2013 a nikdo to z\u0159ejm\u011b nedok\u00e1\u017ee vysv\u011btlit ani objasnit. V nov\u00e9m, poutav\u00e9m videu britsk\u00fd zdravotn\u00ed v\u011bdec Dr. John Campbell prezentuje rozs\u00e1hl\u00e1 data o\u00a0<\/span><strong><span>prob\u00edhaj\u00edc\u00ed nadm\u011brn\u00e9 \u00famrtnosti<\/span><\/strong><span>\u00a0\u2013 a nastoluje nep\u0159\u00edjemn\u00e9 ot\u00e1zky o roli o\u010dkovac\u00ed politiky, pop\u00edr\u00e1n\u00ed dat a systematick\u00e9 ignorance.<\/span><\/p>\n<p><em>\u201eVe v\u011bt\u0161in\u011b z\u00e1padn\u00edch zem\u00ed um\u00edr\u00e1 st\u00e1le v\u00edce lid\u00ed, ne\u017e se o\u010dek\u00e1valo \u2013 ale ne ve v\u00fdchodn\u00ed Evrop\u011b. Jak\u00fd je v tom rozd\u00edl?\u201c \u2013 Dr. John Campbell<\/em><\/p>\n<h3 class=\"wp-block-heading\"><span>Z\u00e1padn\u00ed zem\u011b: Trvale rostouc\u00ed \u00famrtnost<\/span><\/h3>\n<p><span>Campbell \u010derp\u00e1 z dat z platformy\u00a0<\/span><em><span>Our World in Data<\/span><\/em><span>\u00a0a ukazuje, \u017ee v zem\u00edch, jako jsou\u00a0<\/span><strong><span>USA, Velk\u00e1 Brit\u00e1nie, Kanada, Austr\u00e1lie, Nov\u00fd Z\u00e9land, Nizozemsko, Irsko, N\u011bmecko, Francie, Izrael, Ji\u017en\u00ed Korea, Japonsko, Tchaj-wan<\/span><\/strong><span>\u00a0a\u00a0<\/span><strong><span>Singapur<\/span><\/strong><span>\u00a0, je nadm\u011brn\u00e1 \u00famrtnost po l\u00e9ta\u00a0<\/span><strong><span>trvale nad norm\u00e1lem<\/span><\/strong><span>\u00a0, \u010dasto v rozmez\u00ed\u00a0<\/span><strong><span>10 a\u017e 20 procent<\/span><\/strong><span>\u00a0, a v Japonsku n\u011bkdy\u00a0<\/span><strong><span>p\u0159es 27 procent<\/span><\/strong><span>\u00a0.<\/span><\/p>\n<p><span>Situace je o to alarmuj\u00edc\u00ed, \u017ee po pandemii by se o\u010dek\u00e1val pokles po\u010dtu \u00famrt\u00ed. Mnoho obzvl\u00e1\u0161t\u011b zraniteln\u00fdch lid\u00ed ji\u017e v roce 2020 zem\u0159elo \u2013 nap\u0159\u00edklad v d\u016fsledku nadm\u011brn\u00e9 l\u00e9\u010dby midazolamem nebo jin\u00fdch faktor\u016f v boji proti pandemii. \u00damrtnost m\u00edsto toho z\u016fst\u00e1v\u00e1 na \u201enevysv\u011btliteln\u011b vysok\u00e9 \u00farovni\u201c.<\/span><\/p>\n<h3 class=\"wp-block-heading\"><span>V\u00fdchodn\u00ed Evropa a Rusko: Kontrastn\u00ed obraz<\/span><\/h3>\n<p><span>Naproti tomu\u00a0<\/span><strong><span>Rusko, Rumunsko, Arm\u00e9nie, Gruzie a Kazachst\u00e1n\u00a0<\/span><\/strong><strong><span>hl\u00e1sily ni\u017e\u0161\u00ed<\/span><\/strong><span>\u00a0\u00famrtnost\u00a0, ne\u017e se o\u010dek\u00e1valo \u2013 p\u0159esn\u011b to, co by se dalo o\u010dek\u00e1vat po pandemii.<\/span><\/p>\n<p><span>Campbellova \u00fast\u0159edn\u00ed teze: Tyto zem\u011b se\u00a0<\/span><strong><span>zdr\u017eely \u0161irok\u00e9ho pou\u017e\u00edv\u00e1n\u00ed mRNA vakc\u00edn<\/span><\/strong><span>\u00a0, co\u017e m\u016f\u017ee hr\u00e1t rozhoduj\u00edc\u00ed roli. Korelace\u00a0<\/span><strong><span>je jasn\u011b viditeln\u00e1<\/span><\/strong><span>\u00a0\u2013 a nem\u011bla by b\u00fdt reflexivn\u011b ignorov\u00e1na.<\/span><\/p>\n<h3 class=\"wp-block-heading\"><span>\u201eKorelace nen\u00ed kauzalita\u201c? \u2013 Ale n\u011bkdy<\/span><\/h3>\n<p><span>Campbell v\u00fdslovn\u011b odm\u00edt\u00e1 nej\u010dast\u011bj\u0161\u00ed n\u00e1mitku: \u201eKorelace neznamen\u00e1 kauzalitu.\u201c P\u0159ipom\u00edn\u00e1 n\u00e1m, \u017ee\u00a0<\/span><strong><span>souvislosti mezi kou\u0159en\u00edm a rakovinou plic<\/span><\/strong><span>\u00a0,\u00a0<\/span><strong><span>azbestem a mezoteliomem<\/span><\/strong><span>\u00a0nebo\u00a0<\/span><strong><span>cukrem a obezitou<\/span><\/strong><span>\u00a0byly zpo\u010d\u00e1tku pouze korelacemi \u2013 dokud v\u00fdzkum nepotvrdil kauzalitu.<\/span><\/p>\n<p><em>\u201eNem\u016f\u017eete arogantn\u011b odm\u00edtat korelace. Mus\u00edte je br\u00e1t v\u00e1\u017en\u011b a v\u011bdecky je zkoumat.\u201c<\/em><\/p>\n<h3 class=\"wp-block-heading\"><span>V\u011bdeck\u00e9 selh\u00e1n\u00ed a potla\u010den\u00e9 osv\u00edcen\u00ed<\/span><\/h3>\n<p><span>Campbell je obzvl\u00e1\u0161t\u011b kritick\u00fd v\u016f\u010di skute\u010dnosti, \u017ee nap\u0159\u00edklad ve Spojen\u00e9m kr\u00e1lovstv\u00ed N\u00e1rodn\u00ed \u00fa\u0159ad pro zdravotn\u00ed data\u00a0<\/span><strong><span>ji\u017e nezve\u0159ej\u0148uje podrobn\u00e9 rozpisy<\/span><\/strong><span>\u00a0\u2013 nap\u0159\u00edklad o v\u011bkov\u00e9m slo\u017een\u00ed \u00famrt\u00ed.<\/span><br \/>\n<span>V zem\u00edch, jako jsou USA, vy\u0161et\u0159ov\u00e1n\u00ed za\u010d\u00edn\u00e1 pomalu, ale ve Spojen\u00e9m kr\u00e1lovstv\u00ed panuje\u00a0<\/span><strong><span>politick\u00e1 lhostejnost<\/span><\/strong><span>\u00a0k milion\u016fm potenci\u00e1ln\u011b zabr\u00e1niteln\u00fdch \u00famrt\u00ed.<\/span><\/p>\n<p><span>P\u0159ipom\u00edn\u00e1\u00a0<\/span><strong><span>krit\u00e9ria Bradford Hill<\/span><\/strong><span>\u00a0, kter\u00e1 lze pou\u017e\u00edt k identifikaci kauz\u00e1ln\u00edch vztah\u016f v epidemiologii \u2013 mnoho z t\u011bchto krit\u00e9ri\u00ed je\u00a0<\/span><strong><span>spln\u011bno<\/span><\/strong><span>\u00a0v p\u0159\u00edpad\u011b nadm\u011brn\u00e9 \u00famrtnosti :<\/span><\/p>\n<ul>\n<li><span>Konzistentn\u00ed data specifick\u00e1 pro danou zemi<\/span><\/li>\n<li><span>Pravd\u011bpodobn\u00e9 biologick\u00e9 mechanismy po\u0161kozen\u00ed mRNA vakc\u00ednou<\/span><\/li>\n<li><span>\u010casov\u00fd vztah mezi p\u0159\u00ed\u010dinou a n\u00e1sledkem<\/span><\/li>\n<li><span>Vztahy mezi d\u00e1vkou a odpov\u011bd\u00ed<\/span><\/li>\n<li><span>Potvrzen\u00ed z\u00e1kladn\u00edm v\u00fdzkumem<\/span><\/li>\n<li><span>\u010c\u00e1ste\u010dn\u00e1 reverzibilita<\/span><\/li>\n<\/ul>\n<p><em>\u201eV\u0161echno to tam je. A p\u0159esto to \u00fa\u0159ady ignoruj\u00ed.\u201c<\/em><\/p>\n<h3 class=\"wp-block-heading\"><span>Z\u00e1v\u011br: Ignorovan\u00e1 zdravotn\u00ed krize<\/span><\/h3>\n<p><span>Apel Dr. Campbella je jasn\u00fd:\u00a0<\/span><strong><span>pokra\u010duj\u00edc\u00ed nadm\u011brn\u00e1 \u00famrtnost v z\u00e1padn\u00edch zem\u00edch<\/span><\/strong><span>\u00a0nen\u00ed n\u00e1hoda, ale epidemiologick\u00fd varovn\u00fd sign\u00e1l \u2013 kter\u00fd je\u00a0<\/span><strong><span>systematicky potla\u010dov\u00e1n<\/span><\/strong><span>\u00a0.<\/span><br \/>\n<span>Vl\u00e1dy mus\u00ed\u00a0<\/span><strong><span>kone\u010dn\u011b v\u00e1\u017en\u011b prozkoumat<\/span><\/strong><span>\u00a0roli o\u010dkov\u00e1n\u00ed, zvl\u00e1d\u00e1n\u00ed pandemie a dal\u0161\u00edch faktor\u016f.<\/span><\/p>\n<p><em>\u201eMo\u017en\u00e1 u\u017e na lidsk\u00e9m \u017eivot\u011b prost\u011b nez\u00e1le\u017e\u00ed. Mo\u017en\u00e1 existuj\u00ed d\u016fle\u017eit\u011bj\u0161\u00ed v\u011bci. Ale myslel bych si, \u017ee na milionech zbyte\u010dn\u00fdch \u00famrt\u00ed n\u011bkomu z\u00e1le\u017e\u00ed.\u201c<\/p>\n<p><img decoding=\"async\" loading=\"lazy\" class=\"alignnone size-full wp-image-1185\" src=\"http:\/\/www.infokuryr.cz\/n\/wp-content\/uploads\/2021\/04\/kuryr-podpis.png\" alt=\"\" width=\"84\" height=\"24\" \/><\/p>\n<p><\/em><\/p>\n","protected":false},"excerpt":{"rendered":"<p>Nadm\u011brn\u00e1 \u00famrtnost v roce 2025: Dr. John Campbell vzn\u00e1\u0161\u00ed v\u00e1\u017en\u00e1 obvin\u011bn\u00ed proti politice o\u010dkov\u00e1n\u00ed mRNA&#8230;<\/p>\n","protected":false},"author":2,"featured_media":80130,"comment_status":"closed","ping_status":"closed","sticky":false,"template":"","format":"standard","meta":[],"categories":[7],"tags":[630,694,1569,3188,9228],"_links":{"self":[{"href":"https:\/\/www.infokuryr.cz\/n\/wp-json\/wp\/v2\/posts\/80129"}],"collection":[{"href":"https:\/\/www.infokuryr.cz\/n\/wp-json\/wp\/v2\/posts"}],"about":[{"href":"https:\/\/www.infokuryr.cz\/n\/wp-json\/wp\/v2\/types\/post"}],"author":[{"embeddable":true,"href":"https:\/\/www.infokuryr.cz\/n\/wp-json\/wp\/v2\/users\/2"}],"replies":[{"embeddable":true,"href":"https:\/\/www.infokuryr.cz\/n\/wp-json\/wp\/v2\/comments?post=80129"}],"version-history":[{"count":1,"href":"https:\/\/www.infokuryr.cz\/n\/wp-json\/wp\/v2\/posts\/80129\/revisions"}],"predecessor-version":[{"id":80131,"href":"https:\/\/www.infokuryr.cz\/n\/wp-json\/wp\/v2\/posts\/80129\/revisions\/80131"}],"wp:featuredmedia":[{"embeddable":true,"href":"https:\/\/www.infokuryr.cz\/n\/wp-json\/wp\/v2\/media\/80130"}],"wp:attachment":[{"href":"https:\/\/www.infokuryr.cz\/n\/wp-json\/wp\/v2\/media?parent=80129"}],"wp:term":[{"taxonomy":"category","embeddable":true,"href":"https:\/\/www.infokuryr.cz\/n\/wp-json\/wp\/v2\/categories?post=80129"},{"taxonomy":"post_tag","embeddable":true,"href":"https:\/\/www.infokuryr.cz\/n\/wp-json\/wp\/v2\/tags?post=80129"}],"curies":[{"name":"wp","href":"https:\/\/api.w.org\/{rel}","templated":true}]}}