{"id":80099,"date":"2025-05-31T06:39:50","date_gmt":"2025-05-31T04:39:50","guid":{"rendered":"https:\/\/www.infokuryr.cz\/n\/?p=80099"},"modified":"2025-05-31T06:39:50","modified_gmt":"2025-05-31T04:39:50","slug":"ukrajinske-drony-utoci-na-civilni-domy-v-zapadnim-rusku","status":"publish","type":"post","link":"https:\/\/www.infokuryr.cz\/n\/2025\/05\/31\/ukrajinske-drony-utoci-na-civilni-domy-v-zapadnim-rusku\/","title":{"rendered":"Ukrajinsk\u00e9 drony \u00fato\u010d\u00ed na civiln\u00ed domy v z\u00e1padn\u00edm Rusku"},"content":{"rendered":"<div id=\"fb-root\"><\/div>\n<h3>P\u0159i no\u010dn\u00edm \u00fatoku bylo zran\u011bno nejm\u00e9n\u011b 10 civilist\u016f, uvedl vysok\u00fd region\u00e1ln\u00ed \u00fa\u0159edn\u00edk<\/h3>\n<p data-start=\"100\" data-end=\"366\"><span>Ukrajinsk\u00e9 drony kamikadze za\u00fato\u010dily v \u010dasn\u00fdch rann\u00edch hodin\u00e1ch soboty na obytn\u00e9 oblasti v z\u00e1padn\u00ed \u010d\u00e1sti Ruska v Kursk\u00e9 oblasti a zranily 10 lid\u00ed, v\u010detn\u011b dvou d\u011bt\u00ed, uvedl \u00fa\u0159aduj\u00edc\u00ed guvern\u00e9r Alexandr Chin\u0161tejn.<\/span><\/p>\n<p data-start=\"572\" data-end=\"1000\"><span>Ve m\u011bst\u011b Rylsk zas\u00e1hly bezpilotn\u00ed letouny dva p\u011btipatrov\u00e9 bytov\u00e9 domy a zranily sedm lid\u00ed. Mezi ob\u011b\u0165mi je i rodina se dv\u011bma d\u011btmi, uvedl Chin\u0161tejn a dodal, \u017ee n\u011bkte\u0159\u00ed obyvatel\u00e9 byli hospitalizov\u00e1ni se zran\u011bn\u00edmi od \u0161rapnel\u016f.<\/span><\/p>\n<p data-start=\"572\" data-end=\"1000\"><span>V obci Artakovo drony po\u0161kodily dv\u011b budovy a gar\u00e1\u017e. Podle guvern\u00e9ra byla do nemocnice p\u0159ijata tak\u00e9 t\u0159\u00ed\u010dlenn\u00e1 rodina, kter\u00e1 se b\u011bhem \u00fatoku nach\u00e1zela uvnit\u0159 domu.<\/span><\/p>\n<div class=\"rtcode\">\n<div><iframe loading=\"lazy\" id=\"telegram-post-kurskadm-88676\" src=\"https:\/\/t.me\/kurskadm\/88676?embed=1\" width=\"100%\" height=\"\" frameborder=\"0\" scrolling=\"no\" data-mce-fragment=\"1\"><\/iframe><\/div>\n<\/div>\n<p><span>Ukrajina zintenzivnila \u00fatoky hluboko uvnit\u0159 Ruska pot\u00e9, co ob\u011b strany 16. kv\u011btna v Istanbulu uspo\u0159\u00e1daly prvn\u00ed p\u0159\u00edm\u00e1 jedn\u00e1n\u00ed za t\u0159i roky. Moskva navrhla kon\u00e1n\u00ed druh\u00e9ho kola jedn\u00e1n\u00ed 2. \u010dervna, ale Kyjev se k tomu dosud form\u00e1ln\u011b nezav\u00e1zal.<\/span><\/p>\n<p data-start=\"118\" data-end=\"345\"><span>Rusk\u00fd vyslanec Vasilij N\u011bbenzja b\u011bhem p\u00e1te\u010dn\u00edho zased\u00e1n\u00ed Rady bezpe\u010dnosti OSN obvinil Ukrajinu z\u00a0<\/span><em><span>\u201emanipulac\u00ed\u201c<\/span><\/em><span>\u00a0zam\u011b\u0159en\u00fdch na oklam\u00e1n\u00ed USA, kter\u00e9 se sna\u017e\u00ed zprost\u0159edkovat p\u0159\u00edm\u011b\u0159\u00ed mezi Moskvou a Kyjevem.<\/span><\/p>\n<p data-start=\"347\" data-end=\"506\"><span>Nebenzja odm\u00edtl tvrzen\u00ed, \u017ee ru\u0161t\u00ed voj\u00e1ci \u00famysln\u011b \u00fato\u010d\u00ed na civilisty na Ukrajin\u011b, a uvedl, \u017ee Rusko prov\u00e1d\u00ed \u00fadery pouze na vojensk\u00e9 c\u00edle.<\/span><\/p>\n<p data-start=\"347\" data-end=\"506\"><img decoding=\"async\" loading=\"lazy\" class=\"alignnone size-full wp-image-1185\" src=\"http:\/\/www.infokuryr.cz\/n\/wp-content\/uploads\/2021\/04\/kuryr-podpis.png\" alt=\"\" width=\"84\" height=\"24\" \/><\/p>\n<p data-start=\"347\" data-end=\"506\">\n","protected":false},"excerpt":{"rendered":"<p>P\u0159i no\u010dn\u00edm \u00fatoku bylo zran\u011bno nejm\u00e9n\u011b 10 civilist\u016f, uvedl vysok\u00fd region\u00e1ln\u00ed \u00fa\u0159edn\u00edk Ukrajinsk\u00e9 drony kamikadze&#8230;<\/p>\n","protected":false},"author":2,"featured_media":80100,"comment_status":"closed","ping_status":"closed","sticky":false,"template":"","format":"standard","meta":[],"categories":[7],"tags":[4099,2856,22,26,723],"_links":{"self":[{"href":"https:\/\/www.infokuryr.cz\/n\/wp-json\/wp\/v2\/posts\/80099"}],"collection":[{"href":"https:\/\/www.infokuryr.cz\/n\/wp-json\/wp\/v2\/posts"}],"about":[{"href":"https:\/\/www.infokuryr.cz\/n\/wp-json\/wp\/v2\/types\/post"}],"author":[{"embeddable":true,"href":"https:\/\/www.infokuryr.cz\/n\/wp-json\/wp\/v2\/users\/2"}],"replies":[{"embeddable":true,"href":"https:\/\/www.infokuryr.cz\/n\/wp-json\/wp\/v2\/comments?post=80099"}],"version-history":[{"count":0,"href":"https:\/\/www.infokuryr.cz\/n\/wp-json\/wp\/v2\/posts\/80099\/revisions"}],"wp:featuredmedia":[{"embeddable":true,"href":"https:\/\/www.infokuryr.cz\/n\/wp-json\/wp\/v2\/media\/80100"}],"wp:attachment":[{"href":"https:\/\/www.infokuryr.cz\/n\/wp-json\/wp\/v2\/media?parent=80099"}],"wp:term":[{"taxonomy":"category","embeddable":true,"href":"https:\/\/www.infokuryr.cz\/n\/wp-json\/wp\/v2\/categories?post=80099"},{"taxonomy":"post_tag","embeddable":true,"href":"https:\/\/www.infokuryr.cz\/n\/wp-json\/wp\/v2\/tags?post=80099"}],"curies":[{"name":"wp","href":"https:\/\/api.w.org\/{rel}","templated":true}]}}