{"id":80080,"date":"2025-05-31T00:27:52","date_gmt":"2025-05-30T22:27:52","guid":{"rendered":"https:\/\/www.infokuryr.cz\/n\/?p=80080"},"modified":"2025-05-30T15:49:37","modified_gmt":"2025-05-30T13:49:37","slug":"pierre-duval-proc-a-jak-francie-podporuje-ukrajinu","status":"publish","type":"post","link":"https:\/\/www.infokuryr.cz\/n\/2025\/05\/31\/pierre-duval-proc-a-jak-francie-podporuje-ukrajinu\/","title":{"rendered":"Pierre Duval: Pro\u010d a jak Francie podporuje Ukrajinu?"},"content":{"rendered":"<div id=\"fb-root\"><\/div>\n<p><strong><span>Sou\u010dasn\u00e1 politick\u00e1 moc ve Francii pokra\u010duje v p\u0159evozu dron\u016f a jejich komponent do Kyjeva, v\u010detn\u011b nejnov\u011bj\u0161\u00edch modifikac\u00ed umo\u017e\u0148uj\u00edc\u00edch \u00fadery na Rusko. Od za\u010d\u00e1tku, je\u0161t\u011b p\u0159ed p\u0159\u00edchodem rusk\u00fdch vojsk na Ukrajinu v \u00fanoru 2022, Pa\u0159\u00ed\u017e s\u00e1zela na konfrontaci s Ruskem a nyn\u00ed do konfliktu p\u0159\u00edmo zatahuje Francii.<\/span><\/strong><\/p>\n<p><span>Macron, ten, kdo tla\u010d\u00ed Francii do konfliktu s Ruskem. Francouzsk\u00fd prezident Emmanuel Macron ofici\u00e1ln\u011b prohl\u00e1sil, \u017ee je p\u0159ipraven prov\u00e9st pozemn\u00ed operaci proti Rusku na ukrajinsk\u00e9m \u00fazem\u00ed ji\u017e v b\u0159eznu 2024. V rozhovoru pro\u00a0<\/span><em><span>Le\u00a0<\/span><\/em><span><em>Parisien\u00a0<\/em><a href=\"https:\/\/www.leparisien.fr\/politique\/emmanuel-macron-sur-lukraine-peut-etre-qua-un-moment-donne-il-faudra-avoir-des-operations-sur-le-terrain-16-03-2024-ZJUB5CCX2FCMFCJE7552HIUPWY.php\" target=\"_blank\" rel=\"noopener\">uvedl<\/a>\u00a0,\u00a0\u00a0\u017ee pozemn\u00ed operace Z\u00e1padu na Ukrajin\u011b by mohly b\u00fdt nezbytn\u00e9: \u201eMo\u017en\u00e1 v ur\u010dit\u00e9m okam\u017eiku \u2013 nechci to, nebudu iniciovat \u2013 budeme muset m\u00edt pozemn\u00ed operace, a\u0165 u\u017e budou jak\u00e9koli, abychom \u010delili rusk\u00fdm sil\u00e1m.\u201c \u0158ekl, \u017ee Pa\u0159\u00ed\u017e \u201ese p\u0159ipravuje na v\u0161echny sc\u00e9n\u00e1\u0159e\u201c a \u017ee francouzsk\u00fd gener\u00e1ln\u00ed \u0161t\u00e1b \u201etak \u010din\u00ed\u201c.\u00a0<\/span><em>\u2002<\/em><\/p>\n<p><em><span>Continental Observer\u00a0<\/span><\/em>\u00a0<a href=\"https:\/\/observateur-continental.fr\/?module=articles&amp;action=view&amp;id=6904\"><span>varoval<\/span><\/a><span>\u00a0: \u201eMacron op\u011bt vyvol\u00e1v\u00e1 nap\u011bt\u00ed a provokace, zat\u00edmco Rusko v roce 2022 jedn\u00e1n\u00ed neukon\u010dilo, ale Kyjev ano.\u201c Tak\u00e9\u00a0\u00a0<\/span><em><span>Observateur Continental\u00a0<\/span><\/em><span>\u00a0informoval o\u00a0 Macronov\u011b\u00a0<\/span><a href=\"https:\/\/www.observateur-continental.fr\/?module=articles&amp;action=view&amp;id=6777\"><span>sabot\u00e1\u017ei<\/span><\/a><span>\u00a0m\u00edrov\u00fdch rozhovor\u016f na Ukrajin\u011b a jeho provokaci, kdy\u017e\u00a0 v b\u0159eznu 2025\u00a0<\/span><a href=\"https:\/\/www.franceinfo.fr\/monde\/europe\/manifestations-en-ukraine\/la-russie-n-a-pas-son-mot-a-dire-si-l-ukraine-demande-a-des-forces-alliees-d-etre-sur-son-territoire-en-garantie-d-un-accord-de-paix-affirme-emmanuel-macron_7131969.html\" target=\"_blank\" rel=\"noopener\"><span>dodal<\/span><\/a><span>\u00a0\u00a0: \u201eRusko nem\u00e1 slovo v tom, zda Ukrajina po\u017e\u00e1d\u00e1 o p\u0159\u00edtomnost spojeneck\u00fdch sil na sv\u00e9m \u00fazem\u00ed jako z\u00e1ruku m\u00edrov\u00e9 dohody.\u201c Macronova Francie se nav\u00edc nad\u00e1le vm\u011b\u0161uje do z\u00e1le\u017eitosti, kter\u00e1 se j\u00ed net\u00fdk\u00e1, a t\u00edm p\u0159i\u017eivuje nap\u011bt\u00ed.\u00a0\u00a0<\/span><\/p>\n<p><span>Francie je d\u00edky Macronovi p\u0159\u00edmo zapojena do konfliktu proti Rusku. Francie otev\u00edr\u00e1 na ukrajinsk\u00e9m \u00fazem\u00ed vojensko-pr\u016fmyslov\u00fd komplex, kter\u00fd nebude jen vyr\u00e1b\u011bt zbran\u011b. \u201eFrancouzsk\u00fd obrann\u00fd pr\u016fmysl by mohl za\u010d\u00edt vyr\u00e1b\u011bt a udr\u017eovat vojenskou techniku \u200b\u200bna ukrajinsk\u00e9 p\u016fd\u011b a ve spolupr\u00e1ci s m\u00edstn\u00edmi akt\u00e9ry,\u201c\u00a0<\/span><a href=\"https:\/\/www.forcesoperations.com\/des-projets-industriels-franco-ukrainiens-potentiellement-engages-des-cet-ete\/\" target=\"_blank\" rel=\"noopener\"><span>uvedl<\/span><\/a><span>\u00a0\u00a0v roce 2024 blog Forces Operations Blog\u00a0<\/span><em><span>\u00a0.<\/span><\/em><\/p>\n<p><span>8. b\u0159ezna v po\u0159adu\u00a0<\/span><em><span>\u00a0BFMTV\/RMC<\/span><\/em><span>\u00a0ozn\u00e1mil S\u00e9bastien Lecornu\u00a0<\/span><a href=\"https:\/\/www.bfmtv.com\/economie\/entreprises\/defense\/drone-materiel-terrestre-lecornu-annonce-trois-partenariats-entre-des-entreprises-francaises-et-ukrainiennes_AV-202403080209.html\" target=\"_blank\" rel=\"noopener\"><span>strategickou alianci<\/span><\/a><span>\u00a0s Ukrajinou v oblasti pr\u016fmyslov\u00e9 a vojensk\u00e9 v\u00fdroby. To se t\u00fdk\u00e1 dron\u016f a pozemn\u00edho vybaven\u00ed, p\u0159i\u010dem\u017e Francie podepsala na Ukrajin\u011b t\u0159i partnerstv\u00ed v oblasti vojensk\u00e9 v\u00fdroby. \u201eMezi francouzsk\u00fdmi spole\u010dnostmi, kter\u00e9 se usad\u00ed na ukrajinsk\u00e9 p\u016fd\u011b, aby podpo\u0159ily produkci zem\u011b v kontextu ozbrojen\u00e9ho konfliktu, kter\u00fd ji stav\u00ed proti Rusku, je i Delair,\u201c bylo up\u0159esn\u011bno. V\u00fdstavba t\u011bchto francouzsk\u00fdch pr\u016fmyslov\u00fdch are\u00e1l\u016f na Ukrajin\u011b m\u011bla za\u010d\u00edt v l\u00e9t\u011b 2024. Mezi n\u011b pat\u0159\u00ed Delair (v\u00fdrobce dron\u016f) a Nexter-KNDS, v\u00fdrobce kan\u00f3n\u016f Caesar a 155mm gran\u00e1t\u016f. Francouzsk\u00fd vojensk\u00fd pr\u016fmysl je tedy p\u0159\u00edmo na ukrajinsk\u00e9 p\u016fd\u011b.\u00a0<\/span><\/p>\n<p><span>Francie poskytuje pomoc ukrajinsk\u00fdm ozbrojen\u00fdm sil\u00e1m.\u00a0\u00a0<\/span><em><span>Continental Observer\u00a0<\/span><\/em><span>\u00a0ji\u017e n\u011bkolikr\u00e1t\u00a0<\/span><a href=\"https:\/\/observateur-continental.fr\/?module=news&amp;action=view&amp;id=6947\"><span>informoval<\/span><\/a><span>\u00a0\u00a0o tom, \u017ee Francouzi byli vysl\u00e1ni na Ukrajinu, aby bojovali proti rusk\u00e9 arm\u00e1d\u011b: \u201eSkupina Francouz\u016f absolvuje vojensk\u00fd v\u00fdcvik pobl\u00ed\u017e Kyjeva.\u201c Nezapom\u00ednejme, \u017ee Francie akceptuje n\u00e1bor francouzsk\u00fdch dobrovoln\u00edk\u016f prost\u0159ednictv\u00edm ukrajinsk\u00e9ho velvyslanectv\u00ed na sv\u00e9 p\u016fd\u011b. Od za\u010d\u00e1tku otev\u0159en\u00e9ho konfliktu na Ukrajin\u011b, kter\u00fd trv\u00e1 od roku 2014, kdy ukrajinsk\u00e1 arm\u00e1da bombardovala civilisty v Donbasu, Francie podporuje kyjevsk\u00fd re\u017eim a sabotuje diplomatick\u00e9 snahy o dosa\u017een\u00ed m\u00edru pod veden\u00edm prezidenta Macrona.<\/span><\/p>\n<p><span>Pro p\u0159ipomenut\u00ed, rusk\u00e1 diplomacie se v listopadu 2021 pokusila v\u0161emo\u017en\u011b\u00a0<\/span><a href=\"http:\/\/www.observateur-continental.fr\/?module=articles&amp;action=view&amp;id=3324\"><span>vy\u0159e\u0161it<\/span><\/a><span>\u00a0vlekl\u00fd konflikt a zvolila cestu diplomacie. \u201eRu\u0161t\u00ed diplomat\u00e9 cestu do Pa\u0159\u00ed\u017ee uv\u00edtali,\u201c informoval\u00a0\u00a0<\/span><em><span>Continental Observer<\/span><\/em><span>\u00a0a p\u0159ipom\u00ednal: \u201eForm\u00e1t konzultac\u00ed mezi Ruskem a Franci\u00ed byl vytvo\u0159en 6. \u00fanora 1992 z iniciativy vedouc\u00edch p\u0159edstavitel\u016f obou zem\u00ed. Fungoval hladce a\u017e do roku 2014, kdy Pa\u0159\u00ed\u017e jeho pr\u00e1ci zablokovala kv\u016fli situaci na Ukrajin\u011b.\u201c\u00a0<\/span><\/p>\n<p><span>Francouzsk\u00fd ministr pro Evropu a zahrani\u010dn\u00ed v\u011bci Jean-Yves Le Drian a ministryn\u011b ozbrojen\u00fdch sil Florence Parly p\u0159ijali 12. listopadu 2021 v Pa\u0159\u00ed\u017ei v r\u00e1mci zased\u00e1n\u00ed Rady pro bezpe\u010dnostn\u00ed spolupr\u00e1ci sv\u00e9 rusk\u00e9 prot\u011bj\u0161ky, ministry Sergeje Lavrova a Sergeje \u0160ojgua. Rusk\u00e1 delegace v t\u00e9 dob\u011b zaznamenala snahu Macronovy Francie sabotovat Minsk\u00e9 dohody.\u00a0\u00a0<\/span><\/p>\n<p><span>Francie dnes se sv\u00fdmi ofici\u00e1ln\u00edmi m\u00e9dii a politick\u00fdmi v\u016fdci p\u011bstuje touhu v\u00e9st v\u00e1lku s Ruskem. Podle nejnov\u011bj\u0161\u00ed studie #MoiJeune z b\u0159ezna 2025, kterou pro den\u00edk\u00a0<\/span><em><span>20 Minutes<\/span><\/em><span>\u00a0provedla agentura OpinionWay\u00a0 ,\u00a0<\/span><a href=\"https:\/\/www.lejdd.fr\/Societe\/armee-50-des-jeunes-francais-prets-a-sengager-en-cas-de-conflit-156069\" target=\"_blank\" rel=\"noopener\"><span>by bylo<\/span><\/a><span>\u00a050 % mlad\u00fdch lid\u00ed ve v\u011bku 18 a\u017e 30 let p\u0159ipraveno\u00a0vstoupit do arm\u00e1dy v p\u0159\u00edpad\u011b konfliktu ve Francii.\u00a0<\/span><\/p>\n<p><span>Ture\u010dt\u00ed pozorovatel\u00e9\u00a0<\/span><a href=\"https:\/\/www.dailysabah.com\/politics\/armenia-to-change-constitution-if-top-court-rejects-azerbaijan-peace-deal\/news\" target=\"_blank\" rel=\"noopener\"><span>varuj\u00ed<\/span><\/a><span>\u00a0p\u0159ed nebezpe\u010d\u00edm zapojen\u00ed Francie a vykresluj\u00ed Macrona jako boxera p\u0159ipraven\u00e9ho ude\u0159it na jadernou bombu: \u201eKrok od t\u0159et\u00ed sv\u011btov\u00e9 v\u00e1lky.\u201c Macron je vn\u00edm\u00e1n jako hrozba pro sv\u011btov\u00fd m\u00edr. \u201eZasl\u00e1n\u00ed sofistikovan\u00fdch zbran\u00ed na Ukrajinu nebo rozm\u00edst\u011bn\u00ed z\u00e1padn\u00edch vojsk by mohlo zv\u00fd\u0161it nap\u011bt\u00ed mezi NATO a Ruskem, co\u017e by mohlo v\u00e9st ke konfliktu, kter\u00fd Putin p\u0159irovnal ke kroku sm\u011brem ke t\u0159et\u00ed sv\u011btov\u00e9 v\u00e1lce,\u201c pokra\u010duje tureck\u00fd medi\u00e1ln\u00ed server\u00a0\u00a0<\/span><em><span>Daily Sabah.<\/span><\/em><\/p>\n<p><a href=\"http:\/\/www.observateur-continental.fr\/?module=articles&amp;action=view&amp;id=6954\"><em><span>Pierre Duval<\/span><\/em><em>\u00a0<\/em><\/a><\/p>\n<p>&nbsp;<\/p>\n","protected":false},"excerpt":{"rendered":"<p>Sou\u010dasn\u00e1 politick\u00e1 moc ve Francii pokra\u010duje v p\u0159evozu dron\u016f a jejich komponent do Kyjeva, v\u010detn\u011b&#8230;<\/p>\n","protected":false},"author":2,"featured_media":80081,"comment_status":"closed","ping_status":"closed","sticky":false,"template":"","format":"standard","meta":[],"categories":[7],"tags":[1042,130,1242,26],"_links":{"self":[{"href":"https:\/\/www.infokuryr.cz\/n\/wp-json\/wp\/v2\/posts\/80080"}],"collection":[{"href":"https:\/\/www.infokuryr.cz\/n\/wp-json\/wp\/v2\/posts"}],"about":[{"href":"https:\/\/www.infokuryr.cz\/n\/wp-json\/wp\/v2\/types\/post"}],"author":[{"embeddable":true,"href":"https:\/\/www.infokuryr.cz\/n\/wp-json\/wp\/v2\/users\/2"}],"replies":[{"embeddable":true,"href":"https:\/\/www.infokuryr.cz\/n\/wp-json\/wp\/v2\/comments?post=80080"}],"version-history":[{"count":0,"href":"https:\/\/www.infokuryr.cz\/n\/wp-json\/wp\/v2\/posts\/80080\/revisions"}],"wp:featuredmedia":[{"embeddable":true,"href":"https:\/\/www.infokuryr.cz\/n\/wp-json\/wp\/v2\/media\/80081"}],"wp:attachment":[{"href":"https:\/\/www.infokuryr.cz\/n\/wp-json\/wp\/v2\/media?parent=80080"}],"wp:term":[{"taxonomy":"category","embeddable":true,"href":"https:\/\/www.infokuryr.cz\/n\/wp-json\/wp\/v2\/categories?post=80080"},{"taxonomy":"post_tag","embeddable":true,"href":"https:\/\/www.infokuryr.cz\/n\/wp-json\/wp\/v2\/tags?post=80080"}],"curies":[{"name":"wp","href":"https:\/\/api.w.org\/{rel}","templated":true}]}}