{"id":80066,"date":"2025-05-31T00:25:05","date_gmt":"2025-05-30T22:25:05","guid":{"rendered":"https:\/\/www.infokuryr.cz\/n\/?p=80066"},"modified":"2025-05-30T12:33:22","modified_gmt":"2025-05-30T10:33:22","slug":"na-zapade-vane-zlovestny-vitr-neuveritelna-data-ukazuji-masivni-demografickou-transformaci-v-rakousku","status":"publish","type":"post","link":"https:\/\/www.infokuryr.cz\/n\/2025\/05\/31\/na-zapade-vane-zlovestny-vitr-neuveritelna-data-ukazuji-masivni-demografickou-transformaci-v-rakousku\/","title":{"rendered":"\u201eNa z\u00e1pad\u011b vane zlov\u011bstn\u00fd v\u00edtr\u201c \u2013 Neuv\u011b\u0159iteln\u00e1 data ukazuj\u00ed masivn\u00ed demografickou transformaci v Rakousku"},"content":{"rendered":"<div id=\"fb-root\"><\/div>\n<h3 class=\"s-tagline fw-tagline\"><span>51,8 % d\u011bt\u00ed v Salcburku nemluv\u00ed doma n\u011bmecky, zat\u00edmco v n\u011bkter\u00fdch okresech V\u00eddn\u011b je tento pod\u00edl vy\u0161\u0161\u00ed ne\u017e 80 %<\/span><\/h3>\n<p><span>Nov\u00e9 \u00fadaje o procentu lid\u00ed v Rakousku, kte\u0159\u00ed doma nemluv\u00ed n\u011bmecky, podle ma\u010farsk\u00e9ho ekonoma podtrhuj\u00ed, jak masivn\u00ed byla demografick\u00e1 transformace v zemi.<\/span><\/p>\n<p><span>\u201eNa Z\u00e1pad\u011b vane zlov\u011bstn\u00fd v\u00edtr,\u201c napsal ekonom G\u00e9za Sebesty\u00e9n\u00a0<\/span><a href=\"https:\/\/www.facebook.com\/sebestyengezaofficial\/photos\/%EF%B8%8F-balj%C3%B3s-szelek-f%C3%BAjnak-nyugatr%C3%B3l-a-legfrissebb-osztr%C3%A1k-statisztik%C3%A1k-szerint-az-a\/665187349823573\/?_rdr\"><span>na sv\u00e9 facebookov\u00e9 str\u00e1nce<\/span><\/a><span>\u00a0spolu s ohromuj\u00edc\u00edmi \u00fadaji.<\/span><\/p>\n<p><span>\u201ePodle nejnov\u011bj\u0161\u00edch rakousk\u00fdch statistik je t\u0159etina (32,8 %) \u017e\u00e1k\u016f z\u00e1kladn\u00edch \u0161kol v Rakousku rodil\u00fdmi mluv\u010d\u00edmi n\u011bm\u010diny. Ve m\u011bstech je tento pod\u00edl je\u0161t\u011b vy\u0161\u0161\u00ed: nap\u0159\u00edklad v Salcburku nemluv\u00ed doma n\u011bmecky ka\u017ed\u00e9 druh\u00e9 d\u00edt\u011b (51,8 %),\u201c poznamenal.\u00a0<\/span><\/p>\n<p><span>P\u0159\u00edsp\u011bvek obsahoval mapu s rozd\u011blen\u00edm jednotliv\u00fdch region\u016f Rakouska a ukazuj\u00edc\u00ed obrovsk\u00fd pod\u00edl d\u011bt\u00ed, kter\u00e9 doma nemluv\u00ed n\u011bmecky jako sv\u00fdm prvn\u00edm jazykem.<\/span><\/p>\n<p><iframe loading=\"lazy\" src=\"https:\/\/www.facebook.com\/plugins\/post.php?href=https%3A%2F%2Fwww.facebook.com%2Fsebestyengezaofficial%2Fposts%2Fpfbid027GusRHeBmeKPn6kChcWUeGBAcbJ8nenEnSsnyF5gSmmvE3c1oX1FpH5CMSyDgD7Tl&amp;show_text=true&amp;width=500\" width=\"500\" height=\"413\" frameborder=\"0\" scrolling=\"no\" allowfullscreen=\"allowfullscreen\" data-mce-fragment=\"1\"><\/iframe><\/p>\n<p><span>Sebesty\u00e9n, vedouc\u00ed workshopu MCC pro hospod\u00e1\u0159skou politiku, uk\u00e1zal, \u017ee Ma\u010farsko mohlo skon\u010dit jako Rakousko, kdyby se ne\u0159\u00eddilo politikou Viktora Orb\u00e1na, kter\u00fd uzav\u0159el hranice a odm\u00edtl masovou imigraci. Varoval, \u017ee Ma\u010farsko by se mohlo vyzna\u010dovat multikulturalismem, kter\u00fd Raku\u0161an\u00e9 st\u00e1le v\u00edce pova\u017euj\u00ed za odcizuj\u00edc\u00ed a pln\u00fd kriminality.<\/span><\/p>\n<p><span>\u201eV n\u011bkter\u00fdch v\u00edde\u0148sk\u00fdch \u010dtvrt\u00edch,\u201c pokra\u010duje jeho p\u0159\u00edsp\u011bvek, \u201eje situace ji\u017e dramatick\u00e1: v Brigittenau a Margaretenu je pod\u00edl lid\u00ed, kte\u0159\u00ed v rodinn\u00e9m prost\u0159ed\u00ed nemluv\u00ed n\u011bmecky, p\u0159es 80 %.\u201c<\/span><\/p>\n<p><span>Sebesty\u00e9n ozna\u010dil nejnov\u011bj\u0161\u00ed data za \u201ezn\u00e1mky soci\u00e1ln\u00ed transformace, kter\u00e9 utv\u00e1\u0159ej\u00ed budoucnost Evropy\u201c, co\u017e je trend, kter\u00fd, pokud bude pokra\u010dovat, povede ke ztr\u00e1t\u011b charakteru n\u00e1rodn\u00edho st\u00e1tu Rakouskem. \u0158\u00edk\u00e1, \u017ee se \u201estane jedn\u00edm z \u010dlensk\u00fdch st\u00e1t\u016f EU, pro kter\u00e9 je \u201aEvropa n\u00e1rod\u016f\u2018 no\u010dn\u00ed m\u016frou\u201c.<\/span><\/p>\n<p><span>Sebesty\u00e9n pot\u00e9 pouk\u00e1zal na to, \u017ee pr\u00e1v\u011b takov\u00e9 statistiky jsou d\u016fvodem, pro\u010d Ma\u010farsko nad\u00e1le bojuje proti \u201enadm\u011brn\u00e9 imigraci\u201c.<\/span><\/p>\n<p><span>Jak ji\u017e v minulosti informoval server Remix News, t\u0159i ze \u010dty\u0159 student\u016f v\u00edde\u0148sk\u00e9 z\u00e1kladn\u00ed \u0161koly doma nemluv\u00ed n\u011bmecky.<\/span><\/p>\n<figure class=\"wp-block-embed is-type-rich is-provider-twitter wp-block-embed-twitter\">\n<div class=\"wp-block-embed__wrapper\"><a href=\"https:\/\/twitter.com\/RMXnews\/status\/1851286602691092735\"><span>https:\/\/twitter.com\/RMXnews\/status\/1851286602691092735<\/span><\/a><\/div>\n<\/figure>\n<p><span>Data p\u0159ich\u00e1zej\u00ed ve stejnou dobu, kdy rakousk\u00fd politik Herbert Kickl, l\u00eddr Rakousk\u00e9 strany svobody (FP\u00d6), promluvil na CPAC Hungary. Varoval p\u0159ed masivn\u00ed demografickou transformac\u00ed, kter\u00e1 prob\u00edh\u00e1 v jeho zemi i v cel\u00e9 Evrop\u011b, p\u0159i\u010dem\u017e pr\u016fzkumy ve\u0159ejn\u00e9ho m\u00edn\u011bn\u00ed ukazuj\u00ed, \u017ee v\u011bt\u0161ina Evropan\u016f je s touto transformac\u00ed nesouhlas\u00ed \u2013 p\u0159esto jsou t\u00e9m\u011b\u0159 bezmocn\u00ed ji zastavit.<\/span><\/p>\n<p><span>\u201eTo, co se d\u011bje v Evrop\u011b, nen\u00ed n\u00e1hoda. Je to v\u00fdsledek agendy, v\u011bdom\u011b \u0159\u00edzen\u00e9 etnick\u00e9 a kulturn\u00ed transformace. Proto\u017ee migrace nen\u00ed zastavov\u00e1na, ne, je organizov\u00e1na, propagov\u00e1na a oslavov\u00e1na. Nevl\u00e1dn\u00ed organizace nejsou u\u0161lechtil\u00fdmi humanit\u00e1rn\u00edmi organizacemi, jsou sou\u010d\u00e1st\u00ed pa\u0161er\u00e1ck\u00fdch s\u00edt\u00ed s politick\u00fdm a ideologick\u00fdm posl\u00e1n\u00edm,\u201c \u0159ekl Kickl.<\/span><\/p>\n<p><span>\u201eIntegrace je le\u017e, proto\u017ee znamen\u00e1, \u017ee by se v\u011bt\u0161ina m\u011bla p\u0159izp\u016fsobit men\u0161in\u011b. A n\u00e1\u0161 soci\u00e1ln\u00ed st\u00e1t slou\u017e\u00ed st\u00e1le m\u00e9n\u011b t\u011bm, kte\u0159\u00ed p\u0159evzali odpov\u011bdnost za sebe, za sv\u00e9 rodiny, za svou vlast. M\u011bn\u00ed se v all-inclusive klub pro lidi, kte\u0159\u00ed cestuj\u00ed tis\u00edce kilometr\u016f, aby vyu\u017eili na\u0161ich \u00fasp\u011bch\u016f,\u201c dodal.<\/span><\/p>\n<p><span>V\u011bt\u0161ina Raku\u0161an\u016f nen\u00ed spokojena s demografickou transformac\u00ed sv\u00e9 zem\u011b, p\u0159i\u010dem\u017e\u00a0<\/span><a href=\"https:\/\/rmx.news\/article\/over-80-of-austrians-demand-stricter-asylum-measures\/\"><span>80 procent z nich uv\u00e1d\u00ed, \u017ee si p\u0159eje p\u0159\u00edsn\u011bj\u0161\u00ed azylov\u00e1 opat\u0159en\u00ed<\/span><\/a><span>\u00a0.<\/span><\/p>\n<p><span>Protiimigra\u010dn\u00ed FP\u00d6 je v sou\u010dasnosti s velk\u00fdm n\u00e1skokem nejpopul\u00e1rn\u011bj\u0161\u00ed stranou v zemi a dosahuje 34 a\u017e 36 procent hlas\u016f. Zm\u011bny v demografick\u00e9m slo\u017een\u00ed by v\u0161ak mohly stranu z dlouhodob\u00e9ho hlediska po\u0161kodit, jeliko\u017e cizinci dosahuj\u00ed volebn\u00edho v\u011bku a p\u0159esouvaj\u00ed voli\u010de k proimigra\u010dn\u00edm, levicov\u00fdm stran\u00e1m, na co\u017e s\u00e1z\u00ed levice v cel\u00e9 Evrop\u011b.<\/span><\/p>\n<p><img decoding=\"async\" loading=\"lazy\" class=\"alignnone size-full wp-image-1185\" src=\"http:\/\/www.infokuryr.cz\/n\/wp-content\/uploads\/2021\/04\/kuryr-podpis.png\" alt=\"\" width=\"84\" height=\"24\" \/><\/p>\n<p>&nbsp;<\/p>\n<p>&nbsp;<\/p>\n","protected":false},"excerpt":{"rendered":"<p>51,8 % d\u011bt\u00ed v Salcburku nemluv\u00ed doma n\u011bmecky, zat\u00edmco v n\u011bkter\u00fdch okresech V\u00eddn\u011b je tento&#8230;<\/p>\n","protected":false},"author":2,"featured_media":80067,"comment_status":"closed","ping_status":"closed","sticky":false,"template":"","format":"standard","meta":[],"categories":[7],"tags":[119,5165,120],"_links":{"self":[{"href":"https:\/\/www.infokuryr.cz\/n\/wp-json\/wp\/v2\/posts\/80066"}],"collection":[{"href":"https:\/\/www.infokuryr.cz\/n\/wp-json\/wp\/v2\/posts"}],"about":[{"href":"https:\/\/www.infokuryr.cz\/n\/wp-json\/wp\/v2\/types\/post"}],"author":[{"embeddable":true,"href":"https:\/\/www.infokuryr.cz\/n\/wp-json\/wp\/v2\/users\/2"}],"replies":[{"embeddable":true,"href":"https:\/\/www.infokuryr.cz\/n\/wp-json\/wp\/v2\/comments?post=80066"}],"version-history":[{"count":1,"href":"https:\/\/www.infokuryr.cz\/n\/wp-json\/wp\/v2\/posts\/80066\/revisions"}],"predecessor-version":[{"id":80068,"href":"https:\/\/www.infokuryr.cz\/n\/wp-json\/wp\/v2\/posts\/80066\/revisions\/80068"}],"wp:featuredmedia":[{"embeddable":true,"href":"https:\/\/www.infokuryr.cz\/n\/wp-json\/wp\/v2\/media\/80067"}],"wp:attachment":[{"href":"https:\/\/www.infokuryr.cz\/n\/wp-json\/wp\/v2\/media?parent=80066"}],"wp:term":[{"taxonomy":"category","embeddable":true,"href":"https:\/\/www.infokuryr.cz\/n\/wp-json\/wp\/v2\/categories?post=80066"},{"taxonomy":"post_tag","embeddable":true,"href":"https:\/\/www.infokuryr.cz\/n\/wp-json\/wp\/v2\/tags?post=80066"}],"curies":[{"name":"wp","href":"https:\/\/api.w.org\/{rel}","templated":true}]}}