{"id":80064,"date":"2025-05-31T00:24:18","date_gmt":"2025-05-30T22:24:18","guid":{"rendered":"https:\/\/www.infokuryr.cz\/n\/?p=80064"},"modified":"2025-05-30T12:30:09","modified_gmt":"2025-05-30T10:30:09","slug":"znasilnime-vase-zeny-a-kolonizujeme-vas-gang-migrantu-uveznen-ve-francii-za-rasisticky-utok-na-bile-sousedy-behem-spolecneho-grilovani","status":"publish","type":"post","link":"https:\/\/www.infokuryr.cz\/n\/2025\/05\/31\/znasilnime-vase-zeny-a-kolonizujeme-vas-gang-migrantu-uveznen-ve-francii-za-rasisticky-utok-na-bile-sousedy-behem-spolecneho-grilovani\/","title":{"rendered":"\u201eZn\u00e1siln\u00edme va\u0161e \u017eeny a kolonizujeme v\u00e1s!\u201c Gang migrant\u016f uv\u011bzn\u011bn ve Francii za rasistick\u00fd \u00fatok na b\u00edl\u00e9 sousedy b\u011bhem spole\u010dn\u00e9ho grilov\u00e1n\u00ed"},"content":{"rendered":"<div id=\"fb-root\"><\/div>\n<h3 class=\"s-tagline fw-tagline\"><span>Zahrani\u010dn\u00ed \u00fato\u010dn\u00edci vyhro\u017eovali \u201ekolonizac\u00ed\u201c a \u201ezn\u00e1siln\u011bn\u00edm\u201c b\u00edl\u00fdch \u017een b\u011bhem n\u00e1siln\u00e9ho v\u00fdbuchu, kter\u00fd \u0161okoval obyvatele m\u011bsta Tarbes<\/span><\/h3>\n<p><span>T\u0159i \u010derno\u0161\u0161t\u00ed migranti ve v\u011bku kolem dvaceti let byli usv\u011bd\u010deni a potrest\u00e1ni za rasov\u011b motivovan\u00fd \u00fatok na b\u00edl\u00e9 francouzsk\u00e9 obyvatele oslavuj\u00edc\u00ed Den soused\u016f v Tarbes.<\/span><\/p>\n<p><span>B\u011bhem zat\u00fdk\u00e1n\u00ed jeden z \u00fato\u010dn\u00edk\u016f k\u0159i\u010del: \u201e\u0160pinav\u00ed b\u00edl\u00ed, p\u0159ijdeme v\u00e1s kolonizovat a zn\u00e1silnit va\u0161e \u017eeny.\u201c<\/span><\/p>\n<p><span>K \u00fatoku do\u0161lo v ned\u011bli 25. kv\u011btna, kdy\u017e se gang p\u011bti opil\u00fdch migrant\u016f p\u0159ibl\u00ed\u017eil k mal\u00e9mu grilov\u00e1n\u00ed, kter\u00e9 po\u0159\u00e1dali m\u00edstn\u00ed obyvatel\u00e9 na dvo\u0159e jejich domu. Kdy\u017e obyvatel\u00e9 dali nezn\u00e1m\u00e9 skupin\u011b jasn\u011b najevo, \u017ee nen\u00ed v\u00edt\u00e1na, mu\u017ei se stali agresivn\u00edmi a n\u00e1siln\u00fdmi.<\/span><\/p>\n<p><span>Jeden mlad\u00fd mu\u017e ze sousedstv\u00ed byl opakovan\u011b ude\u0159en a jeden z \u00fato\u010dn\u00edk\u016f vyt\u00e1hl n\u016f\u017e a ohro\u017eoval shrom\u00e1\u017ed\u011bn\u00ed.<\/span><\/p>\n<p><span>T\u0159i hlavn\u00ed pachatel\u00e9 uprchli, jakmile dorazila policie. Jeden z nich byl nalezen schovan\u00fd za autem a bylo zji\u0161t\u011bno, \u017ee si p\u0159edt\u00edm sundal elektronickou ceduli na kotn\u00edk, \u010d\u00edm\u017e poru\u0161il podm\u00ednky dom\u00e1c\u00edho v\u011bzen\u00ed. Jeho zmizen\u00ed ji\u017e spustil policejn\u00ed poplach. Policist\u00e9 u n\u011bj tak\u00e9 na\u0161li n\u016f\u017e Opinel.<\/span><\/p>\n<p><span>Dva dal\u0161\u00ed mu\u017ei byli o n\u011bkolik minut pozd\u011bji nalezeni a zadr\u017eeni v bl\u00edzk\u00fdch ulic\u00edch. B\u011bhem vy\u0161et\u0159ov\u00e1n\u00ed na policejn\u00ed stanici jeden z nich slovn\u011b napadl m\u011bstsk\u00e9ho \u00fa\u0159edn\u00edka. \u201eVa\u0161e slova m\u011b hluboce \u0161okovala,\u201c prohl\u00e1sil p\u0159edsedaj\u00edc\u00ed soudce b\u011bhem soudn\u00edho procesu a pot\u00e9 nahlas p\u0159e\u010detl mu\u017eovy v\u00fdhr\u016f\u017eky: \u201e\u0160pinav\u00ed b\u00edl\u00ed, p\u0159ijdeme v\u00e1s kolonizovat a zn\u00e1silnit va\u0161e \u017eeny.\u201c<\/span><\/p>\n<p><span>Tento ob\u017ealovan\u00fd, p\u016fvodem z Mayotte, tvrdil, \u017ee si na incident nepamatuje kv\u016fli nadm\u011brn\u00e9 konzumaci alkoholu. Stejnou obhajobu pou\u017eil i mu\u017e, kter\u00e9ho \u00fa\u0159ady ji\u017e znaly. T\u0159et\u00ed \u00fato\u010dn\u00edk se p\u0159iznal k \u00fatoku na m\u00edstn\u00edho obyvatele, ale trval na tom, \u017ee byl vyprovokov\u00e1n \u2013 toto tvrzen\u00ed vyvr\u00e1tila jak ob\u011b\u0165, tak i jej\u00ed partnerka, kter\u00e1 vypov\u011bd\u011bla, \u017ee mu\u017ei byli viditeln\u011b opil\u00ed a pravd\u011bpodobn\u011b pod vlivem drog.<\/span><\/p>\n<p><span>V\u0161ichni t\u0159i byli 28. kv\u011btna p\u0159edvedeni p\u0159ed trestn\u00ed soud v Tarbes. P\u0159edsedaj\u00edc\u00ed soudce u soudu nahlas p\u0159e\u010detl rasistick\u00e9 v\u00fdroky a odsoudil toto chov\u00e1n\u00ed. St\u00e1tn\u00ed z\u00e1stupce po\u017eadoval vysok\u00e9 tresty odn\u011bt\u00ed svobody s ohledem na p\u0159edchoz\u00ed n\u00e1siln\u00e9 \u010diny mu\u017e\u016f.<\/span><\/p>\n<p><span>Mu\u017e, kter\u00fd si sundal monitor z kotn\u00edku, byl odsouzen k 12 m\u011bs\u00edc\u016fm v\u011bzen\u00ed. Dal\u0161\u00ed dva dostali m\u00edrn\u011bj\u0161\u00ed tresty: jeden \u0161est m\u011bs\u00edc\u016f v\u011bzen\u00ed s mo\u017enost\u00ed p\u0159evodu na dom\u00e1c\u00ed v\u011bzen\u00ed s elektronick\u00fdm dohledem a druh\u00fd osm m\u011bs\u00edc\u016f podm\u00edn\u011bn\u011b.<\/span><\/p>\n<p><img decoding=\"async\" loading=\"lazy\" class=\"alignnone size-full wp-image-1185\" src=\"http:\/\/www.infokuryr.cz\/n\/wp-content\/uploads\/2021\/04\/kuryr-podpis.png\" alt=\"\" width=\"84\" height=\"24\" \/><\/p>\n<p>&nbsp;<\/p>\n","protected":false},"excerpt":{"rendered":"<p>Zahrani\u010dn\u00ed \u00fato\u010dn\u00edci vyhro\u017eovali \u201ekolonizac\u00ed\u201c a \u201ezn\u00e1siln\u011bn\u00edm\u201c b\u00edl\u00fdch \u017een b\u011bhem n\u00e1siln\u00e9ho v\u00fdbuchu, kter\u00fd \u0161okoval obyvatele m\u011bsta&#8230;<\/p>\n","protected":false},"author":2,"featured_media":80065,"comment_status":"closed","ping_status":"closed","sticky":false,"template":"","format":"standard","meta":[],"categories":[7],"tags":[101,130,369,239],"_links":{"self":[{"href":"https:\/\/www.infokuryr.cz\/n\/wp-json\/wp\/v2\/posts\/80064"}],"collection":[{"href":"https:\/\/www.infokuryr.cz\/n\/wp-json\/wp\/v2\/posts"}],"about":[{"href":"https:\/\/www.infokuryr.cz\/n\/wp-json\/wp\/v2\/types\/post"}],"author":[{"embeddable":true,"href":"https:\/\/www.infokuryr.cz\/n\/wp-json\/wp\/v2\/users\/2"}],"replies":[{"embeddable":true,"href":"https:\/\/www.infokuryr.cz\/n\/wp-json\/wp\/v2\/comments?post=80064"}],"version-history":[{"count":0,"href":"https:\/\/www.infokuryr.cz\/n\/wp-json\/wp\/v2\/posts\/80064\/revisions"}],"wp:featuredmedia":[{"embeddable":true,"href":"https:\/\/www.infokuryr.cz\/n\/wp-json\/wp\/v2\/media\/80065"}],"wp:attachment":[{"href":"https:\/\/www.infokuryr.cz\/n\/wp-json\/wp\/v2\/media?parent=80064"}],"wp:term":[{"taxonomy":"category","embeddable":true,"href":"https:\/\/www.infokuryr.cz\/n\/wp-json\/wp\/v2\/categories?post=80064"},{"taxonomy":"post_tag","embeddable":true,"href":"https:\/\/www.infokuryr.cz\/n\/wp-json\/wp\/v2\/tags?post=80064"}],"curies":[{"name":"wp","href":"https:\/\/api.w.org\/{rel}","templated":true}]}}