{"id":80002,"date":"2025-05-30T00:27:17","date_gmt":"2025-05-29T22:27:17","guid":{"rendered":"https:\/\/www.infokuryr.cz\/n\/?p=80002"},"modified":"2025-05-29T18:40:16","modified_gmt":"2025-05-29T16:40:16","slug":"katastrofa-tisicileti-ledovec-v-alpach-smetl-ze-zeme-svycarskou-vesnici","status":"publish","type":"post","link":"https:\/\/www.infokuryr.cz\/n\/2025\/05\/30\/katastrofa-tisicileti-ledovec-v-alpach-smetl-ze-zeme-svycarskou-vesnici\/","title":{"rendered":"\u201eKatastrofa tis\u00edcilet\u00ed\u201c \u2013 ledovec v Alp\u00e1ch smetl ze zem\u011b \u0161v\u00fdcarskou vesnici"},"content":{"rendered":"<div id=\"fb-root\"><\/div>\n<p class=\"lead\"><strong>Protr\u017een\u00ed ledovce ve \u0160v\u00fdcarsk\u00fdch Alp\u00e1ch zni\u010dilo vesnici Blatten. Na osadu dopadly obrovsk\u00e9 masy kamen\u00ed a ledu z v\u00fd\u0161ky v\u00edce ne\u017e 1000 metr\u016f a zcela ji zasypaly troskami.<\/strong><\/p>\n<p><span>Vesnice Blatten v \u00fadol\u00ed L\u00f6tschental je poh\u0159bena pod sutinami. Navzdory d\u0159\u00edv\u011bj\u0161\u00ed evakuaci m\u00e9dia informovala o jedn\u00e9 poh\u0159e\u0161ovan\u00e9 osob\u011b. Krom\u011b toho museli sv\u00e9 domovy opustit i obyvatel\u00e9 sousedn\u00edch obc\u00ed Wiler a Kippel, proto\u017ee p\u0159ehrada \u0159eky Lonza a potoka Gisentella troskami vytvo\u0159ila skute\u010dnou hrozbu z\u00e1plav.<\/span><\/p>\n<p><span>Odborn\u00edci hovo\u0159\u00ed o \u201ekatastrof\u011b tis\u00edcilet\u00ed\u201c v Alp\u00e1ch a varuj\u00ed, \u017ee taj\u00edc\u00ed ledovce p\u0159edstavuj\u00ed hrozbu pro dal\u0161\u00ed \u0161v\u00fdcarsk\u00e1 m\u011bsta.\u00a0<\/span><strong><span>Matthias Ebener,<\/span><\/strong><span>\u00a0mluv\u010d\u00ed m\u00edstn\u00ed samospr\u00e1vy jihoz\u00e1padn\u00edho kantonu Valais,\u00a0uvedl, \u017ee do \u00fadol\u00ed spadlo neuv\u011b\u0159iteln\u00e9 mno\u017estv\u00ed kamen\u00ed a ledu. V\u011bdci monitoruj\u00edc\u00ed \u0161v\u00fdcarsk\u00e9 ledovce se ob\u00e1vaj\u00ed, \u017ee zmiz\u00ed do stolet\u00ed, pokud se glob\u00e1ln\u00ed teploty nebudou udr\u017eovat na maxim\u00e1ln\u011b 1,5 stupn\u011b Celsia nad p\u0159edindustri\u00e1ln\u00ed \u00farovn\u00ed.<\/span><\/p>\n<p><img decoding=\"async\" loading=\"lazy\" class=\"alignnone size-full wp-image-1185\" src=\"http:\/\/www.infokuryr.cz\/n\/wp-content\/uploads\/2021\/04\/kuryr-podpis.png\" alt=\"\" width=\"84\" height=\"24\" \/><\/p>\n<p>&nbsp;<\/p>\n","protected":false},"excerpt":{"rendered":"<p>Protr\u017een\u00ed ledovce ve \u0160v\u00fdcarsk\u00fdch Alp\u00e1ch zni\u010dilo vesnici Blatten. Na osadu dopadly obrovsk\u00e9 masy kamen\u00ed a&#8230;<\/p>\n","protected":false},"author":2,"featured_media":80003,"comment_status":"closed","ping_status":"closed","sticky":false,"template":"","format":"standard","meta":[],"categories":[7],"tags":[3232,1213,467],"_links":{"self":[{"href":"https:\/\/www.infokuryr.cz\/n\/wp-json\/wp\/v2\/posts\/80002"}],"collection":[{"href":"https:\/\/www.infokuryr.cz\/n\/wp-json\/wp\/v2\/posts"}],"about":[{"href":"https:\/\/www.infokuryr.cz\/n\/wp-json\/wp\/v2\/types\/post"}],"author":[{"embeddable":true,"href":"https:\/\/www.infokuryr.cz\/n\/wp-json\/wp\/v2\/users\/2"}],"replies":[{"embeddable":true,"href":"https:\/\/www.infokuryr.cz\/n\/wp-json\/wp\/v2\/comments?post=80002"}],"version-history":[{"count":0,"href":"https:\/\/www.infokuryr.cz\/n\/wp-json\/wp\/v2\/posts\/80002\/revisions"}],"wp:featuredmedia":[{"embeddable":true,"href":"https:\/\/www.infokuryr.cz\/n\/wp-json\/wp\/v2\/media\/80003"}],"wp:attachment":[{"href":"https:\/\/www.infokuryr.cz\/n\/wp-json\/wp\/v2\/media?parent=80002"}],"wp:term":[{"taxonomy":"category","embeddable":true,"href":"https:\/\/www.infokuryr.cz\/n\/wp-json\/wp\/v2\/categories?post=80002"},{"taxonomy":"post_tag","embeddable":true,"href":"https:\/\/www.infokuryr.cz\/n\/wp-json\/wp\/v2\/tags?post=80002"}],"curies":[{"name":"wp","href":"https:\/\/api.w.org\/{rel}","templated":true}]}}