{"id":79874,"date":"2025-05-29T00:15:53","date_gmt":"2025-05-28T22:15:53","guid":{"rendered":"https:\/\/www.infokuryr.cz\/n\/?p=79874"},"modified":"2025-05-28T14:53:23","modified_gmt":"2025-05-28T12:53:23","slug":"po-nespoctu-umrti-a-zraneni-zpusobenych-ockovanim-byly-produkty-mrna-covid-19-odstraneny-ze-seznamu-cdc","status":"publish","type":"post","link":"https:\/\/www.infokuryr.cz\/n\/2025\/05\/29\/po-nespoctu-umrti-a-zraneni-zpusobenych-ockovanim-byly-produkty-mrna-covid-19-odstraneny-ze-seznamu-cdc\/","title":{"rendered":"Po nespo\u010dtu \u00famrt\u00ed a zran\u011bn\u00ed zp\u016fsoben\u00fdch o\u010dkov\u00e1n\u00edm byly produkty mRNA COVID-19 odstran\u011bny ze seznamu CDC"},"content":{"rendered":"<div id=\"fb-root\"><\/div>\n<div class=\"elementor-element elementor-element-1fb4c2c elementor-widget elementor-widget-theme-post-content\" data-id=\"1fb4c2c\" data-element_type=\"widget\" data-widget_type=\"theme-post-content.default\">\n<div class=\"elementor-widget-container\">\n<p><strong>Produkty s mRNA COVID byly odstran\u011bny ze seznamu CDC \u2013 historick\u00fd krok<\/strong><\/p>\n<p>Dne 20. kv\u011btna 2025 publikoval \u010dasopis New England Journal of Medicine\u00a0<a href=\"https:\/\/www.nejm.org\/doi\/10.1056\/NEJMsb2506929\" target=\"_blank\" rel=\"noreferrer noopener\" data-type=\"link\" data-id=\"https:\/\/www.nejm.org\/doi\/10.1056\/NEJMsb2506929\">\u010dl\u00e1nek<\/a>\u00a0Vinaye Prasada, MD, MPH a Martina A. Makaryho, MD, MPH, kter\u00fd nasti\u0148uje \u201enov\u00fd\u201c postoj FDA k o\u010dkov\u00e1n\u00ed proti COVID-19. Agentura up\u0159esnila, \u017ee t\u011bhotn\u00e9 \u017eeny, \u017eeny, kter\u00e9 ned\u00e1vno ot\u011bhotn\u011bly, a osoby s ur\u010dit\u00fdmi ji\u017e existuj\u00edc\u00edmi zdravotn\u00edmi probl\u00e9my jsou vystaveny vy\u0161\u0161\u00edmu riziku z\u00e1va\u017en\u00fdch n\u00e1sledk\u016f onemocn\u011bn\u00ed COVID-19, a proto by m\u011bly b\u00fdt up\u0159ednost\u0148ov\u00e1ny. Tato nov\u00e1 doporu\u010den\u00ed se dotkla zejm\u00e9na dosp\u011bl\u00fdch ve v\u011bku 65 let a star\u0161\u00edch a vysoce rizikov\u00fdch pacient\u016f s astmatem, rakovinou, onemocn\u011bn\u00edm ledvin, srde\u010dn\u00edmi chorobami, cukrovkou a t\u011bhotenstv\u00edm. Neexistovalo \u017e\u00e1dn\u00e9 doporu\u010den\u00ed k o\u010dkov\u00e1n\u00ed zdrav\u00fdch mlad\u0161\u00edch dosp\u011bl\u00fdch a d\u011bt\u00ed, kter\u00e9 nespadaj\u00ed do t\u011bchto rizikov\u00fdch skupin, dokud klinick\u00e9 studie neprok\u00e1zaly, \u017ee vakc\u00edna je bezpe\u010dn\u00e1 i pro n\u011b.<\/p>\n<p>22. kv\u011btna 2025 byla zve\u0159ejn\u011bna historick\u00e1 zpr\u00e1va komise MAHA, kter\u00e1 kritizuje o\u010dkovac\u00ed kalend\u00e1\u0159 d\u011bt\u00ed ve Spojen\u00fdch st\u00e1tech a chronick\u00e9 zdravotn\u00ed probl\u00e9my u d\u011bt\u00ed. Zpr\u00e1va vyzvala k p\u0159ehodnocen\u00ed o\u010dkovac\u00edho kalend\u00e1\u0159e, jeliko\u017e po\u010det doporu\u010den\u00fdch o\u010dkov\u00e1n\u00ed se zv\u00fd\u0161il ze 7 v roce 1986 na 29 v prvn\u00edm roce \u017eivota. Objevila se tak\u00e9 kritika, \u017ee bezpe\u010dnost t\u011bchto vakc\u00edn byla sledov\u00e1na pouze v omezen\u00e9 m\u00ed\u0159e a \u017ee nebyly provedeny dostate\u010dn\u011b rozs\u00e1hl\u00e9 placebo kontroln\u00ed studie. Zpr\u00e1va rovn\u011b\u017e vyzvala k proveden\u00ed skute\u010dn\u00fdch studi\u00ed s placebem a podrobn\u011bj\u0161\u00edmu v\u00fdzkumu mo\u017en\u00fdch dlouhodob\u00fdch a vz\u00e1cn\u00fdch ne\u017e\u00e1douc\u00edch \u00fa\u010dink\u016f.<\/p>\n<p>P\u0159esto\u017ee zpr\u00e1va uzn\u00e1v\u00e1 d\u016fle\u017eitost o\u010dkov\u00e1n\u00ed v ochran\u011b p\u0159ed infek\u010dn\u00edmi nemocemi, zpochyb\u0148uje, zda jsou rizika o\u010dkov\u00e1n\u00ed zv\u00e1\u017eena oproti p\u0159\u00ednos\u016fm, zejm\u00e9na s ohledem na mo\u017en\u00e9 dlouhodob\u00e9 d\u016fsledky.\u00a0<strong>Obzvl\u00e1\u0161t\u011b znepokojiv\u00e9 bylo, \u017ee zpr\u00e1va pouk\u00e1zala na nedostate\u010dn\u00fd v\u00fdzkum \u00fa\u010dink\u016f vakc\u00edn s mRNA proti COVID-19 na d\u011bti, t\u011bhotn\u00e9 \u017eeny a novorozence.<\/strong><\/p>\n<p>V reakci na zpr\u00e1vu se spustil n\u00e1val kritiky, zejm\u00e9na od aktivist\u016f z hnut\u00ed MAHA, kte\u0159\u00ed napadli rozhodnut\u00ed FDA a ministerstva zdravotnictv\u00ed nad\u00e1le ponechat produkty proti COVID-19 na o\u010dkovac\u00edm pl\u00e1nu CDC. Vyzvali k okam\u017eit\u00e9mu sta\u017een\u00ed schv\u00e1len\u00ed t\u011bchto vakc\u00edn.<\/p>\n<p>Politick\u00e9 rozhodnut\u00ed ponechat vakc\u00edny na seznamu bylo n\u011bkter\u00fdmi vn\u00edm\u00e1no jako pokus nenaru\u0161it farmaceutick\u00fd pr\u016fmysl, zejm\u00e9na s ohledem na bl\u00ed\u017e\u00edc\u00ed se volby a mo\u017enost politick\u00fdch dar\u016f. P\u0159esto\u017ee mnoho aktivist\u016f MAHA tuto politiku ost\u0159e kritizovalo, do\u0161lo k zaj\u00edmav\u00e9mu zvratu: N\u011bkte\u0159\u00ed z influencer\u016f, kte\u0159\u00ed podn\u011bcovali kritiku prezidenta Trumpa a komisa\u0159e FDA Makaryho, byli sponzorov\u00e1ni spole\u010dnostmi, kter\u00e9 se zasazuj\u00ed o \u201el\u00e9ka\u0159skou svobodu\u201c. Politick\u00e1 dynamika se v\u0161ak st\u00e1le v\u00edce vyzna\u010dovala vnit\u0159n\u00edmi konflikty a rozpory uvnit\u0159 hnut\u00ed.<\/p>\n<p><strong>Trumpova administrativa v\u0161ak prost\u0159ednictv\u00edm ministra zdravotnictv\u00ed a soci\u00e1ln\u00edch slu\u017eeb Roberta F. Kennedyho Jr., komisa\u0159e FDA Makaryho a \u0159editele NIH Bhattacharyi nyn\u00ed podnikla kroky ke sta\u017een\u00ed produkt\u016f mRNA<\/strong>\u00a0. Ministr zdravotnictv\u00ed a soci\u00e1ln\u00edch slu\u017eeb i komisa\u0159 FDA d\u0159\u00edve podnikli kroky, kter\u00e9 jasn\u011b uvedly, \u017ee\u00a0<strong>vakc\u00edny proti COVID-19 jsou pro voj\u00e1ky a dal\u0161\u00ed p\u0159\u00edslu\u0161n\u00edky arm\u00e1dy neleg\u00e1ln\u00ed,<\/strong>\u00a0proto\u017ee nemaj\u00ed po\u017eadovan\u00e9 schv\u00e1len\u00ed FDA.<\/p>\n<p>Tato rozhodnut\u00ed p\u0159edstavuj\u00ed zlom v politice a ve\u0159ejn\u00e9 debat\u011b o bezpe\u010dnosti a \u00fa\u010dinnosti vakc\u00edn proti COVID-19. A\u010dkoli se st\u00e1le o\u010dek\u00e1v\u00e1 mnoho politick\u00fdch a ve\u0159ejn\u00fdch bitev, je to prvn\u00ed krok k transparentn\u00edmu a v\u011bdecky podlo\u017een\u00e9mu p\u0159\u00edstupu k rizik\u016fm o\u010dkov\u00e1n\u00ed.<\/p>\n<p>Mezit\u00edm se teprve uvid\u00ed, zda tyto kroky Trumpovy administrativy mohou dlouhodob\u011b pos\u00edlit d\u016fv\u011bru ve vakc\u00edny a ve\u0159ejn\u00e9 zdrav\u00ed. A p\u0159esto\u017ee n\u011bkter\u00e9 z\u00fa\u010dastn\u011bn\u00e9 strany nad\u00e1le odm\u00edtaj\u00ed politiku administrativy, existuje d\u016fvod doufat, \u017ee by tyto zm\u011bny mohly v\u00e9st ke zdrav\u011bj\u0161\u00ed a transparentn\u011bj\u0161\u00ed budoucnosti.<\/p>\n<p><strong>\u201eV\u0161echno m\u00e1 sv\u016fj \u010das\u201c \u2013 Cit\u00e1t z knihy Kazatel n\u00e1m p\u0159ipom\u00edn\u00e1 hodnotu trp\u011blivosti a d\u016fle\u017eitost pokroku, i kdy\u017e p\u0159ich\u00e1z\u00ed po mal\u00fdch kr\u016f\u010dc\u00edch.<\/strong><\/p>\n<\/div>\n<\/div>\n<div class=\"elementor-element elementor-element-8c57238 quelle dc-has-condition dc-condition-empty elementor-widget elementor-widget-heading\" data-id=\"8c57238\" data-element_type=\"widget\" data-widget_type=\"heading.default\">\n<div class=\"elementor-widget-container\">\n<h3 class=\"elementor-heading-title elementor-size-default\"><span style=\"font-size: 10pt;\"><a href=\"https:\/\/www.trialsitenews.com\/a\/breaking-covid-mrna-products-removed-from-cdc-schedule-95dbd25e\" target=\"_blank\" rel=\"nofollow noopener\">Zdroj<\/a><\/span><\/h3>\n<p>&nbsp;<\/p>\n<\/div>\n<\/div>\n","protected":false},"excerpt":{"rendered":"<p>Produkty s mRNA COVID byly odstran\u011bny ze seznamu CDC \u2013 historick\u00fd krok Dne 20. kv\u011btna&#8230;<\/p>\n","protected":false},"author":2,"featured_media":75228,"comment_status":"closed","ping_status":"closed","sticky":false,"template":"","format":"standard","meta":[],"categories":[7],"tags":[1037,694,651],"_links":{"self":[{"href":"https:\/\/www.infokuryr.cz\/n\/wp-json\/wp\/v2\/posts\/79874"}],"collection":[{"href":"https:\/\/www.infokuryr.cz\/n\/wp-json\/wp\/v2\/posts"}],"about":[{"href":"https:\/\/www.infokuryr.cz\/n\/wp-json\/wp\/v2\/types\/post"}],"author":[{"embeddable":true,"href":"https:\/\/www.infokuryr.cz\/n\/wp-json\/wp\/v2\/users\/2"}],"replies":[{"embeddable":true,"href":"https:\/\/www.infokuryr.cz\/n\/wp-json\/wp\/v2\/comments?post=79874"}],"version-history":[{"count":0,"href":"https:\/\/www.infokuryr.cz\/n\/wp-json\/wp\/v2\/posts\/79874\/revisions"}],"wp:featuredmedia":[{"embeddable":true,"href":"https:\/\/www.infokuryr.cz\/n\/wp-json\/wp\/v2\/media\/75228"}],"wp:attachment":[{"href":"https:\/\/www.infokuryr.cz\/n\/wp-json\/wp\/v2\/media?parent=79874"}],"wp:term":[{"taxonomy":"category","embeddable":true,"href":"https:\/\/www.infokuryr.cz\/n\/wp-json\/wp\/v2\/categories?post=79874"},{"taxonomy":"post_tag","embeddable":true,"href":"https:\/\/www.infokuryr.cz\/n\/wp-json\/wp\/v2\/tags?post=79874"}],"curies":[{"name":"wp","href":"https:\/\/api.w.org\/{rel}","templated":true}]}}