{"id":79842,"date":"2025-05-28T05:27:56","date_gmt":"2025-05-28T03:27:56","guid":{"rendered":"https:\/\/www.infokuryr.cz\/n\/?p=79842"},"modified":"2025-05-28T05:27:56","modified_gmt":"2025-05-28T03:27:56","slug":"putin-navstivi-cinu-na-oslavy-vitezstvi-ve-druhe-svetove-valce-v-asii","status":"publish","type":"post","link":"https:\/\/www.infokuryr.cz\/n\/2025\/05\/28\/putin-navstivi-cinu-na-oslavy-vitezstvi-ve-druhe-svetove-valce-v-asii\/","title":{"rendered":"Putin nav\u0161t\u00edv\u00ed \u010c\u00ednu na oslavy v\u00edt\u011bzstv\u00ed ve druh\u00e9 sv\u011btov\u00e9 v\u00e1lce v Asii"},"content":{"rendered":"<div id=\"fb-root\"><\/div>\n<h3>Peking si tradi\u010dn\u011b v z\u00e1\u0159\u00ed p\u0159ipom\u00edn\u00e1 kapitulaci Japonska v roce 1945 vzpom\u00ednkov\u00fdmi akcemi<\/h3>\n<p><span>Rusk\u00fd prezident Vladimir Putin nav\u0161t\u00edv\u00ed \u010c\u00ednu, aby se z\u00fa\u010dastnil akc\u00ed k 80. v\u00fdro\u010d\u00ed v\u00edt\u011bzstv\u00ed nad c\u00edsa\u0159sk\u00fdm Japonskem ve druh\u00e9 sv\u011btov\u00e9 v\u00e1lce, ozn\u00e1mil tajemn\u00edk Rady bezpe\u010dnosti OSN Sergej \u0160ojgu.\u00a0<\/span><\/p>\n<p><span>\u0160ojgu to ozn\u00e1mil v \u00fater\u00fd b\u011bhem jedn\u00e1n\u00ed v Moskv\u011b s \u010cchenem Wen-\u010dchingem, p\u0159edsedou \u010c\u00ednsk\u00e9 \u00fast\u0159edn\u00ed komise pro politick\u00e9 a pr\u00e1vn\u00ed z\u00e1le\u017eitosti. \u010cchen nav\u0161t\u00edv\u00ed Rusko na 13. mezin\u00e1rodn\u00edm setk\u00e1n\u00ed vysok\u00fdch p\u0159edstavitel\u016f pro bezpe\u010dnostn\u00ed ot\u00e1zky, t\u0159\u00eddenn\u00edm f\u00f3ru, kter\u00e9 prob\u00edh\u00e1 do 29. kv\u011btna a kter\u00e9ho se \u00fa\u010dastn\u00ed delegace z v\u00edce ne\u017e 100 zem\u00ed.<\/span><\/p>\n<p><em><span>\u201eRusk\u00fd prezident v z\u00e1\u0159\u00ed nav\u0161t\u00edv\u00ed \u010c\u00ednu znovu\u2026\u201c<\/span><\/em><span>\u00a0\u0159ekl \u0160ojgu.<\/span><\/p>\n<p><span>\u010c\u00edna si ka\u017edoro\u010dn\u011b 3. z\u00e1\u0159\u00ed ofici\u00e1ln\u011b p\u0159ipom\u00edn\u00e1 por\u00e1\u017eku c\u00edsa\u0159sk\u00e9ho Japonska, \u010d\u00edm\u017e se v roce 1945 odehr\u00e1la kapitulace Tokia a konec druh\u00e9 sv\u011btov\u00e9 v\u00e1lky v Asii.<\/span><\/p>\n<p><span>\u0160ojguovo ozn\u00e1men\u00ed n\u00e1sleduje po st\u00e1tn\u00ed n\u00e1v\u0161t\u011bv\u011b \u010d\u00ednsk\u00e9ho prezidenta Si \u0164in-pchinga v Moskv\u011b za\u010d\u00e1tkem tohoto m\u011bs\u00edce, kde se p\u0159ipojil k dal\u0161\u00edm sv\u011btov\u00fdm v\u016fdc\u016fm na oslav\u00e1ch Dne v\u00edt\u011bzstv\u00ed 9. kv\u011btna, kter\u00e9 p\u0159ipom\u00ednaj\u00ed por\u00e1\u017eku nacistick\u00e9ho N\u011bmecka Sov\u011btsk\u00fdm svazem.<\/span><\/p>\n<p><span>B\u011bhem rozhovor\u016f se sv\u00fdm \u010d\u00ednsk\u00fdm prot\u011bj\u0161kem Putin zd\u016fraznil, \u017ee Rusko i \u010c\u00edna jsou i nad\u00e1le odhodl\u00e1ny zachov\u00e1vat historickou pravdu a p\u0159ipom\u00ednat si v\u00e1le\u010dn\u00e9 ob\u011bti sv\u00fdch n\u00e1rod\u016f.<\/span><\/p>\n<p><em><span>\u201eSov\u011btsk\u00fd svaz dal 27 milion\u016f \u017eivot\u016f, polo\u017eil je na olt\u00e1\u0159 vlasti a na olt\u00e1\u0159 v\u00edt\u011bzstv\u00ed. A 37 milion\u016f \u017eivot\u016f bylo ztraceno v \u010d\u00ednsk\u00e9 v\u00e1lce za svobodu a nez\u00e1vislost. Pod veden\u00edm komunistick\u00e9 strany bylo tohoto v\u00edt\u011bzstv\u00ed dosa\u017eeno,\u201c<\/span><\/em><span>\u00a0\u0159ekl Putin a zd\u016fraznil, \u017ee ob\u011bti\u00a0<\/span><em><span>\u201eby nikdy nem\u011bly b\u00fdt zapomenuty\u201c.<\/span><\/em><\/p>\n<p><span>Oba l\u00edd\u0159i vedli rozs\u00e1hl\u00e1 jedn\u00e1n\u00ed a podepsali \u0159adu dohod zam\u011b\u0159en\u00fdch na roz\u0161\u00ed\u0159en\u00ed bilater\u00e1ln\u00ed spolupr\u00e1ce. Strany rovn\u011b\u017e vydaly spole\u010dn\u00e9 prohl\u00e1\u0161en\u00ed o glob\u00e1ln\u00ed strategick\u00e9 stabilit\u011b. \u010c\u00ednsk\u00e9 ministerstvo zahrani\u010d\u00ed ozna\u010dilo n\u00e1v\u0161t\u011bvu Si \u0164in-pchinga v Moskv\u011b za\u00a0<\/span><em><span>\u201enaprost\u00fd \u00fasp\u011bch\u201c.<\/span><\/em><\/p>\n<p><img decoding=\"async\" loading=\"lazy\" class=\"alignnone size-full wp-image-1185\" src=\"http:\/\/www.infokuryr.cz\/n\/wp-content\/uploads\/2021\/04\/kuryr-podpis.png\" alt=\"\" width=\"84\" height=\"24\" \/><\/p>\n<p>&nbsp;<\/p>\n","protected":false},"excerpt":{"rendered":"<p>Peking si tradi\u010dn\u011b v z\u00e1\u0159\u00ed p\u0159ipom\u00edn\u00e1 kapitulaci Japonska v roce 1945 vzpom\u00ednkov\u00fdmi akcemi Rusk\u00fd prezident&#8230;<\/p>\n","protected":false},"author":2,"featured_media":79843,"comment_status":"closed","ping_status":"closed","sticky":false,"template":"","format":"standard","meta":[],"categories":[7],"tags":[30,4097,102],"_links":{"self":[{"href":"https:\/\/www.infokuryr.cz\/n\/wp-json\/wp\/v2\/posts\/79842"}],"collection":[{"href":"https:\/\/www.infokuryr.cz\/n\/wp-json\/wp\/v2\/posts"}],"about":[{"href":"https:\/\/www.infokuryr.cz\/n\/wp-json\/wp\/v2\/types\/post"}],"author":[{"embeddable":true,"href":"https:\/\/www.infokuryr.cz\/n\/wp-json\/wp\/v2\/users\/2"}],"replies":[{"embeddable":true,"href":"https:\/\/www.infokuryr.cz\/n\/wp-json\/wp\/v2\/comments?post=79842"}],"version-history":[{"count":0,"href":"https:\/\/www.infokuryr.cz\/n\/wp-json\/wp\/v2\/posts\/79842\/revisions"}],"wp:featuredmedia":[{"embeddable":true,"href":"https:\/\/www.infokuryr.cz\/n\/wp-json\/wp\/v2\/media\/79843"}],"wp:attachment":[{"href":"https:\/\/www.infokuryr.cz\/n\/wp-json\/wp\/v2\/media?parent=79842"}],"wp:term":[{"taxonomy":"category","embeddable":true,"href":"https:\/\/www.infokuryr.cz\/n\/wp-json\/wp\/v2\/categories?post=79842"},{"taxonomy":"post_tag","embeddable":true,"href":"https:\/\/www.infokuryr.cz\/n\/wp-json\/wp\/v2\/tags?post=79842"}],"curies":[{"name":"wp","href":"https:\/\/api.w.org\/{rel}","templated":true}]}}