{"id":79840,"date":"2025-05-28T05:23:31","date_gmt":"2025-05-28T03:23:31","guid":{"rendered":"https:\/\/www.infokuryr.cz\/n\/?p=79840"},"modified":"2025-05-28T05:23:31","modified_gmt":"2025-05-28T03:23:31","slug":"kreml-durazne-varuje-pred-moznou-eskalaci-vedenou-nemeckem","status":"publish","type":"post","link":"https:\/\/www.infokuryr.cz\/n\/2025\/05\/28\/kreml-durazne-varuje-pred-moznou-eskalaci-vedenou-nemeckem\/","title":{"rendered":"Kreml d\u016frazn\u011b varuje p\u0159ed mo\u017enou eskalac\u00ed vedenou N\u011bmeckem"},"content":{"rendered":"<div id=\"fb-root\"><\/div>\n<h3>Mluv\u010d\u00ed Kremlu Dmitrij Peskov prohl\u00e1sil, \u017ee mo\u017en\u00e1 zm\u011bna postoje Berl\u00edna k pou\u017e\u00edv\u00e1n\u00ed zbran\u00ed dlouh\u00e9ho doletu Ukrajinou by podkopala m\u00edrov\u00e9 \u00fasil\u00ed<\/h3>\n<p><span>Mluv\u010d\u00ed Kremlu Dmitrij Peskov v \u00fater\u00fd varoval, \u017ee\u00a0Moskva pova\u017euje mo\u017enou zm\u011bnu Berl\u00edna ohledn\u011b pou\u017eit\u00ed n\u011bmeck\u00fdch zbran\u00ed dlouh\u00e9ho doletu Ukrajinou proti Rusku za zn\u00e1mku\u00a0<\/span><em><span>\u201ev\u00e1\u017en\u00e9 eskalace\u201c.<\/span><\/em><\/p>\n<p><span>Jeho koment\u00e1\u0159e p\u0159i\u0161ly v reakci na pond\u011bln\u00ed prohl\u00e1\u0161en\u00ed n\u011bmeck\u00e9ho kancl\u00e9\u0159e Friedricha Merze, \u017ee nyn\u00ed\u00a0<\/span><em><span>\u201eji\u017e neexistuj\u00ed \u017e\u00e1dn\u00e1 omezen\u00ed doletu\u201c<\/span><\/em><span>\u00a0pro zbran\u011b dod\u00e1van\u00e9 Z\u00e1padem, kter\u00e9 Kyjev pou\u017e\u00edv\u00e1 proti rusk\u00fdm vojensk\u00fdm c\u00edl\u016fm.<\/span><\/p>\n<p><em><span>\u201ePokud je to pravda, pak se jedn\u00e1 o eskalaci a v\u00e1\u017enou eskalaci, kter\u00e1 nejz\u00e1va\u017en\u011bji podkop\u00e1v\u00e1 dosavadn\u00ed pokusy o m\u00edrov\u00e9 urovn\u00e1n\u00ed,\u201c<\/span><\/em><span>\u00a0\u0159ekl Peskov s odkazem na prvn\u00ed p\u0159\u00edm\u00e1 m\u00edrov\u00e1\u00a0<\/span><a href=\"https:\/\/www.rt.com\/news\/618211-istanbul-peace-talks-invitation\/\"><span>jedn\u00e1n\u00ed<\/span><\/a><span>\u00a0\u00a0mezi Ruskem a Ukrajinou za posledn\u00ed t\u0159i roky, kter\u00e1 se konala za\u010d\u00e1tkem tohoto m\u011bs\u00edce.<\/span><\/p>\n<p><span>Merz v pond\u011bl\u00ed prohl\u00e1sil, \u017ee rakety z Velk\u00e9 Brit\u00e1nie, Francie, N\u011bmecka a USA nyn\u00ed mohou b\u00fdt pou\u017eity bez geografick\u00fdch omezen\u00ed proti rusk\u00fdm vojensk\u00fdm c\u00edl\u016fm. Jeho pozn\u00e1mky vyvolaly zmatek ohledn\u011b toho, zda oznamuje novou politiku, a vyvolaly obavy i v r\u00e1mci jeho vlastn\u00ed koalice. N\u011bmeck\u00fd vicekancl\u00e9\u0159 a ministr financ\u00ed Lars Klingbeil uvedl, \u017ee o rozsahu ukrajinsk\u00fdch \u00fader\u016f s pou\u017eit\u00edm n\u011bmeck\u00fdch zbran\u00ed nebyla p\u0159ijata \u017e\u00e1dn\u00e1 nov\u00e1 rozhodnut\u00ed nad r\u00e1mec t\u011bch, kter\u00e1 stanovila p\u0159edchoz\u00ed vl\u00e1da.<\/span><\/p>\n<p><span>Ralf Stegner, \u010dlen Merzova koali\u010dn\u00edho partnera, SPD, ozna\u010dil koment\u00e1\u0159e za\u00a0<\/span><em><span>\u201eneu\u017eite\u010dn\u00e9\u201c<\/span><\/em><span>\u00a0a vyzval k v\u011bt\u0161\u00edmu zam\u011b\u0159en\u00ed na diplomacii.<\/span><\/p>\n<p><span>Merz pozd\u011bji up\u0159esnil, \u017ee rozhodnut\u00ed o zru\u0161en\u00ed omezen\u00ed z\u00e1padn\u00edch zbran\u00ed pou\u017e\u00edvan\u00fdch Ukrajinou bylo u\u010din\u011bno p\u0159ed m\u011bs\u00edci, co\u017e d\u00e1le zm\u00e1tlo ve\u0159ejnost a znovu rozpoutalo debatu o mo\u017en\u00fdch dod\u00e1vk\u00e1ch n\u011bmeck\u00fdch st\u0159el Taurus do Kyjeva. S doletem a\u017e 500 kilometr\u016f by tyto st\u0159ely mohly zas\u00e1hnout hluboko na rusk\u00e9m \u00fazem\u00ed, v\u010detn\u011b rusk\u00e9 metropole. Moskva varovala, \u017ee dod\u00e1vky takov\u00fdch zbran\u00ed by z N\u011bmecka ud\u011blaly p\u0159\u00edmou stranu konfliktu.<\/span><\/p>\n<p><span>Peskov poznamenal, \u017ee jak\u00e1koli zm\u011bna v pou\u017e\u00edv\u00e1n\u00ed zbran\u00ed dod\u00e1van\u00fdch Z\u00e1padem Ukrajinou mus\u00ed b\u00fdt ofici\u00e1ln\u011b schv\u00e1lena a koordinov\u00e1na s USA vzhledem k integrovan\u00e9 povaze obrann\u00fdch slo\u017eek.<\/span><\/p>\n<p><em><span>\u201eKa\u017ed\u00e1 evropsk\u00e1 zbra\u0148 m\u00e1 n\u00e1hradn\u00ed d\u00edly vyroben\u00e9 v Americe. A podle pravidel vojensko-technick\u00e9 spolupr\u00e1ce mus\u00ed b\u00fdt ud\u011bleno povolen\u00ed k pou\u017eit\u00ed francouzsk\u00e9 rakety s americk\u00fdmi \u010dipy zabudovan\u00fdmi v n\u00ed,\u201c<\/span><\/em><span>\u00a0\u0159ekl.<\/span><\/p>\n<p><span>Podle Peskova Merzovy v\u00fdroky signalizuj\u00ed nedostatek v\u00e1\u017en\u00e9ho z\u00e1jmu st\u00e1t\u016f EU o \u0159e\u0161en\u00ed ukrajinsk\u00e9ho konfliktu diplomatickou cestou.<\/span><\/p>\n<p><em><span>\u201eVid\u00edme, \u017ee Evropan\u00e9 necht\u011bj\u00ed m\u00edr. Evropan\u00e9 jsou odhodl\u00e1ni d\u00e1le zvy\u0161ovat tlak na Rusko. St\u00e1le sn\u00ed o tom, \u017ee by se od Ruska dalo n\u011b\u010deho dos\u00e1hnout tlakem, nikoli ochotou naslouchat. To je pravd\u011bpodobn\u011b nejv\u011bt\u0161\u00ed utopie, jakou si lze na evropsk\u00e9m kontinentu p\u0159edstavit.\u201c<\/span><\/em><\/p>\n<p><img decoding=\"async\" loading=\"lazy\" class=\"alignnone size-full wp-image-1185\" src=\"http:\/\/www.infokuryr.cz\/n\/wp-content\/uploads\/2021\/04\/kuryr-podpis.png\" alt=\"\" width=\"84\" height=\"24\" \/><\/p>\n<p>&nbsp;<\/p>\n","protected":false},"excerpt":{"rendered":"<p>Mluv\u010d\u00ed Kremlu Dmitrij Peskov prohl\u00e1sil, \u017ee mo\u017en\u00e1 zm\u011bna postoje Berl\u00edna k pou\u017e\u00edv\u00e1n\u00ed zbran\u00ed dlouh\u00e9ho doletu&#8230;<\/p>\n","protected":false},"author":2,"featured_media":64709,"comment_status":"closed","ping_status":"closed","sticky":false,"template":"","format":"standard","meta":[],"categories":[7],"tags":[3417,1065,84,1402],"_links":{"self":[{"href":"https:\/\/www.infokuryr.cz\/n\/wp-json\/wp\/v2\/posts\/79840"}],"collection":[{"href":"https:\/\/www.infokuryr.cz\/n\/wp-json\/wp\/v2\/posts"}],"about":[{"href":"https:\/\/www.infokuryr.cz\/n\/wp-json\/wp\/v2\/types\/post"}],"author":[{"embeddable":true,"href":"https:\/\/www.infokuryr.cz\/n\/wp-json\/wp\/v2\/users\/2"}],"replies":[{"embeddable":true,"href":"https:\/\/www.infokuryr.cz\/n\/wp-json\/wp\/v2\/comments?post=79840"}],"version-history":[{"count":0,"href":"https:\/\/www.infokuryr.cz\/n\/wp-json\/wp\/v2\/posts\/79840\/revisions"}],"wp:featuredmedia":[{"embeddable":true,"href":"https:\/\/www.infokuryr.cz\/n\/wp-json\/wp\/v2\/media\/64709"}],"wp:attachment":[{"href":"https:\/\/www.infokuryr.cz\/n\/wp-json\/wp\/v2\/media?parent=79840"}],"wp:term":[{"taxonomy":"category","embeddable":true,"href":"https:\/\/www.infokuryr.cz\/n\/wp-json\/wp\/v2\/categories?post=79840"},{"taxonomy":"post_tag","embeddable":true,"href":"https:\/\/www.infokuryr.cz\/n\/wp-json\/wp\/v2\/tags?post=79840"}],"curies":[{"name":"wp","href":"https:\/\/api.w.org\/{rel}","templated":true}]}}