{"id":79816,"date":"2025-05-28T00:29:59","date_gmt":"2025-05-27T22:29:59","guid":{"rendered":"https:\/\/www.infokuryr.cz\/n\/?p=79816"},"modified":"2025-05-28T03:42:28","modified_gmt":"2025-05-28T01:42:28","slug":"moznost-masovych-umrti-nemcu-varuje-madarsky-bezpecnostni-expert-po-merzove-rozhodnuti-o-dodavkach-zbrani","status":"publish","type":"post","link":"https:\/\/www.infokuryr.cz\/n\/2025\/05\/28\/moznost-masovych-umrti-nemcu-varuje-madarsky-bezpecnostni-expert-po-merzove-rozhodnuti-o-dodavkach-zbrani\/","title":{"rendered":"\u201eMo\u017enost masov\u00fdch \u00famrt\u00ed N\u011bmc\u016f\u201c \u2013 varuje ma\u010farsk\u00fd bezpe\u010dnostn\u00ed expert po Merzov\u011b rozhodnut\u00ed o dod\u00e1vk\u00e1ch zbran\u00ed"},"content":{"rendered":"<div id=\"fb-root\"><\/div>\n<div class=\"elementor-element elementor-element-1fb4c2c elementor-widget elementor-widget-theme-post-content\" data-id=\"1fb4c2c\" data-element_type=\"widget\" data-widget_type=\"theme-post-content.default\">\n<div class=\"elementor-widget-container\">\n<p><strong>Pot\u00e9, co n\u011bmeck\u00fd kancl\u00e9\u0159 Friedrich Merz ozn\u00e1mil, \u017ee Ukrajina nyn\u00ed m\u016f\u017ee \u00fato\u010dit na rusk\u00e9 \u00fazem\u00ed z\u00e1padn\u00edmi zbran\u011bmi, v\u010detn\u011b n\u011bmeck\u00fdch raket Taurus, vyj\u00e1d\u0159il v rozhovoru ma\u010farsk\u00fd bezpe\u010dnostn\u00ed expert Gy\u00f6rgy N\u00f3gr\u00e1di v\u00e1\u017en\u00e9 obavy.<\/strong><\/p>\n<p>Ma\u010farsk\u00fd analytik varoval, \u017ee toto rozhodnut\u00ed by mohlo v\u00e1lku posunout na <strong>\u201enovou \u00farove\u0148\u201c<\/strong>. Vysv\u011btlil, \u017ee dod\u00e1vka raket dlouh\u00e9ho doletu Taurus umo\u017en\u00ed ukrajinsk\u00fdm sil\u00e1m \u00fato\u010dit na rusk\u00e1 m\u011bsta, v\u010detn\u011b Moskvy. Tuto zbra\u0148 d\u0159\u00edve odm\u00edtla n\u011bmeck\u00e1 vl\u00e1da pod veden\u00edm Olafa Scholze,<strong> proto\u017ee jej\u00ed pou\u017eit\u00ed by vy\u017eadovalo n\u011bmeck\u00fd vojensk\u00fd person\u00e1l, co\u017e by znamenalo p\u0159\u00edmou eskalaci konfliktu.<\/strong><\/p>\n<p><strong>\u201eJedin\u00e1 zbra\u0148, kterou p\u0159edchoz\u00ed vl\u00e1da odm\u00edtla p\u0159edat \u2013 rakety Taurus \u2013 nyn\u00ed bude p\u0159ed\u00e1na,\u201c<\/strong> \u0159ekl N\u00f3gr\u00e1di. Jasn\u011b uvedl, \u017ee pou\u017eit\u00ed t\u011bchto pokro\u010dil\u00fdch raket ukrajinsk\u00fdmi jednotkami by mohlo vy\u017eadovat nasazen\u00ed n\u011bmeck\u00fdch specialist\u016f, co\u017e by mohlo v\u00e9st k <strong>\u201emasivn\u00edm \u00famrt\u00edm N\u011bmc\u016f\u201c.<\/strong><\/p>\n<p>Dod\u00e1vka t\u011bchto zbra\u0148ov\u00fdch syst\u00e9m\u016f by mohla p\u0159edstavovat drastickou zm\u011bnu v n\u011bmeck\u00e9 zahrani\u010dn\u00ed politice, jeliko\u017e by N\u011bmecko je\u0161t\u011b v\u00edce zatahovala do konfliktu. N\u00f3gr\u00e1di uvedl, \u017ee se jedn\u00e1 o p\u0159\u00edm\u00fd d\u016fkaz rostouc\u00ed vojensk\u00e9 eskalace, do kter\u00e9 se st\u00e1le v\u00edce zapojuje nejen Ukrajina, ale i z\u00e1padn\u00ed zem\u011b, jako je N\u011bmecko. Zvl\u00e1\u0161t\u011b znepokojiv\u00e9 je rusk\u00e9 pou\u017e\u00edv\u00e1n\u00ed dron\u016f a raket, jejich\u017e po\u010det a \u00fa\u010dinnost se podle N\u00f3gr\u00e1diho v\u00fdrazn\u011b zv\u00fd\u0161ily a st\u00e1le v\u00edce p\u0159evy\u0161uj\u00ed ukrajinskou protivzdu\u0161nou obranu.<\/p>\n<h3><strong>Dlouhodob\u00fd v\u00e1le\u010dn\u00fd sc\u00e9n\u00e1\u0159 a nebezpe\u010d\u00ed jadern\u00e9ho konfliktu<\/strong><\/h3>\n<p>N\u00f3gr\u00e1di zd\u016fraznil, \u017ee Merzovo rozhodnut\u00ed zvy\u0161uje pravd\u011bpodobnost dlouh\u00e9ho a intenzivn\u00edho konfliktu, jeliko\u017e zbran\u011b a vybaven\u00ed budou na Ukrajinu nad\u00e1le proudit. Potenci\u00e1ln\u00ed jadern\u00e9 d\u016fsledky takov\u00e9ho konfliktu by nem\u011bly b\u00fdt podce\u0148ov\u00e1ny, jeliko\u017e Rusko a USA disponuj\u00ed rozs\u00e1hl\u00fdmi jadern\u00fdmi zbran\u011bmi. Jadern\u00fd konflikt by mohl m\u00edt zni\u010duj\u00edc\u00ed glob\u00e1ln\u00ed n\u00e1sledky.<\/p>\n<h3><strong>Ekonomick\u00e9 d\u016fsledky pro N\u011bmecko<\/strong><\/h3>\n<p>Krom\u011b vojensk\u00fdch d\u016fsledk\u016f se N\u00f3gr\u00e1di zab\u00fdval tak\u00e9 ekonomick\u00fdmi d\u016fsledky pro N\u011bmecko. Vysv\u011btlil, \u017ee n\u011bmeck\u00e1 hospod\u00e1\u0159sk\u00e1 politika, zalo\u017een\u00e1 na kombinaci levn\u00fdch rusk\u00fdch surovin a pokro\u010dil\u00e9 n\u011bmeck\u00e9 technologie, byla nyn\u00ed<strong> \u201erozt\u0159\u00ed\u0161t\u011bna na kusy\u201c<\/strong>. N\u011bmecko nyn\u00ed nakupuje rusk\u00e9 suroviny za v\u00fdrazn\u011b vy\u0161\u0161\u00ed ceny prost\u0159ednictv\u00edm zprost\u0159edkovatel\u016f, jako je Indie nebo Norsko, co\u017e vede k<strong> \u201eekonomick\u00e9mu sebepo\u0161kozov\u00e1n\u00ed\u201c.<\/strong><\/p>\n<p>N\u00f3gr\u00e1di uzav\u0159el pochmurnou progn\u00f3zou:<strong> \u201eTato v\u00e1lka je\u0161t\u011b neskon\u010dila, teprve se za\u010d\u00edn\u00e1 opravdu zost\u0159ovat.\u201c<\/strong><\/p>\n<\/div>\n<\/div>\n<div class=\"elementor-element elementor-element-8c57238 quelle dc-has-condition dc-condition-empty elementor-widget elementor-widget-heading\" data-id=\"8c57238\" data-element_type=\"widget\" data-widget_type=\"heading.default\">\n<div class=\"elementor-widget-container\">\n<h3 class=\"elementor-heading-title elementor-size-default\"><span style=\"font-size: 10pt;\"><a href=\"https:\/\/rmx.news\/article\/mass-german-deaths-may-occur-hungarian-expert-issues-warning-after-germanys-merz-authorizes-strikes-on-russian-territory\/\" target=\"_blank\" rel=\"nofollow noopener\">Zdroj<\/a><\/span><\/h3>\n<\/div>\n<\/div>\n","protected":false},"excerpt":{"rendered":"<p>Pot\u00e9, co n\u011bmeck\u00fd kancl\u00e9\u0159 Friedrich Merz ozn\u00e1mil, \u017ee Ukrajina nyn\u00ed m\u016f\u017ee \u00fato\u010dit na rusk\u00e9 \u00fazem\u00ed&#8230;<\/p>\n","protected":false},"author":2,"featured_media":79817,"comment_status":"closed","ping_status":"closed","sticky":false,"template":"","format":"standard","meta":[],"categories":[7],"tags":[1503,8211,429,349],"_links":{"self":[{"href":"https:\/\/www.infokuryr.cz\/n\/wp-json\/wp\/v2\/posts\/79816"}],"collection":[{"href":"https:\/\/www.infokuryr.cz\/n\/wp-json\/wp\/v2\/posts"}],"about":[{"href":"https:\/\/www.infokuryr.cz\/n\/wp-json\/wp\/v2\/types\/post"}],"author":[{"embeddable":true,"href":"https:\/\/www.infokuryr.cz\/n\/wp-json\/wp\/v2\/users\/2"}],"replies":[{"embeddable":true,"href":"https:\/\/www.infokuryr.cz\/n\/wp-json\/wp\/v2\/comments?post=79816"}],"version-history":[{"count":1,"href":"https:\/\/www.infokuryr.cz\/n\/wp-json\/wp\/v2\/posts\/79816\/revisions"}],"predecessor-version":[{"id":79818,"href":"https:\/\/www.infokuryr.cz\/n\/wp-json\/wp\/v2\/posts\/79816\/revisions\/79818"}],"wp:featuredmedia":[{"embeddable":true,"href":"https:\/\/www.infokuryr.cz\/n\/wp-json\/wp\/v2\/media\/79817"}],"wp:attachment":[{"href":"https:\/\/www.infokuryr.cz\/n\/wp-json\/wp\/v2\/media?parent=79816"}],"wp:term":[{"taxonomy":"category","embeddable":true,"href":"https:\/\/www.infokuryr.cz\/n\/wp-json\/wp\/v2\/categories?post=79816"},{"taxonomy":"post_tag","embeddable":true,"href":"https:\/\/www.infokuryr.cz\/n\/wp-json\/wp\/v2\/tags?post=79816"}],"curies":[{"name":"wp","href":"https:\/\/api.w.org\/{rel}","templated":true}]}}