{"id":79813,"date":"2025-05-28T00:28:03","date_gmt":"2025-05-27T22:28:03","guid":{"rendered":"https:\/\/www.infokuryr.cz\/n\/?p=79813"},"modified":"2025-05-27T17:15:09","modified_gmt":"2025-05-27T15:15:09","slug":"ruska-televize-pozaduje-odvetu-zniceni-nemecke-tovarny-taurus-v-reakci-na-zruseni-omezeni-doletu","status":"publish","type":"post","link":"https:\/\/www.infokuryr.cz\/n\/2025\/05\/28\/ruska-televize-pozaduje-odvetu-zniceni-nemecke-tovarny-taurus-v-reakci-na-zruseni-omezeni-doletu\/","title":{"rendered":"Rusk\u00e1 televize po\u017eaduje odvetu: Zni\u010den\u00ed n\u011bmeck\u00e9 tov\u00e1rny Taurus v reakci na zru\u0161en\u00ed omezen\u00ed doletu"},"content":{"rendered":"<div id=\"fb-root\"><\/div>\n<p><strong>Rusk\u00e1 televize vyz\u00fdv\u00e1 k odvet\u011b po Merzov\u011b ozn\u00e1men\u00ed o \u00fatoku: Zni\u010den\u00ed z\u00e1vodu Taurus ve Schrobenhausenu<\/strong><\/p>\n<p>Rusk\u00fd televizn\u00ed po\u0159ad \u201e60 minut\u201c 26. kv\u011btna 2025 znepokojiv\u011b vyzval k vojensk\u00e9 reakci na ned\u00e1vn\u00e1 prohl\u00e1\u0161en\u00ed n\u011bmeck\u00e9ho kancl\u00e9\u0159e Friedricha Merze. \u0160\u00e9fredaktor vojensk\u00e9ho \u010dasopisu\u00a0<em>N\u00e1rodn\u00ed obrana<\/em>\u00a0Igor Korot\u010denko ozna\u010dil dod\u00e1vku st\u0159el Taurus na Ukrajinu za \u201enep\u0159ijatelnou provokaci\u201c a jasn\u011b uvedl, \u017ee Rusko mus\u00ed odpov\u00eddaj\u00edc\u00edm zp\u016fsobem reagovat.<\/p>\n<h3 class=\"wp-block-heading\"><strong>Eskalace: Merzovo prohl\u00e1\u0161en\u00ed a po\u017eadavek na odvetu<\/strong><\/h3>\n<p>Korot\u010denko ve sv\u00e9m prohl\u00e1\u0161en\u00ed odkazoval na Merzova prohl\u00e1\u0161en\u00ed o mo\u017en\u00e9 podpo\u0159e Ukrajiny prost\u0159ednictv\u00edm raket Taurus, kter\u00e9 by mohly b\u00fdt naprogramov\u00e1ny a pou\u017eity n\u011bmeck\u00fdmi ozbrojen\u00fdmi silami. Tvrdil, \u017ee dod\u00e1vka t\u011bchto zbran\u00ed by znamenala p\u0159\u00edm\u00e9 zapojen\u00ed N\u011bmecka do konfliktu a \u017ee by to m\u011blo b\u00fdt vn\u00edm\u00e1no jako forma vyhl\u00e1\u0161en\u00ed v\u00e1lky. Korot\u010denko v reakci doporu\u010dil, aby Rusko p\u0159ijalo demonstrativn\u00ed odvetn\u00e1 opat\u0159en\u00ed. To by bylo provedeno jako nejadern\u00fd \u00fader a zni\u010dilo by tov\u00e1rnu Taurus v n\u011bmeck\u00e9m Schrobenhausenu, aby se N\u011bmecku zabr\u00e1nilo ve v\u00fdrob\u011b t\u011bchto st\u0159el s plochou dr\u00e1hou letu po dobu p\u0159\u00ed\u0161t\u00edch p\u011bti a\u017e sedmi let.<\/p>\n<div class=\"twitter-tweet twitter-tweet-rendered\"><iframe id=\"twitter-widget-0\" class=\"\" title=\"X Post\" src=\"https:\/\/platform.twitter.com\/embed\/Tweet.html?dnt=false&amp;embedId=twitter-widget-0&amp;features=eyJ0ZndfdGltZWxpbmVfbGlzdCI6eyJidWNrZXQiOltdLCJ2ZXJzaW9uIjpudWxsfSwidGZ3X2ZvbGxvd2VyX2NvdW50X3N1bnNldCI6eyJidWNrZXQiOnRydWUsInZlcnNpb24iOm51bGx9LCJ0ZndfdHdlZXRfZWRpdF9iYWNrZW5kIjp7ImJ1Y2tldCI6Im9uIiwidmVyc2lvbiI6bnVsbH0sInRmd19yZWZzcmNfc2Vzc2lvbiI6eyJidWNrZXQiOiJvbiIsInZlcnNpb24iOm51bGx9LCJ0ZndfZm9zbnJfc29mdF9pbnRlcnZlbnRpb25zX2VuYWJsZWQiOnsiYnVja2V0Ijoib24iLCJ2ZXJzaW9uIjpudWxsfSwidGZ3X21peGVkX21lZGlhXzE1ODk3Ijp7ImJ1Y2tldCI6InRyZWF0bWVudCIsInZlcnNpb24iOm51bGx9LCJ0ZndfZXhwZXJpbWVudHNfY29va2llX2V4cGlyYXRpb24iOnsiYnVja2V0IjoxMjA5NjAwLCJ2ZXJzaW9uIjpudWxsfSwidGZ3X3Nob3dfYmlyZHdhdGNoX3Bpdm90c19lbmFibGVkIjp7ImJ1Y2tldCI6Im9uIiwidmVyc2lvbiI6bnVsbH0sInRmd19kdXBsaWNhdGVfc2NyaWJlc190b19zZXR0aW5ncyI6eyJidWNrZXQiOiJvbiIsInZlcnNpb24iOm51bGx9LCJ0ZndfdXNlX3Byb2ZpbGVfaW1hZ2Vfc2hhcGVfZW5hYmxlZCI6eyJidWNrZXQiOiJvbiIsInZlcnNpb24iOm51bGx9LCJ0ZndfdmlkZW9faGxzX2R5bmFtaWNfbWFuaWZlc3RzXzE1MDgyIjp7ImJ1Y2tldCI6InRydWVfYml0cmF0ZSIsInZlcnNpb24iOm51bGx9LCJ0ZndfbGVnYWN5X3RpbWVsaW5lX3N1bnNldCI6eyJidWNrZXQiOnRydWUsInZlcnNpb24iOm51bGx9LCJ0ZndfdHdlZXRfZWRpdF9mcm9udGVuZCI6eyJidWNrZXQiOiJvbiIsInZlcnNpb24iOm51bGx9fQ%3D%3D&amp;frame=false&amp;hideCard=false&amp;hideThread=false&amp;id=1927359349820715397&amp;lang=cs&amp;origin=https%3A%2F%2Funcutnews.ch%2Fvergeltungsmassnahmen-im-russischen-tv-gefordert-zerstorung-des-deutschen-taurus-werks-als-antwort-auf-aufhebung-der-reichweitenbeschrankung-video%2F&amp;sessionId=372712fbbe1d0c8033c4b54456c771732ec24fae&amp;theme=light&amp;widgetsVersion=2615f7e52b7e0%3A1702314776716&amp;width=550px\" frameborder=\"0\" scrolling=\"no\" allowfullscreen=\"allowfullscreen\" data-tweet-id=\"1927359349820715397\" data-mce-fragment=\"1\"><\/iframe><\/div>\n<p>Korot\u010denko navrhl v z\u00e1vod\u011b odp\u00e1lit dv\u011b rakety Ore\u0161nik s konven\u010dn\u00edmi hlavicemi a hypersonickou rychlost\u00ed. Z\u00e1vod se nach\u00e1z\u00ed v odlehl\u00e9 oblasti a podle Korot\u010denka by byl zcela zni\u010den, ani\u017e by zp\u016fsobil v\u011bt\u0161\u00ed vedlej\u0161\u00ed \u0161kody. \u201eToto opat\u0159en\u00ed by N\u011bmecku zabr\u00e1nilo ve v\u00fdrob\u011b dal\u0161\u00edch \u0159\u00edzen\u00fdch st\u0159el Taurus,\u201c vysv\u011btlil.<\/p>\n<h3 class=\"wp-block-heading\"><strong>Politick\u00fd kontext a pr\u00e1vn\u00ed od\u016fvodn\u011bn\u00ed<\/strong><\/h3>\n<p>Korot\u010denko tak\u00e9 objasnil, \u017ee takov\u00fd krok vy\u017eaduje pr\u00e1vn\u00ed a politick\u00e9 od\u016fvodn\u011bn\u00ed, kter\u00e9 mus\u00ed b\u00fdt sd\u011bleno Trumpov\u011b administrativ\u011b, Rad\u011b bezpe\u010dnosti OSN a mezin\u00e1rodn\u00edmu spole\u010denstv\u00ed. \u201eNevedeme v\u00e1lku proti N\u011bmecku, ale sp\u00ed\u0161e c\u00edlen\u00e9, nejadern\u00e9 odvetn\u00e9 opat\u0159en\u00ed proti n\u011bmeck\u00e9 agresi,\u201c \u0159ekl Korot\u010denko a zd\u016fraznil, \u017ee Rusko si nep\u0159eje \u201ev\u00e1lku v Evrop\u011b\u201c, ale pouze pot\u0159ebuje poskytnout \u201en\u00e1pravu\u201c.<\/p>\n<h3 class=\"wp-block-heading\"><strong>Geopolitick\u00e9 pozad\u00ed<\/strong><\/h3>\n<p>Tento po\u017eadavek je dal\u0161\u00edm znakem rostouc\u00edho nap\u011bt\u00ed v ukrajinsk\u00e9m konfliktu. Zat\u00edmco Z\u00e1pad, zejm\u00e9na USA a N\u011bmecko, pokra\u010duje v dod\u00e1vk\u00e1ch zbran\u00ed na Ukrajinu, Rusko projevuje rostouc\u00ed odhodl\u00e1n\u00ed reagovat na tyto dod\u00e1vky zbran\u00ed odpov\u00eddaj\u00edc\u00edmi vojensk\u00fdmi opat\u0159en\u00edmi. Korot\u010denkova prohl\u00e1\u0161en\u00ed ilustruj\u00ed, jak v\u00e1\u017en\u011b je konflikt br\u00e1n a jak by se geopolitick\u00e9 vztahy mezi Ruskem a Z\u00e1padem mohly d\u00e1le vyhrotit.<\/p>\n<h3 class=\"wp-block-heading\"><strong>Z\u00e1v\u011br<\/strong><\/h3>\n<p>V\u00fdzva k vojensk\u00e9 odvet\u011b a hrozba zni\u010den\u00ed z\u00e1vodu Taurus p\u0159edstavuj\u00ed dal\u0161\u00ed nebezpe\u010dn\u00fd moment v ji\u017e tak napjat\u00e9m geopolitick\u00e9m prost\u0159ed\u00ed. Tento v\u00fdvoj vyvol\u00e1v\u00e1 ot\u00e1zku, jak daleko je Z\u00e1pad ochoten zaj\u00edt v podpo\u0159e Ukrajiny a jak na tato opat\u0159en\u00ed zareaguje Rusko. Mezin\u00e1rodn\u00ed spole\u010denstv\u00ed \u010del\u00ed v\u00fdzv\u011b deeskalace eskaluj\u00edc\u00edho konfliktu d\u0159\u00edve, ne\u017e povede k je\u0161t\u011b v\u011bt\u0161\u00ed vojensk\u00e9 a politick\u00e9 katastrof\u011b.<\/p>\n<p><img decoding=\"async\" loading=\"lazy\" class=\"alignnone size-full wp-image-1185\" src=\"http:\/\/www.infokuryr.cz\/n\/wp-content\/uploads\/2021\/04\/kuryr-podpis.png\" alt=\"\" width=\"84\" height=\"24\" \/><\/p>\n<p>&nbsp;<\/p>\n","protected":false},"excerpt":{"rendered":"<p>Rusk\u00e1 televize vyz\u00fdv\u00e1 k odvet\u011b po Merzov\u011b ozn\u00e1men\u00ed o \u00fatoku: Zni\u010den\u00ed z\u00e1vodu Taurus ve Schrobenhausenu&#8230;<\/p>\n","protected":false},"author":2,"featured_media":79815,"comment_status":"closed","ping_status":"closed","sticky":false,"template":"","format":"standard","meta":[],"categories":[7],"tags":[8211,2070,349,22],"_links":{"self":[{"href":"https:\/\/www.infokuryr.cz\/n\/wp-json\/wp\/v2\/posts\/79813"}],"collection":[{"href":"https:\/\/www.infokuryr.cz\/n\/wp-json\/wp\/v2\/posts"}],"about":[{"href":"https:\/\/www.infokuryr.cz\/n\/wp-json\/wp\/v2\/types\/post"}],"author":[{"embeddable":true,"href":"https:\/\/www.infokuryr.cz\/n\/wp-json\/wp\/v2\/users\/2"}],"replies":[{"embeddable":true,"href":"https:\/\/www.infokuryr.cz\/n\/wp-json\/wp\/v2\/comments?post=79813"}],"version-history":[{"count":1,"href":"https:\/\/www.infokuryr.cz\/n\/wp-json\/wp\/v2\/posts\/79813\/revisions"}],"predecessor-version":[{"id":79814,"href":"https:\/\/www.infokuryr.cz\/n\/wp-json\/wp\/v2\/posts\/79813\/revisions\/79814"}],"wp:featuredmedia":[{"embeddable":true,"href":"https:\/\/www.infokuryr.cz\/n\/wp-json\/wp\/v2\/media\/79815"}],"wp:attachment":[{"href":"https:\/\/www.infokuryr.cz\/n\/wp-json\/wp\/v2\/media?parent=79813"}],"wp:term":[{"taxonomy":"category","embeddable":true,"href":"https:\/\/www.infokuryr.cz\/n\/wp-json\/wp\/v2\/categories?post=79813"},{"taxonomy":"post_tag","embeddable":true,"href":"https:\/\/www.infokuryr.cz\/n\/wp-json\/wp\/v2\/tags?post=79813"}],"curies":[{"name":"wp","href":"https:\/\/api.w.org\/{rel}","templated":true}]}}