{"id":79806,"date":"2025-05-28T00:10:33","date_gmt":"2025-05-27T22:10:33","guid":{"rendered":"https:\/\/www.infokuryr.cz\/n\/?p=79806"},"modified":"2025-05-27T14:06:07","modified_gmt":"2025-05-27T12:06:07","slug":"marek-rezanka-zasadni-prekazka","status":"publish","type":"post","link":"https:\/\/www.infokuryr.cz\/n\/2025\/05\/28\/marek-rezanka-zasadni-prekazka\/","title":{"rendered":"Marek \u0158ezanka: Z\u00e1sadn\u00ed p\u0159ek\u00e1\u017eka"},"content":{"rendered":"<div id=\"fb-root\"><\/div>\n<p>Jist\u011b je\u0161t\u011b m\u00e1me v \u017eiv\u00e9 pam\u011bti, jak se mainstreamov\u00e1 m\u00e9dia a strany st\u00e1vaj\u00edc\u00ed vl\u00e1dn\u00ed koalice stav\u011bly ke snah\u00e1m Milo\u0161e Zemana nejmenovat n\u011bkter\u00e9 navr\u017een\u00e9 ministry. Z d\u016fvodu nekompetentnosti m\u011bl je\u0161t\u011b za p\u016fsoben\u00ed soci\u00e1ln\u00ed demokracie v\u00fdhrady k Michalovi \u0160mardovi jako kandid\u00e1tovi na resort kultury, v p\u0159\u00edpad\u011b Fialova kabinetu m\u011bl tyt\u00e9\u017e p\u0159ipom\u00ednky k bakal\u00e1\u0159ovi Janovi Lipavsk\u00e9mu. Toho nakonec s nejvy\u0161\u0161\u00edm mo\u017en\u00fdm odporem a pohrd\u00e1n\u00edm jmenoval, aby se pot\u00e9 ost\u0159e ohradil proti nominaci Petra Hlad\u00edka na resort \u017eivotn\u00edho prost\u0159ed\u00ed. Hlad\u00edk toti\u017e figuroval v kauze Taxis, a i kdy\u017e mu nebylo nic prok\u00e1z\u00e1no, pochybnosti rozpt\u00fdleny nebyly.<\/p>\n<p>Milo\u0161e Zemana vyst\u0159\u00eddal Petr Pavel s t\u00edm, \u017ee hlava st\u00e1tu ministra jmenovat mus\u00ed. Kdy\u017e pana Hlad\u00edka jmenoval, neodpustil si koment\u00e1\u0159: \u201eJsem r\u00e1d, \u017ee mohu ukon\u010dit dlouh\u00e9 obdob\u00ed r\u016fzn\u00fdch dohad\u016f a v\u00fdhrad. Z toho, co jsem si m\u011bl s\u00e1m mo\u017enost zjistit, tak pr\u00e1zdn\u00fdch.\u201c<\/p>\n<p>Uplynulo p\u00e1r let, a m\u00e1me zde situaci, kdy je to Petr Pavel, kter\u00fd avizuje mo\u017enost proti\u00fastavn\u00edho jedn\u00e1n\u00ed.<\/p>\n<p>Za Petra Hlad\u00edka d\u00e1val ruku do ohn\u011b, \u017ee si pr\u00fd ov\u011b\u0159il, \u017ee pochybnosti kolem jeho osoby byly lich\u00e9 a ni\u010d\u00edm nepodlo\u017een\u00e9. M\u011blo by n\u00e1s zaj\u00edmat, z \u010deho p\u0159i tomto konstatov\u00e1n\u00ed Petr Pavel vych\u00e1zel. On snad n\u011bco vy\u0161et\u0159oval?<\/p>\n<p>Zkr\u00e1tka a dob\u0159e poskytl panu Hlad\u00edkovi bianco \u0161ek s t\u00edm, \u017ee mu v\u011b\u0159\u00ed. V t\u00e9to souvislosti nelze nezm\u00ednit setrv\u00e1v\u00e1n\u00ed ministra Raku\u0161ana ve funkci ministra vnitra, t\u0159eba\u017ee prokazateln\u011b lhal ohledn\u011b d\u016fvod\u016f ke jmenov\u00e1n\u00ed Petra Mlejnka \u0159editelem \u00da\u0159adu pro zahrani\u010dn\u00ed styky a informace. \u0158e\u010d je zde o kauze Dozimetr.<\/p>\n<p>Panu Pavlovi ale zjevn\u011b riziko, \u017ee by j\u00edm jmenovan\u00fd ministr mohl b\u00fdt ve st\u0159etu z\u00e1jm\u016f \u010di se dopustit krimin\u00e1ln\u00edho jedn\u00e1n\u00ed, nevad\u00ed. Hlavn\u011b kdy\u017e nebude kritizovat NATO.<\/p>\n<p>Jak se Petr Pavel zachov\u00e1, bude-li na ministra zahrani\u010dn\u00edch v\u011bc\u00ed navr\u017een n\u011bkdo z trojice: Ji\u0159\u00ed Kobza, Jan Zahradil \u010di Petr Drul\u00e1k? Odm\u00edtne je v souladu s \u00dastavou \u010cesk\u00e9 republiky jmenovat?<\/p>\n<p>Tragikomickou kulisu by t\u00e9 fra\u0161ce dotv\u00e1\u0159el potlesk v\u0161ech, kdo k\u0159i\u010deli, jak \u00fadajn\u011b Milo\u0161 Zeman oh\u00fdb\u00e1 \u00fastavu a fandili rud\u00fdm trenk\u00e1m vlaj\u00edc\u00edm nad Hradem.<\/p>\n<h3><strong><em>Hlavn\u011b dr\u017eet<\/em><\/strong>\u00a0<strong><em>linii\u2026<\/em><\/strong><\/h3>\n<p>Petr Pavel p\u0159ed parlamentn\u00edmi volbami v roce 2025 vyslal n\u00e1sleduj\u00edc\u00ed sign\u00e1l: \u201eP\u0159edpokl\u00e1d\u00e1m, \u017ee zastupuji mand\u00e1t, kter\u00fd jsem dop\u0159edu avizoval. To znamen\u00e1 jasn\u00e9 zakotven\u00ed \u010cesk\u00e9 republiky v NATO a Evropsk\u00e9 unii. (\u2026) P\u0159i sestavov\u00e1n\u00ed vl\u00e1dy budu v\u011bnovat velkou pozornost tomu, aby ti lid\u00e9, kte\u0159\u00ed budou potom tuhle zemi v exekutivn\u00ed rovin\u011b zastupovat, dr\u017eeli i tuto linii.\u201c<\/p>\n<p><strong>\u00dastavn\u00ed pr\u00e1vn\u00edk Jan Kysela se k mo\u017en\u00e9mu nejmenov\u00e1n\u00ed ministra ze strany prezidenta republiky vyj\u00e1d\u0159il 10. 12. 2021 dotazu, zda prezident republiky m\u016f\u017ee ministra nejmenovat:<\/strong><\/p>\n<p><em>\u201ePodle m\u00e9ho soudu nem\u016f\u017ee, leda\u017ee by nastala v\u00fdjime\u010dn\u00e1 situace, kterou bych p\u0159ipodobnil asi jen k tomu, \u017ee by existovala n\u011bjak\u00e1 pr\u00e1vn\u00ed p\u0159ek\u00e1\u017eka. Typickou pr\u00e1vn\u00ed p\u0159ek\u00e1\u017ekou m\u016f\u017ee b\u00fdt to, \u017ee kandid\u00e1t je odsouzen\u00fd v n\u011bjak\u00e9m trestn\u00edm procesu a trest zahrnuje z\u00e1kaz v\u00fdkonu funkc\u00ed ve prosp\u011bch st\u00e1tn\u00ed spr\u00e1vy nebo ve\u0159ejn\u00e9 moci. To je asi typick\u00fd z\u00e1kladn\u00ed argument.\u201c<\/em><\/p>\n<p><strong>Znovu si tedy vedle sebe postavme dv\u011b situace:<\/strong><\/p>\n<p>1) Nominant na ministra je podez\u0159el\u00fd, \u017ee byl n\u011bjak\u00fdm zp\u016fsobem zapleten\u00fd do korup\u010dn\u00ed \u010di podvodn\u00e9 kauzy, t\u0159eba\u017ee neexistuj\u00ed d\u016fkazy, je\u017e by ho z tohoto \u010dinu usv\u011bd\u010dovaly.<br \/>\n2) Nominant na ministra je kritick\u00fd k politick\u00fdm krok\u016fm vojensk\u00e9 aliance NATO.<\/p>\n<p>M\u016f\u017eeme konstatovat, \u017ee pro st\u00e1vaj\u00edc\u00edho prezidenta republiky je druh\u00fd bod z\u00e1va\u017en\u011bj\u0161\u00ed ne\u017e prve uveden\u00fd.<\/p>\n<p>Prezident republiky nem\u00e1 co mluvit do vl\u00e1dn\u00edho programu v\u00edt\u011bzn\u00e9 parlamentn\u00ed strany nebo koalice. Nen\u00ed-li ministr souzen a odsouzen za krimin\u00e1ln\u00ed jedn\u00e1n\u00ed, jmenovat ho mus\u00ed. Po vzoru Milo\u0161e Zemana m\u016f\u017ee pouk\u00e1zat na mo\u017enou nekompetentnost ministra, jako nap\u0159\u00edklad jeho nedostate\u010dn\u00e9 vzd\u011bl\u00e1n\u00ed \u010di neznalost resortu, kter\u00fd m\u00e1 \u0159\u00eddit (pokud takov\u00e1 situace nastane jako v p\u0159\u00edpad\u011b bakal\u00e1\u0159e Jana Lipavsk\u00e9ho \u010di ministra zem\u011bd\u011blstv\u00ed, Marka V\u00fdborn\u00e9ho).<\/p>\n<p>Pod\u00edv\u00e1me-li se na postoje jednotliv\u00fdch stran a jejich p\u0159edstavitel\u016f k NATO, pln\u00e9 vystoupen\u00ed nepo\u017eaduje nikdo z nich. Motorist\u00e9 v n\u011bm hodlaj\u00ed setrvat, podle Okamury nem\u00e1 alternativu, a Petr Drul\u00e1k zva\u017euje vystoupen\u00ed z vojensk\u00fdch struktur NATO jako reakci na eskala\u010dn\u00ed vojenskou politiku t\u00e9to aliance. To tu ji\u017e v historii v pod\u00e1n\u00ed Francie bylo.<\/p>\n<p>K t\u00e9to ot\u00e1zce by bylo na m\u00edst\u011b referendum, aby o sob\u011b mohli rozhodovat sami ob\u010dan\u00e9 \u010cR, a ne, aby o nich rozhodoval Petr nebo Pavel.<\/p>\n<h3><strong><em>K \u010demu NATO?<\/em><\/strong><\/h3>\n<p>Diskuse o budoucnosti NATO je kl\u00ed\u010dov\u00e1, a v \u017e\u00e1dn\u00e9m p\u0159\u00edpad\u011b by nem\u011bla b\u00fdt tabuizov\u00e1na. Debata o tom, zda ob\u010dan\u016fm jednotliv\u00fdch zem\u00ed Evropsk\u00e9 unie sk\u00fdt\u00e1 \u010dlenstv\u00ed v NATO vy\u0161\u0161\u00ed bezpe\u010dnost, \u010di v\u011bt\u0161\u00ed hrozbu, je zcela legitimn\u00ed a \u017e\u00e1douc\u00ed. To sam\u00e9 se t\u00fdk\u00e1 dotazu, zda NATO slou\u017e\u00ed jako aliance obrann\u00e1, nebo \u00fato\u010dn\u00e1. Do t\u0159etice by role NATO m\u011bla b\u00fdt konfrontov\u00e1na s prom\u011bnou sv\u011bta unipol\u00e1rn\u00edho s jedn\u00edm mocensk\u00fdm hegemonem na sv\u011bt multipol\u00e1rn\u00ed.<\/p>\n<p>Je zcela evidentn\u00ed, \u017ee v \u010cesk\u00e9 republice jsou podobn\u00e9 debaty potla\u010dov\u00e1ny a d\u00e9monizov\u00e1ny. Z\u00e1kaz p\u0159em\u00fd\u0161len\u00ed o jak\u00e9mkoli probl\u00e9mu z r\u016fzn\u00fdch \u00fahl\u016f pohledu je v\u017edy tou nejhor\u0161\u00ed zpr\u00e1vou o stavu svobody v dan\u00e9 spole\u010dnosti.<\/p>\n<p>M\u011bli bychom si p\u0159ipom\u00ednat zlo\u010dinn\u00e9 bombardov\u00e1n\u00ed vlaku s civilisty v Grdelick\u00e9 sout\u011bsce v dubnu 1999, roli NATO ve v\u00e1lce v Ir\u00e1ku od roku 2003, a m\u011bli bychom se zam\u00fd\u0161let nad d\u016fsledky roz\u0161i\u0159ov\u00e1n\u00ed NATO v\u00fdchodn\u00edm sm\u011brem pr\u00e1v\u011b z hlediska bezpe\u010dnostn\u00ed (ne)stability.<\/p>\n<p>Jednou z ot\u00e1zek, kterou bychom si p\u0159i pohledu na mrtv\u00e9 Ukrajince a Rusy v krvav\u00e9 v\u00e1lce m\u011bli kl\u00e1st, je, zda by k n\u00ed do\u0161lo za p\u0159edpokladu neexistence NATO.<\/p>\n<p>Jakmile existuj\u00ed t\u00e9mata, o nich\u017e se nediskutuje, vznik\u00e1 prost\u0159ed\u00ed nezdrav\u00e9 a\u017e patologick\u00e9.<\/p>\n<p>Ekonom Jeffrey Sachs opakovan\u011b upozor\u0148oval na fakt, \u017ee p\u0159ibli\u017eov\u00e1n\u00ed aliance NATO k hranic\u00edm Ruska nen\u00ed politikou obrannou, ale hazardem s bezpe\u010dnost\u00ed: \u201e\u2026Ukrajina by nem\u011bla vstupovat do NATO, a m\u011bla by z\u016fstat neutr\u00e1ln\u00ed zem\u00ed. Je p\u0159\u00edli\u0161 nebezpe\u010dn\u00e9, aby americk\u00e1 vojensk\u00e1 aliance sahala a\u017e k rusk\u00e9 hranici, zejm\u00e9na ve vysoce citliv\u00e9m regionu \u010cern\u00e9ho mo\u0159e. Ze stejn\u00e9ho d\u016fvodu jsem proti tomu, aby do NATO vstoupila Gruzie.\u201c<\/p>\n<p>B\u00fdval\u00fd p\u0159edseda Rady bezpe\u010dnosti Organizace spojen\u00fdch n\u00e1rod\u016f, Kishore Mahbubani se k roli NATO v ukrajinsk\u00e9m konfliktu vyj\u00e1d\u0159il naprosto srozumiteln\u011b: \u201eEvropa m\u011b mate. Nejz\u0159eteln\u011bj\u0161\u00edm p\u0159\u00edkladem je v\u00e1lka na Ukrajin\u011b: dalo se j\u00ed p\u0159edej\u00edt od sam\u00e9ho za\u010d\u00e1tku. Evropa se jen musela v\u00e1\u017en\u011b zab\u00fdvat hluboce zako\u0159en\u011bn\u00fdmi bezpe\u010dnostn\u00edmi z\u00e1jmy Ruska. Kdy\u017e NATO v roce 2008 ozn\u00e1milo, \u017ee by se Ukrajina m\u011bla p\u0159ipojit k obrann\u00e9 alianci, byla to pro Rusko obrovsk\u00e1 provokace. Pro\u010d lid\u00e9 d\u011blaj\u00ed takov\u00e9 v\u011bci? To sv\u011bd\u010d\u00ed o nedostatku zdrav\u00e9ho rozumu.<\/p>\n<p>V \u0159\u00edjnu 2022 jsem mluvil s Henrym Kissingerem a on mi \u0159ekl, \u017ee jen t\u011b\u017eko ch\u00e1pe, co se s Evropou stalo. P\u0159ed sto lety vl\u00e1dla Evropa sv\u011btu \u2013 dnes u\u017e nen\u00ed schopna v\u00e9st ani sama sebe.\u201c Pouk\u00e1zal tak na nesm\u00edrnou aroganci Evropy, kter\u00e1 se mimo jin\u00e9 projevuje neschopnost\u00ed anal\u00fdzy sou\u010dasn\u00e9ho stavu v\u011bc\u00ed (A to patrn\u011b nezn\u00e1 ministryni \u010cernochovou z \u010cesk\u00e9 republiky, kter\u00e1 vyz\u00fdvala k vystoupen\u00ed z OSN, proto\u017ee podle n\u00ed si z\u0159ejm\u011b palestin\u0161t\u00ed civilist\u00e9 nic jin\u00e9ho ne\u017e utrpen\u00ed a smrt nezaslou\u017e\u00ed). Ti, kdo vyk\u0159ikuj\u00ed, \u017ee Ukrajina mus\u00ed b\u00fdt v NATO, jin\u00fdmi slovy \u0159\u00edkaj\u00ed, \u017ee v\u00e1lka mus\u00ed pokra\u010dovat \u2013 i za cenu eskalace do jadern\u00fdch rozm\u011br\u016f. Toto pokl\u00e1d\u00e1m za \u010dir\u00e9 \u0161\u00edlenstv\u00ed, kter\u00e9 m\u011blo b\u00fdt ji\u017e d\u00e1vno zastaveno \u2013 a kter\u00e9 denn\u011b stoj\u00ed mnoho zbyte\u010dn\u011b zma\u0159en\u00fdch lidsk\u00fdch \u017eivot\u016f.<\/p>\n<h3><strong><em>\u017dako to zvl\u00e1dne\u2026<\/em><\/strong><\/h3>\n<p>Sou\u010dasn\u00fd ministr zahrani\u010dn\u00edch v\u011bc\u00ed, bakal\u00e1\u0159 Jan Lipavsk\u00fd, patrn\u011b Petrovi Pavlovi nevad\u00ed. P\u0159itom ho lze objektivn\u011b hodnotit jako jednoho z nejhor\u0161\u00edch ministr\u016f, kter\u00fd na tomto resortu kdy p\u016fsobil.<\/p>\n<p>Za n\u011bho do\u0161lo k jednozna\u010dn\u00e9mu rozkladu \u010desk\u00e9 diplomacie, kter\u00e1 naprosto ztratila obsah \u2013 a redukovala se toliko na pubert\u00e1ln\u00ed gesta. Je to velice smutn\u00e1 a tragick\u00e1 vizitka pro st\u00e1t, kter\u00fd m\u011bl kdysi (je\u0161t\u011b jako \u010ceskoslovensko) na postu zahrani\u010dn\u00edch v\u011bc\u00ed osobnosti typu Edvarda Bene\u0161e \u010di Jana Masaryka. V sou\u010dasnosti by obsah \u010desk\u00e9 zahrani\u010dn\u00ed politice mohl vr\u00e1tit nap\u0159\u00edklad profesor Petr Drul\u00e1k.<\/p>\n<p>To bychom ale nesm\u011bli \u017e\u00edt v re\u017eimu, kter\u00fd hodnot\u00ed fr\u00e1ze, a nikoli obsah. Proto soudob\u00fd ministr zahrani\u010dn\u00edch v\u011bc\u00ed nemus\u00ed m\u00edt schopnosti a vzd\u011bl\u00e1n\u00ed tak\u0159ka \u017e\u00e1dn\u00e9, a s trochou nads\u00e1zky by jeho profesi mohl vykon\u00e1vat i papou\u0161ek \u0161ed\u00fd-\u017eako, kdy\u017e by se nau\u010dil pom\u011brn\u011b trivi\u00e1ln\u00ed v\u011btu: \u201eM\u00e1m r\u00e1d NATO.\u201c<\/p>\n<h3><strong><em>Sta\u010d\u00ed zn\u00e1t spr\u00e1vn\u00e1 slova?<\/em><\/strong><\/h3>\n<p>V \u010desk\u00e9m medi\u00e1ln\u00edm prost\u0159ed\u00ed bohu\u017eel pro n\u00e1zory p\u00e1n\u016f Mahbubaniho \u010di Sachse p\u0159\u00edli\u0161 prostoru nezb\u00fdv\u00e1 \u2013 sp\u00ed\u0161e \u017e\u00e1dn\u00fd. V na\u0161em mainstreamov\u00e9m medi\u00e1ln\u00edm prost\u0159ed\u00ed je toti\u017e NATO nezpochybnitelnou modlou. Dokud toto bude platit, sta\u010d\u00ed, aby politik aspiruj\u00edc\u00ed na roli ministra deklaroval, \u017ee bude h\u00e1jit NATO do roztrh\u00e1n\u00ed t\u011bla \u2013 a st\u00e1v\u00e1 se v podstat\u011b nedotknuteln\u00fdm, Dozimetr \u010di Taxis sem, Dozimetr \u010di Taxis tam.<\/p>\n<p>Za z\u00e1kladn\u00ed chybu pova\u017euji, \u017ee ke vstupu \u010cesk\u00e9 republiky do NATO neprob\u011bhlo referendum. To je\u0161t\u011b v dob\u00e1ch, kdy byla siln\u00fdm politick\u00fdm hr\u00e1\u010dem, prosazovala \u010cesk\u00e1 strana soci\u00e1ln\u011b demokratick\u00e1. Nakonec ov\u0161em na tento po\u017eadavek, tak jak u n\u00ed bylo zvykem, rezignovala.<\/p>\n<p>Zat\u00edmco dnes Petr Pavel ozna\u010duje za hlavn\u00ed p\u0159ek\u00e1\u017eku pro jak\u00e9hokoli politika st\u00e1t se ministrem jeho kritick\u00fd pohled na roli NATO v sou\u010dasn\u00e9m sv\u011bt\u011b, m\u011bli bychom se zab\u00fdvat t\u00edm, co je v n\u011bm hlavn\u00ed p\u0159ek\u00e1\u017ekou pro dlouhodob\u00e9 m\u00edrov\u00e9 sou\u017eit\u00ed jednotliv\u00fdch st\u00e1t\u016f. A a\u017e tu p\u0159ek\u00e1\u017eku pojmenujeme, m\u011bli bychom ji urychlen\u011b odstranit. Jinak se toti\u017e v krvi, a bohu\u017eel i t\u00e9 vlastn\u00ed, brzy utop\u00edme.<\/p>\n<h3><strong><em>Rusko<\/em><\/strong>\u00a0<strong><em>neprohr\u00e1v\u00e1\u2026<\/em><\/strong><\/h3>\n<p>Pt\u00e1m se, zda \u010dlenstv\u00ed v NATO prosp\u00edv\u00e1:<br \/>\nKdy\u017e, tedy komu? Bezpe\u010d\u00ed n\u00e1m d\u00e1v\u00e1?<br \/>\nV\u00e1lka se st\u00e1le vede o\u0161kliv\u00e1,<br \/>\nna dal\u0161\u00ed vlekl\u00fd konflikt zad\u011bl\u00e1v\u00e1.<br \/>\nB\u00fdt \u010dlenem NATO je posv\u00e1tn\u00e1 kr\u00e1va.<br \/>\nJe to v\u0161ak hrozba, kter\u00e1 se n\u00e1m zv\u00fd\u0161\u00ed.<br \/>\nKo\u010dka si hraje, my jsme pro ni my\u0161i.<br \/>\nVe v\u00e1lce \u010dlov\u011bk nem\u00e1 \u017e\u00e1dn\u00e1 pr\u00e1va.<br \/>\nM\u00e1me jen zbrojit? Z toho tupost \u010di\u0161\u00ed:<br \/>\nP\u0159iznejme si ji\u017e: Rusko neprohr\u00e1v\u00e1.<\/p>\n<p>Gener\u00e1l se n\u00e1m cel\u00fd rozpl\u00fdv\u00e1:<br \/>\nMunice v\u00edce je\u0161t\u011b obstar\u00e1v\u00e1.<br \/>\nToho si cen\u00ed parta horliv\u00e1,<br \/>\nstav\u00ed mu pomn\u00edk, jak\u00e1 \u017ee je hlava.<br \/>\nNa Rusa. Na zte\u010d, \u0161a\u0161ek provol\u00e1v\u00e1.<br \/>\nEvropa r\u00e1da stala by se \u0159\u00ed\u0161\u00ed:<br \/>\nRatl\u00edk se ov\u0161em od chrta dost li\u0161\u00ed,<br \/>\nz ov\u010d\u00e1ka pudl\u00edk najednou se st\u00e1v\u00e1.<br \/>\nTen, kdo je hluch\u00fd, apel neusly\u0161\u00ed:<br \/>\nP\u0159iznejme si ji\u017e: Rusko neprohr\u00e1v\u00e1.<\/p>\n<p>Kdo jenom cekne, je hned popliv\u00e1n,<br \/>\n\u017ee je pr\u00fd zr\u00e1dce, \u017ee se hodnot vzd\u00e1v\u00e1.<br \/>\nDoba n\u00e1m op\u011bt lyn\u010dem opl\u00fdv\u00e1,<br \/>\ndemokracie v z\u00e1\u0161ti ztroskot\u00e1v\u00e1.<br \/>\nSlovesa zde lze u\u017e\u00edt dokonav\u00e1.<br \/>\nKde vl\u00e1dne dogma, rozum chce v\u00edc skr\u00fd\u0161\u00ed.<br \/>\nFanatismus pak nic u\u017e neuti\u0161\u00ed.<br \/>\nSpole\u010dnost fal\u0161e nem\u016f\u017ee b\u00fdt zdrav\u00e1,<br \/>\nzvl\u00e1\u0161\u0165, pokud stoj\u00ed pouze na feti\u0161i:<br \/>\nP\u0159iznejme si ji\u017e: Rusko neprohr\u00e1v\u00e1.<\/p>\n<p>Kontrola s\u00edl\u00ed. Je n\u00e1m \u010d\u00edm d\u00e1l bli\u017e\u0161\u00ed.<br \/>\nAverze roste. Hn\u011bv se dere z ch\u00fd\u0161\u00ed.<br \/>\nLe\u017e skl\u00edz\u00ed \u00fasp\u011bch. Prov\u00e1z\u00ed ji sl\u00e1va.<br \/>\nUrny se pln\u00ed. Poh\u0159eb neusp\u00ed\u0161\u00ed?<br \/>\nP\u0159iznejme si ji\u017e: Rusko neprohr\u00e1v\u00e1\u2026<\/p>\n<p><a href=\"https:\/\/web.litterate.cz\/zasadni-prekazka\/\">Marek \u0158ezanka<\/a><\/p>\n<p><img decoding=\"async\" loading=\"lazy\" class=\"alignnone  wp-image-48388\" src=\"http:\/\/www.infokuryr.cz\/n\/wp-content\/uploads\/2024\/03\/marek-rezanka-225x300.jpg\" alt=\"\" width=\"147\" height=\"196\" srcset=\"https:\/\/www.infokuryr.cz\/n\/wp-content\/uploads\/2024\/03\/marek-rezanka-225x300.jpg 225w, https:\/\/www.infokuryr.cz\/n\/wp-content\/uploads\/2024\/03\/marek-rezanka.jpg 603w\" sizes=\"(max-width: 147px) 100vw, 147px\" \/><\/p>\n","protected":false},"excerpt":{"rendered":"<p>Jist\u011b je\u0161t\u011b m\u00e1me v \u017eiv\u00e9 pam\u011bti, jak se mainstreamov\u00e1 m\u00e9dia a strany st\u00e1vaj\u00edc\u00ed vl\u00e1dn\u00ed koalice&#8230;<\/p>\n","protected":false},"author":2,"featured_media":29951,"comment_status":"closed","ping_status":"closed","sticky":false,"template":"","format":"standard","meta":[],"categories":[6],"tags":[4743,1503,39,35,122],"_links":{"self":[{"href":"https:\/\/www.infokuryr.cz\/n\/wp-json\/wp\/v2\/posts\/79806"}],"collection":[{"href":"https:\/\/www.infokuryr.cz\/n\/wp-json\/wp\/v2\/posts"}],"about":[{"href":"https:\/\/www.infokuryr.cz\/n\/wp-json\/wp\/v2\/types\/post"}],"author":[{"embeddable":true,"href":"https:\/\/www.infokuryr.cz\/n\/wp-json\/wp\/v2\/users\/2"}],"replies":[{"embeddable":true,"href":"https:\/\/www.infokuryr.cz\/n\/wp-json\/wp\/v2\/comments?post=79806"}],"version-history":[{"count":0,"href":"https:\/\/www.infokuryr.cz\/n\/wp-json\/wp\/v2\/posts\/79806\/revisions"}],"wp:featuredmedia":[{"embeddable":true,"href":"https:\/\/www.infokuryr.cz\/n\/wp-json\/wp\/v2\/media\/29951"}],"wp:attachment":[{"href":"https:\/\/www.infokuryr.cz\/n\/wp-json\/wp\/v2\/media?parent=79806"}],"wp:term":[{"taxonomy":"category","embeddable":true,"href":"https:\/\/www.infokuryr.cz\/n\/wp-json\/wp\/v2\/categories?post=79806"},{"taxonomy":"post_tag","embeddable":true,"href":"https:\/\/www.infokuryr.cz\/n\/wp-json\/wp\/v2\/tags?post=79806"}],"curies":[{"name":"wp","href":"https:\/\/api.w.org\/{rel}","templated":true}]}}