{"id":79801,"date":"2025-05-28T00:13:43","date_gmt":"2025-05-27T22:13:43","guid":{"rendered":"https:\/\/www.infokuryr.cz\/n\/?p=79801"},"modified":"2025-05-27T13:33:55","modified_gmt":"2025-05-27T11:33:55","slug":"erik-best-5-hdp-proc-ne-6","status":"publish","type":"post","link":"https:\/\/www.infokuryr.cz\/n\/2025\/05\/28\/erik-best-5-hdp-proc-ne-6\/","title":{"rendered":"Erik Best: 5 % HDP? Pro\u010d ne 6 %?"},"content":{"rendered":"<div id=\"fb-root\"><\/div>\n<p>Zpr\u00e1vy o\u00a0<a href=\"https:\/\/www.novinky.cz\/clanek\/domaci-obrana-chce-nakoupit-obrnence-supacat-trikrat-draz-nez-britove-pred-dvema-lety-40521144\" target=\"_blank\" rel=\"noopener\">p\u0159edra\u017een\u00fdch n\u00e1kupech vojensk\u00e9ho materi\u00e1lu<\/a>\u00a0za ministryn\u011b obrany Jany \u010cernochov\u00e9 (ODS) \u010dasto zmi\u0148uj\u00ed jej\u00edho prvn\u00edho n\u00e1m\u011bstka Franti\u0161ka \u0160ulce kv\u016fli jeho vn\u00edman\u00e9 pozici u\u00a0n\u011bkter\u00fdch obchod\u016f jako kupuj\u00edc\u00edho i\u00a0prod\u00e1vaj\u00edc\u00edho. Ten\u00a0<a href=\"https:\/\/www.ceskenoviny.cz\/zpravy\/namestek-ministryne-se-ohradil-proti-tvrzeni-babise-ze-by-byl-ve-stretu-zajmu\/2650566\" target=\"_blank\" rel=\"noopener\">jak\u00e9koli pochyben\u00ed odm\u00edt\u00e1<\/a>.<\/p>\n<p>Jaroslav \u0160tefec ze Sta\u010dilo!, b\u00fdval\u00fd vysoce postaven\u00fd \u00fa\u0159edn\u00edk pro vyzbrojov\u00e1n\u00ed na ministerstvu obrany,\u00a0<a href=\"https:\/\/www.youtube.com\/live\/4cxpOi_ZquI?t=1423s\" target=\"_blank\" rel=\"noopener\">Jan\u011b Bobo\u0161\u00edkov\u00e9<\/a>\u00a0(takt\u00e9\u017e ze Sta\u010dilo!) v\u00a0ned\u011bli vysv\u011btlil, pro\u010d ministerstvo n\u011bkdy za vybaven\u00ed zaplat\u00ed 2-3kr\u00e1t v\u00edc, ne\u017e je obvykl\u00e1 cena na zbrojn\u00edm trhu. Ceny ur\u010duje soudn\u00ed znalec v\u00a0r\u00e1mci toho<strong>,<\/strong>\u00a0co \u0160tefec ozna\u010dil za zlo\u010dineckou strukturu.<\/p>\n<p>Politickou odpov\u011bdnost za d\u011bn\u00ed na ministerstvu nesou p\u0159edev\u0161\u00edm \u010cernochov\u00e1 a\u00a0premi\u00e9r Petr Fiala, tak\u017ee kdy\u017e minul\u00fd t\u00fdden na Hrad\u011b\u00a0<a href=\"https:\/\/www.hrad.cz\/cs\/pro-media\/tiskove-zpravy\/aktualni-tiskove-zpravy\/prezident-republiky-se-na-prazskem-hrade-setka-s-nejvyssimi-ustavnimi-ciniteli-18571\" target=\"_blank\" rel=\"noopener\">na sch\u016fzce o\u00a0v\u00fddaj\u00edch na obranu<\/a>\u00a0bylo \u0160ulcovi umo\u017en\u011bno ji zastoupit, \u0161lo o\u00a0jasn\u00fd sign\u00e1l (pro ty, kte\u0159\u00ed si toho v\u0161imli). Vzkazem je, \u017ee d\u016fraz na n\u00e1rodn\u00ed bezpe\u010dnost zav\u00e1n\u00ed skoro \u00fa\u010delovost\u00ed a\u00a0\u017ee dychtivost po zvy\u0161ov\u00e1n\u00ed v\u00fddaj\u016f na obranu z\u00a02 % HDP na 5 % nebo v\u00edce s\u00a0n\u00ed m\u00e1 ve skute\u010dnosti jen m\u00e1lo spole\u010dn\u00e9ho.<\/p>\n<p><a href=\"https:\/\/www.fsfinalword.cz\/?page=archive&amp;day=2025-05-27&amp;utm_source=utm_source%3Dnewsletter&amp;utm_medium=utm_medium%3De-mail&amp;utm_campaign=utm_campaign%3Dfinal_word_27.5.2025\">Erik Best<\/a><\/p>\n<p><img decoding=\"async\" loading=\"lazy\" class=\"alignnone  wp-image-1179\" src=\"http:\/\/www.infokuryr.cz\/n\/wp-content\/uploads\/2021\/04\/erik-best.jpg\" alt=\"\" width=\"118\" height=\"133\" \/><\/p>\n<p>&nbsp;<\/p>\n","protected":false},"excerpt":{"rendered":"<p>Zpr\u00e1vy o\u00a0p\u0159edra\u017een\u00fdch n\u00e1kupech vojensk\u00e9ho materi\u00e1lu\u00a0za ministryn\u011b obrany Jany \u010cernochov\u00e9 (ODS) \u010dasto zmi\u0148uj\u00ed jej\u00edho prvn\u00edho n\u00e1m\u011bstka&#8230;<\/p>\n","protected":false},"author":2,"featured_media":28994,"comment_status":"closed","ping_status":"closed","sticky":false,"template":"","format":"standard","meta":[],"categories":[6],"tags":[2854,1497,45,9204,1165],"_links":{"self":[{"href":"https:\/\/www.infokuryr.cz\/n\/wp-json\/wp\/v2\/posts\/79801"}],"collection":[{"href":"https:\/\/www.infokuryr.cz\/n\/wp-json\/wp\/v2\/posts"}],"about":[{"href":"https:\/\/www.infokuryr.cz\/n\/wp-json\/wp\/v2\/types\/post"}],"author":[{"embeddable":true,"href":"https:\/\/www.infokuryr.cz\/n\/wp-json\/wp\/v2\/users\/2"}],"replies":[{"embeddable":true,"href":"https:\/\/www.infokuryr.cz\/n\/wp-json\/wp\/v2\/comments?post=79801"}],"version-history":[{"count":0,"href":"https:\/\/www.infokuryr.cz\/n\/wp-json\/wp\/v2\/posts\/79801\/revisions"}],"wp:featuredmedia":[{"embeddable":true,"href":"https:\/\/www.infokuryr.cz\/n\/wp-json\/wp\/v2\/media\/28994"}],"wp:attachment":[{"href":"https:\/\/www.infokuryr.cz\/n\/wp-json\/wp\/v2\/media?parent=79801"}],"wp:term":[{"taxonomy":"category","embeddable":true,"href":"https:\/\/www.infokuryr.cz\/n\/wp-json\/wp\/v2\/categories?post=79801"},{"taxonomy":"post_tag","embeddable":true,"href":"https:\/\/www.infokuryr.cz\/n\/wp-json\/wp\/v2\/tags?post=79801"}],"curies":[{"name":"wp","href":"https:\/\/api.w.org\/{rel}","templated":true}]}}