{"id":79794,"date":"2025-05-28T00:21:29","date_gmt":"2025-05-27T22:21:29","guid":{"rendered":"https:\/\/www.infokuryr.cz\/n\/?p=79794"},"modified":"2025-05-27T13:53:02","modified_gmt":"2025-05-27T11:53:02","slug":"valecna-eu-rusko-muze-znicit-energeticke-zasoby-levnymi-drony-a-co-potom","status":"publish","type":"post","link":"https:\/\/www.infokuryr.cz\/n\/2025\/05\/28\/valecna-eu-rusko-muze-znicit-energeticke-zasoby-levnymi-drony-a-co-potom\/","title":{"rendered":"V\u00e1le\u010dn\u00e1 EU: Rusko m\u016f\u017ee zni\u010dit energetick\u00e9 z\u00e1soby levn\u00fdmi drony \u2013 a co potom?"},"content":{"rendered":"<div id=\"fb-root\"><\/div>\n<p><strong>N\u011bmecko, Francie a velk\u00e9 \u010d\u00e1sti EU nemohou dostate\u010dn\u011b sp\u011bchat, aby uvrhly obyvatelstvo do t\u0159et\u00ed sv\u011btov\u00e9 v\u00e1lky. Strategicky d\u016fle\u017eit\u00fdm bodem je z\u00e1sobov\u00e1n\u00ed energi\u00ed. Jak dlouho m\u016f\u017ee zem\u011b v\u00e9st v\u00e1lku bez stabiln\u00ed energetick\u00e9 s\u00edt\u011b a jak dlouho to m\u016f\u017ee obyvatelstvo sn\u00e1\u0161et? V\u00e1lka na Ukrajin\u011b zdokonalila v\u00e1l\u010den\u00ed s drony. P\u0159ibli\u017en\u00e9 n\u00e1klady ve v\u00fd\u0161i 300 dolar\u016f sta\u010d\u00ed na zni\u010den\u00ed v\u011btrn\u00e9 turb\u00edny. A pak?<\/strong><\/p>\n<p>Rozhodn\u011b nelze p\u0159edpokl\u00e1dat, \u017ee sou\u010dasn\u00ed vl\u00e1dci jsou velmi inteligentn\u00ed. Chamtivost a pohrd\u00e1n\u00ed lidstvem jsou pravd\u011bpodobn\u011bj\u0161\u00ed. Ve skute\u010dnosti maj\u00ed pl\u00e1ny na co nejrychlej\u0161\u00ed zapojen\u00ed N\u011bmecka do t\u0159et\u00ed sv\u011btov\u00e9 v\u00e1lky proti Rusku jeden z\u00e1sadn\u00ed nedostatek. Je to kv\u016fli \u201eenergetick\u00e9 transformaci\u201c. Zem\u011b, kter\u00e1 se st\u00e1le v\u00edce spol\u00e9h\u00e1 na p\u0159eru\u0161ovanou dod\u00e1vku energie ze sol\u00e1rn\u00edch elektr\u00e1ren a v\u011btrn\u00e9 energie, je v\u00fdrazn\u011b zraniteln\u011bj\u0161\u00ed.<\/p>\n<p>Zat\u00edmco ka\u017ed\u00fd n\u00e1rod, v\u010detn\u011b Ruska, se ob\u00e1v\u00e1 \u00fatok\u016f na jadern\u00e9 elektr\u00e1rny, u jin\u00fdch infrastrukturn\u00edch za\u0159\u00edzen\u00ed se tato neochota nevyskytuje. Zda je \u00fatok na civiln\u00ed infrastrukturu nez\u00e1konn\u00fd, v p\u0159\u00edpad\u011b v\u00e1lky nezaj\u00edm\u00e1 \u017e\u00e1dnou ze stran. Zvl\u00e1\u0161t\u011b pokud jde o nap\u00e1jen\u00ed, lze a bude se tvrdit, \u017ee se cht\u011blo zas\u00e1hnout pouze nejbli\u017e\u0161\u00ed vojensk\u00e9 za\u0159\u00edzen\u00ed.<\/p>\n<p>V\u00edce ne\u017e 30 000 v\u011btrn\u00fdch turb\u00edn v N\u011bmecku je nebezpe\u010dnou Achillovou patou. Zat\u00edmco v\u00fdstavba takov\u00e9 elektr\u00e1rny stoj\u00ed na pevnin\u011b 4 a\u017e 10 milion\u016f eur a na mo\u0159i a\u017e 25 milion\u016f eur, n\u00e1klady na zni\u010den\u00ed takov\u00e9 elektr\u00e1rny se v sou\u010dasnosti pohybuj\u00ed mezi 300 a 1000 americk\u00fdmi dolary. Tato cena je uvedena za v\u00fdrobu ukrajinsk\u00fdch dron\u016f s kumulativn\u00edmi gran\u00e1ty schopn\u00fdmi zni\u010dit tank. Tanky jsou mobiln\u00ed a maj\u00ed obrann\u00e9 syst\u00e9my. Ne v\u011btrn\u00e9 turb\u00edny.<\/p>\n<p>Faktem je, \u017ee takov\u00fd dron nen\u00ed schopen trvale a \u00fapln\u011b zni\u010dit konven\u010dn\u00ed elektr\u00e1rnu. Men\u0161\u00ed \u0161kody jsou sice mysliteln\u00e9, ale ty lze opravit ve velmi kr\u00e1tk\u00e9 dob\u011b, jak je vid\u011bt v konfliktu na Ukrajin\u011b, kde Rusko neust\u00e1le \u00fato\u010d\u00ed na energetickou infrastrukturu. V\u011btrnou turb\u00ednu na druhou stranu nelze opravit, ani kdy\u017e je jen drobn\u011b po\u0161kozen\u00e1. N\u00e1hradn\u00ed listy rotoru nebo gener\u00e1tory mus\u00ed nejprve cestovat lod\u00ed p\u0159es p\u016fl sv\u011bta.<\/p>\n<p>Krom\u011b toho jsou v\u011btrn\u00e9 turb\u00edny v podstat\u011b vyrobeny z toxick\u00e9ho nebezpe\u010dn\u00e9ho odpadu. Z r\u016fzn\u00fdch nehod v\u00edme, \u017ee po\u0161kozen\u00e9, rozt\u0159\u00ed\u0161t\u011bn\u00e9 nebo sp\u00e1len\u00e9 listy rotoru kontaminuj\u00ed cel\u00e9 oblasti, co\u017e vy\u017eaduje odstran\u011bn\u00ed mnoha hektar\u016f zeminy. Jemn\u00e1 uhl\u00edkov\u00e1 vl\u00e1kna se chovaj\u00ed jako azbest. Zdrav\u00ed lid\u00ed, kte\u0159\u00ed jsou z\u00e1visl\u00ed na zem\u011bd\u011blsk\u00fdch v\u00fdnosech, je vystaveno obrovsk\u00e9mu riziku.<\/p>\n<p>Konven\u010dn\u00ed elektr\u00e1rny jsou naopak s v\u011bt\u0161\u00ed pravd\u011bpodobnost\u00ed chr\u00e1n\u011bny p\u0159ed ost\u0159elov\u00e1n\u00edm. Vzhledem k tomu, \u017ee existuje pom\u011brn\u011b m\u00e9n\u011b instalac\u00ed, m\u016f\u017ee b\u00fdt protivzdu\u0161n\u00e1 obrana l\u00e9pe p\u0159ipravena k vytvo\u0159en\u00ed ochrann\u00e9ho \u0161t\u00edtu. \u017d\u00e1dn\u00fd syst\u00e9m samoz\u0159ejm\u011b nen\u00ed nezraniteln\u00fd \u2013 zejm\u00e9na u nov\u00fdch hypersonick\u00fdch zbran\u00ed existuj\u00ed obavy, \u017ee je nelze zachytit.<\/p>\n<p>Nav\u00edc by sol\u00e1rn\u00ed elektr\u00e1rny neutekly, kdyby se staly c\u00edlem v\u00e1le\u010dn\u00fdch zbran\u00ed. I kdy\u017e se neo\u010dek\u00e1v\u00e1 tak rychl\u00e1 nenapraviteln\u00e1 tot\u00e1ln\u00ed zk\u00e1za, ke kontaminaci p\u016fdy by i tak do\u0161lo. Vzhledem k tomu, \u017ee sol\u00e1rn\u00ed elektr\u00e1rny jsou po cel\u00e9 zemi \u0161iroce rozm\u00edst\u011bny, je \u00fapln\u00e9 zni\u010den\u00ed tohoto zdroje energie jen st\u011b\u017e\u00ed mysliteln\u00e9. V\u00fdkon je v\u0161ak za \u0161patn\u00e9ho po\u010das\u00ed a v noci pom\u011brn\u011b omezen\u00fd.<\/p>\n<p>Je hrub\u011b nedbal\u00e9 ze strany n\u011bmeck\u00e9 vl\u00e1dy prosazovat \u201eenergetickou transformaci\u201c na jedn\u00e9 stran\u011b a z\u00e1rove\u0148 usilovat o v\u00e1lku s Ruskem. Pokud se to skute\u010dn\u011b stane \u2013 v co\u017e \u017e\u00e1dn\u00fd rozumn\u00fd \u010dlov\u011bk nikdy nedouf\u00e1 \u2013 sv\u011btla na CO2 neutr\u00e1ln\u00edm Z\u00e1pad\u011b zhasnou docela rychle.<\/p>\n<p><img decoding=\"async\" loading=\"lazy\" class=\"alignnone size-full wp-image-1185\" src=\"http:\/\/www.infokuryr.cz\/n\/wp-content\/uploads\/2021\/04\/kuryr-podpis.png\" alt=\"\" width=\"84\" height=\"24\" \/><\/p>\n<p>&nbsp;<\/p>\n","protected":false},"excerpt":{"rendered":"<p>N\u011bmecko, Francie a velk\u00e9 \u010d\u00e1sti EU nemohou dostate\u010dn\u011b sp\u011bchat, aby uvrhly obyvatelstvo do t\u0159et\u00ed sv\u011btov\u00e9&#8230;<\/p>\n","protected":false},"author":2,"featured_media":79795,"comment_status":"closed","ping_status":"closed","sticky":false,"template":"","format":"standard","meta":[],"categories":[7],"tags":[2856,1299,41,22,40],"_links":{"self":[{"href":"https:\/\/www.infokuryr.cz\/n\/wp-json\/wp\/v2\/posts\/79794"}],"collection":[{"href":"https:\/\/www.infokuryr.cz\/n\/wp-json\/wp\/v2\/posts"}],"about":[{"href":"https:\/\/www.infokuryr.cz\/n\/wp-json\/wp\/v2\/types\/post"}],"author":[{"embeddable":true,"href":"https:\/\/www.infokuryr.cz\/n\/wp-json\/wp\/v2\/users\/2"}],"replies":[{"embeddable":true,"href":"https:\/\/www.infokuryr.cz\/n\/wp-json\/wp\/v2\/comments?post=79794"}],"version-history":[{"count":0,"href":"https:\/\/www.infokuryr.cz\/n\/wp-json\/wp\/v2\/posts\/79794\/revisions"}],"wp:featuredmedia":[{"embeddable":true,"href":"https:\/\/www.infokuryr.cz\/n\/wp-json\/wp\/v2\/media\/79795"}],"wp:attachment":[{"href":"https:\/\/www.infokuryr.cz\/n\/wp-json\/wp\/v2\/media?parent=79794"}],"wp:term":[{"taxonomy":"category","embeddable":true,"href":"https:\/\/www.infokuryr.cz\/n\/wp-json\/wp\/v2\/categories?post=79794"},{"taxonomy":"post_tag","embeddable":true,"href":"https:\/\/www.infokuryr.cz\/n\/wp-json\/wp\/v2\/tags?post=79794"}],"curies":[{"name":"wp","href":"https:\/\/api.w.org\/{rel}","templated":true}]}}