{"id":79777,"date":"2025-05-28T00:12:14","date_gmt":"2025-05-27T22:12:14","guid":{"rendered":"https:\/\/www.infokuryr.cz\/n\/?p=79777"},"modified":"2025-05-27T12:40:00","modified_gmt":"2025-05-27T10:40:00","slug":"thomas-roper-co-znamena-zruseni-omezeni-doletu-zbrani-dodavanych-nemeckem-kyjevu","status":"publish","type":"post","link":"https:\/\/www.infokuryr.cz\/n\/2025\/05\/28\/thomas-roper-co-znamena-zruseni-omezeni-doletu-zbrani-dodavanych-nemeckem-kyjevu\/","title":{"rendered":"Thomas R\u00f6per: Co znamen\u00e1 zru\u0161en\u00ed omezen\u00ed doletu zbran\u00ed dod\u00e1van\u00fdch N\u011bmeckem Kyjevu"},"content":{"rendered":"<div id=\"fb-root\"><\/div>\n<p><strong><span>Prohl\u00e1sil to kancl\u00e9\u0159 Merz. \u017ee ru\u0161\u00ed omezen\u00ed dost\u0159elu zbran\u00ed dod\u00e1van\u00fdch Kyjevu z N\u011bmecka a v\u00fdslovn\u011b uvedl, \u017ee by to Ukrajin\u011b umo\u017enilo \u00fato\u010dit na \u201evojensk\u00e9 pozice v Rusku\u201c \u2013 co\u017e by pravd\u011bpodobn\u011b znamenalo vstup N\u011bmecka do v\u00e1lky.<\/span><\/strong><\/p>\n<p><span>Kancl\u00e9\u0159 Merz v rozhovoru a n\u00e1sledn\u011b v po\u0159adu X ozn\u00e1mil, \u017ee ji\u017e neexistuj\u00ed \u017e\u00e1dn\u00e1 omezen\u00ed t\u00fdkaj\u00edc\u00ed se pou\u017eit\u00ed n\u011bmeck\u00fdch zbran\u00ed Ukrajinou proti Rusku.\u00a0<\/span><a href=\"https:\/\/x.com\/bundeskanzler\/status\/1926985204498829795\"><span>Na X Merz napsal<\/span><\/a><span>\u00a0(a ):<\/span><\/p>\n<p><em>\u201eUd\u011bl\u00e1me v\u0161e, co je v na\u0161ich sil\u00e1ch, abychom i nad\u00e1le podporovali Ukrajinu. To tak\u00e9 znamen\u00e1, \u017ee ji\u017e nebudeme m\u00edt \u017e\u00e1dn\u00e1 omezen\u00ed doletu zbran\u00ed, kter\u00e9 dod\u00e1v\u00e1me. Ukrajina se nyn\u00ed m\u016f\u017ee br\u00e1nit i \u00fatokem na vojensk\u00e9 pozice v Rusku.\u201c<\/em><\/p>\n<h3 class=\"wp-block-heading\"><span>O jak\u00fdch zbran\u00edch mluv\u00edme?<\/span><\/h3>\n<p><span>N\u011bmecko doposud dod\u00e1valo Ukrajin\u011b pouze zbran\u011b s relativn\u011b kr\u00e1tk\u00fdm dost\u0159elem. Skute\u010dnost, \u017ee Merz to nyn\u00ed v\u00fdslovn\u011b ozn\u00e1mil, pravd\u011bpodobn\u011b znamen\u00e1, \u017ee se Merz rozhodl dodat Ukrajin\u011b n\u011bmeck\u00e9 rakety Taurus. Mo\u017en\u00e1 u\u017e jsou na Ukrajin\u011b a nasazen\u00ed se bl\u00ed\u017e\u00ed.<\/span><\/p>\n<p><span>Ihned pot\u00e9, co nov\u00e1 n\u011bmeck\u00e1 vl\u00e1da ozn\u00e1mila, \u017ee ji\u017e nebude transparentn\u011b zve\u0159ej\u0148ovat dod\u00e1vky zbran\u00ed na Ukrajinu, ale bude je utajovat, jsem p\u0159ed dv\u011bma t\u00fddny v\u00a0<\/span><a href=\"https:\/\/anti-spiegel.ru\/2025\/warum-die-bundesregierung-die-waffenlieferungen-an-kiew-kuenftig-geheim-halten-will\/\"><span>\u010dl\u00e1nku<\/span><\/a><span>\u00a0upozornil , \u017ee dod\u00e1vka Taurus m\u00e1 b\u00fdt utajena sp\u00ed\u0161e p\u0159ed n\u011bmeckou ve\u0159ejnost\u00ed ne\u017e p\u0159ed Ruskem. Nav\u00edc t\u011bsn\u011b p\u0159edt\u00edm z USA zazn\u011bla zpr\u00e1va, \u017ee americk\u00e1 vl\u00e1da schv\u00e1lila N\u011bmecku mimo jin\u00e9 dod\u00e1vku 125 americk\u00fdch raket dlouh\u00e9ho doletu Ukrajin\u011b, co\u017e ukazuje na ATACMS.<\/span><\/p>\n<p><span>ATACMS jsou st\u0159ely s doletem p\u0159ibli\u017en\u011b 300 kilometr\u016f, kter\u00e9 jsou odpalov\u00e1ny z v\u00edcen\u00e1sobn\u00fdch raketomet\u016f HIMARS.<\/span><\/p>\n<p><span>Lze tedy p\u0159edpokl\u00e1dat, \u017ee Merzova vl\u00e1da dod\u00e1v\u00e1 (nebo ji\u017e dodala) jak Taurus, tak ATACMS na Ukrajinu. Merzovo ozn\u00e1men\u00ed o zru\u0161en\u00ed omezen\u00ed dost\u0159elu n\u011bmeck\u00fdch zbran\u00ed m\u011blo pravd\u011bpodobn\u011b za c\u00edl p\u0159ipravit n\u011bmeckou ve\u0159ejnost na jejich pou\u017eit\u00ed.<\/span><\/p>\n<h3 class=\"wp-block-heading\"><span>Co \u0159\u00edk\u00e1 Rusko?<\/span><\/h3>\n<p><span>Zat\u00edmco v polovin\u011b dubna st\u00e1le prob\u00edhala koali\u010dn\u00ed jedn\u00e1n\u00ed, Merz vyzval Kyjev k ofenz\u00edv\u011b a ozna\u010dil Krym za jeden z hlavn\u00edch c\u00edl\u016f \u00fatok\u016f ukrajinsk\u00fdch ozbrojen\u00fdch sil. Existovala nevysloven\u00e1 nar\u00e1\u017eka, \u017ee by Kyjev mohl k tomuto \u00fa\u010delu vyu\u017e\u00edt Taurus, jak Merz b\u011bhem volebn\u00ed kampan\u011b n\u011bkolikr\u00e1t ve\u0159ejn\u011b pohrozil.<\/span><\/p>\n<p><span>Rusk\u00e9 ministerstvo zahrani\u010d\u00ed na Merzovo prohl\u00e1\u0161en\u00ed v dubnu ost\u0159e reagovalo a mluv\u010d\u00ed Marija Zacharovov\u00e1 ve sv\u00e9m\u00a0<\/span><a href=\"https:\/\/anti-spiegel.ru\/2025\/die-erklaerung-des-russischen-aussenministeriums-zu-taurus-lieferungen-an-kiew-im-wortlaut\/\"><span>prohl\u00e1\u0161en\u00ed<\/span><\/a><span>\u00a0uvedla :<\/span><\/p>\n<p><em>\u201eMysl\u00edm, \u017ee by bylo u\u017eite\u010dn\u00e9, kdyby p\u0159edseda CDU zv\u00e1\u017eil n\u00e1sleduj\u00edc\u00ed: Bez p\u0159\u00edm\u00e9 pomoci voj\u00e1k\u016f Bundeswehru nen\u00ed pou\u017eit\u00ed t\u011bchto \u0159\u00edzen\u00fdch st\u0159el v boji mo\u017en\u00e9. \u00datok s nimi na jak\u00e9koli rusk\u00e9 objekty nebo \u017eivotn\u011b d\u016fle\u017eitou dopravn\u00ed infrastrukturu \u2013 a Merz s jistotou ozna\u010dil jako c\u00edl Krymsk\u00fd most \u2013 bude pova\u017eov\u00e1n za p\u0159\u00edmou \u00fa\u010dast Spolkov\u00e9 republiky N\u011bmecko na nep\u0159\u00e1telsk\u00fdch akc\u00edch na stran\u011b kyjevsk\u00e9ho re\u017eimu se v\u0161emi d\u016fsledky, kter\u00e9 z toho pro N\u011bmecko vypl\u00fdvaj\u00ed.\u201c<\/em><\/p>\n<p><a href=\"https:\/\/anti-spiegel.ru\/2024\/wie-deutsche-medien-ueber-das-telefonat-der-luftwaffengeneraele-desinformieren\/\"><span>Gener\u00e1lov\u00e9 n\u011bmeck\u00e9ho letectva ve sv\u00e9 unikl\u00e9 konverzaci<\/span><\/a><span>\u00a0jasn\u011b uvedli,\u00a0\u017ee Taurus lze naprogramovat pouze s pomoc\u00ed voj\u00e1k\u016f Bundeswehru .\u00a0Tak\u017ee ani toto nen\u00ed rusk\u00e1 propaganda a znamen\u00e1 to, \u017ee rakety Taurus zasahuj\u00edc\u00ed Rusko jsou de facto \u00fatokem n\u011bmeck\u00fdch ozbrojen\u00fdch sil na Rusko.<\/span><\/p>\n<p><span>Podobn\u011b jako v dubnu rusk\u00e9 ministerstvo zahrani\u010d\u00ed\u00a0<\/span><a href=\"https:\/\/de.rt.com\/international\/131481-liveticker-ukraine-krieg\/\"><span>se i mluv\u010d\u00ed Kremlu Peskov vyj\u00e1d\u0159il<\/span><\/a><span>\u00a0k ned\u00e1vn\u00e9mu Merzovu prohl\u00e1\u0161en\u00ed o zru\u0161en\u00ed omezen\u00ed dosahu s t\u00edm, \u017ee je to \u201ev naprost\u00e9m rozporu se snahou Moskvy \u0159e\u0161it ukrajinskou krizi politick\u00fdmi prost\u0159edky\u201c. A dodal, \u017ee se jedn\u00e1 o \u201epon\u011bkud nebezpe\u010dn\u00e9 rozhodnut\u00ed\u201c.<\/span><\/p>\n<h3 class=\"wp-block-heading\"><span>St\u00edn minulosti<\/span><\/h3>\n<p><span>N\u011bmeck\u00e9 feder\u00e1ln\u00ed vl\u00e1dy se neust\u00e1le odvol\u00e1vaj\u00ed na n\u011bmeckou minulost, tj. na druhou sv\u011btovou v\u00e1lku, kdy\u017e ospravedl\u0148uj\u00ed zvl\u00e1\u0161tn\u00ed roli N\u011bmecka, jako je nap\u0159\u00edklad bezpodm\u00edne\u010dn\u00e1 podpora Izraele, p\u0159esto\u017ee Izrael v sou\u010dasnosti p\u00e1ch\u00e1 genocidu v Gaze.<\/span><\/p>\n<p><span>Nem\u011blo by se zapom\u00ednat, \u017ee Rusko utrp\u011blo ve druh\u00e9 sv\u011btov\u00e9 v\u00e1lce v\u00edce ob\u011bt\u00ed ne\u017e v\u0161echny ostatn\u00ed v\u00e1l\u010d\u00edc\u00ed strany dohromady. Z p\u0159ibli\u017en\u011b 50 milion\u016f \u00famrt\u00ed ve v\u00e1lce jich 27 milion\u016f zahynulo v Sov\u011btsk\u00e9m svazu. Proto nejen Izrael, ale i Rusko m\u00e1 st\u00e1le zvl\u00e1\u0161tn\u00ed pohled na N\u011bmecko a bude reagovat velmi odli\u0161n\u011b, pokud n\u011bmeck\u00e9 rakety zas\u00e1hnou Rusko, ne\u017e nap\u0159\u00edklad Rusko reagovalo, kdy\u017e zas\u00e1hly britsk\u00e9 a francouzsk\u00e9 rakety.<\/span><\/p>\n<p><span>Pokud by n\u011bmeck\u00e9 rakety Taurus, kter\u00e9 mohou pou\u017e\u00edvat pouze n\u011bme\u010dt\u00ed voj\u00e1ci, zas\u00e1hly Rusko a zabily Rusy \u2013 a\u0165 u\u017e voj\u00e1ky nebo civilisty \u2013 m\u011blo by to na ruskou ve\u0159ejnost stejn\u00fd \u00fa\u010dinek, jako by to m\u011blo na Izrael, kdyby n\u011bme\u010dt\u00ed voj\u00e1ci znovu zab\u00edjeli \u017didy. Dopad, kter\u00fd by to m\u011blo na ruskou ve\u0159ejnost, by se nem\u011bl podce\u0148ovat.<\/span><\/p>\n<p><span>Rusk\u00e1 vl\u00e1da by pravd\u011bpodobn\u011b byla pod tlakem dom\u00e1c\u00ed politiky donucena reagovat a nap\u0159\u00edklad zni\u010dit tov\u00e1rny Rheinmetall, kde se vyr\u00e1b\u011bj\u00ed Taurusy s p\u0159esn\u00fdmi hypersonick\u00fdmi st\u0159elami.<\/span><\/p>\n<p><span>A p\u0159esn\u011b toho se Merz a ostatn\u00ed \u010dlenov\u00e9 \u201eKoalice ochotn\u00fdch\u201c sna\u017e\u00ed dos\u00e1hnout, proto\u017ee z\u00e1m\u011brn\u011b provokuj\u00ed Rusko k vojensk\u00e9 reakci, kter\u00e1 by pak byla na Z\u00e1pad\u011b prezentov\u00e1na jako dal\u0161\u00ed \u201erusk\u00e1 agrese\u201c a d\u016fvod k v\u00e1lce.<\/span><\/p>\n<p><span>To si taky nevym\u00fd\u0161l\u00edm, u\u017e se to d\u011bje v jin\u00e9m kontextu.<\/span><\/p>\n<h3 class=\"wp-block-heading\"><span>Propaganda<\/span><\/h3>\n<p><span>Teprve p\u0159ed t\u0159emi dny jsem\u00a0<\/span><a href=\"https:\/\/anti-spiegel.ru\/2025\/provoziert-die-eu-in-der-ostsee-den-krieg-gegen-russland\/\"><span>podrobn\u011b vysv\u011btlil,<\/span><\/a><span>\u00a0jak chce EU \u2013 a zejm\u00e9na \u201ekoalice ochotn\u00fdch\u201c \u2013 vyprovokovat v\u00e1lku s Ruskem v Baltsk\u00e9m mo\u0159i \u00fanosy obchodn\u00edch lod\u00ed na cest\u011b do Ruska, a t\u00edm vyprovokovat Rusko k vojensk\u00e9 ochran\u011b t\u011bchto lod\u00ed. Takov\u00fd p\u0159\u00edpad se ji\u017e stal 13. kv\u011btna, kdy rusk\u00e1 st\u00edha\u010dka musela chr\u00e1nit tanker, kter\u00fd byl estonsk\u00fdm n\u00e1mo\u0159nictvem nucen vplout z mezin\u00e1rodn\u00edch vod do estonsk\u00fdch teritori\u00e1ln\u00edch vod.<\/span><\/p>\n<p><span>Bylo to Estonsko, kdo se pokusil un\u00e9st neutr\u00e1ln\u00ed tanker m\u00ed\u0159\u00edc\u00ed do Ruska, co\u017e je de facto pir\u00e1tstv\u00ed. Rusko vyslalo st\u00edha\u010dku a ochr\u00e1nilo tanker, stejn\u011b jako Z\u00e1pad p\u0159ed n\u011bkolika lety chr\u00e1nil obchodn\u00ed lod\u011b p\u0159ed pir\u00e1ty u Som\u00e1lska.<\/span><\/p>\n<p><span>Britsk\u00fd den\u00edk Telegraph uk\u00e1zal, jak funguje z\u00e1padn\u00ed propaganda, kdy\u017e v ned\u011bli\u00a0o incidentu informoval pod titulkem \u201e\u00a0<\/span><a href=\"https:\/\/www.telegraph.co.uk\/world-news\/2025\/05\/25\/russia-ready-to-go-to-war-with-west-to-protect-shadow-fleet\/\"><span>Rusko signalizuje p\u0159ipravenost v\u00e9st v\u00e1lku se Z\u00e1padem, aby ochr\u00e1nilo \u017eivotn\u011b d\u016fle\u017eitou st\u00ednovou flotilu<\/span><\/a><span>\u00a0\u201c. V \u010dl\u00e1nku se uv\u00e1d\u011blo:<\/span><\/p>\n<p><em><span>Elisabeth Brawov\u00e1, vedouc\u00ed pracovnice Atlantick\u00e9 rady, washingtonsk\u00e9ho think tanku, uvedla: \u201eRusko p\u0159ekro\u010dilo Rubikon. Ukazuje to, \u017ee st\u00ednov\u00e1 flotila je tak d\u016fle\u017eit\u00e1, \u017ee je ochotna ve\u0159ejn\u011b p\u0159iznat, \u017ee je napojena na vl\u00e1du.\u201c<\/span><br \/>\n<span>B\u011bhem konfrontace 13. kv\u011btna vstoupilo rusk\u00e9 letadlo do estonsk\u00e9ho vzdu\u0161n\u00e9ho prostoru p\u0159ibli\u017en\u011b na jednu minutu. \u00datok byl okam\u017eit\u011b odrazen portugalsk\u00fdmi st\u00edha\u010dkami F-16 z mise leteck\u00e9ho dohledu NATO.<\/span><br \/>\n<span>Incident v\u0161ak na Z\u00e1pad\u011b vyvolal velk\u00e9 znepokojen\u00ed a vyvolal ot\u00e1zky, do jak\u00e9 m\u00edry si pom\u011brn\u011b \u0159\u00eddk\u00e9 n\u00e1mo\u0159n\u00ed s\u00edly zem\u011b dok\u00e1\u017eou poradit s flotilou nepoji\u0161t\u011bn\u00fdch tanker\u016f, kter\u00e9 denn\u011b br\u00e1zd\u00ed mo\u0159\u00ed zem\u011b.<\/span><br \/>\n<span>Litevsk\u00fd premi\u00e9r Gintautas Paluckas prohl\u00e1sil, \u017ee a\u010dkoli rusk\u00e1 vojensk\u00e1 ochrana baltsk\u00fdch tanker\u016f neodhalila nic, co \u201ebychom nemohli nebo nem\u011bli v\u011bd\u011bt\u201c, uk\u00e1zala, \u017ee \u201eriziko v\u00e1\u017en\u00e9 eskalace se s ka\u017ed\u00fdm krokem zvy\u0161uje\u201c.<\/span><\/em><\/p>\n<p><span>Ano, to je pravda, riziko v\u00e1\u017en\u00e9 eskalace se s ka\u017ed\u00fdm krokem zvy\u0161uje. Ale je to Z\u00e1pad, kdo podnik\u00e1 tyto eskala\u010dn\u00ed kroky, ne Rusko. Rusko na to jen reaguje. K incidentu by nedo\u0161lo, kdyby se Estonsko nepokusilo un\u00e9st tanker v mezin\u00e1rodn\u00edch vod\u00e1ch v rozporu s mezin\u00e1rodn\u00edm pr\u00e1vem.<\/span><\/p>\n<p><span>A p\u0159esn\u011b takhle budou reagovat z\u00e1padn\u00ed m\u00e9dia, pokud Merz vyst\u0159el\u00ed na Rusko rakety Taurus a Rusko zareaguje vojensky, proto\u017ee n\u011bmeck\u00e9 rakety zab\u00edjej\u00edc\u00ed Rusy jsou pro ruskou ve\u0159ejnost natolik nep\u0159ijateln\u00e9, \u017ee by rusk\u00e1 vl\u00e1da pravd\u011bpodobn\u011b byla nucena reagovat tvrd\u00fdmi opat\u0159en\u00edmi.<\/span><\/p>\n<h3 class=\"wp-block-heading\"><span>EU nechce m\u00edr<\/span><\/h3>\n<p><span>Ale to nen\u00ed v\u0161echno, proto\u017ee provokace na Ukrajin\u011b pokra\u010duj\u00ed s podporou EU. Zat\u00edmco jedn\u00e1n\u00ed mezi Ruskem a Ukrajinou, vynucen\u00e1 Trumpem prost\u0159ednictv\u00edm tlaku na Kyjev a Brusel, ofici\u00e1ln\u011b prob\u00edhaj\u00ed, Evropan\u00e9 z \u201eKoalice ochotn\u00fdch\u201c d\u011blaj\u00ed v\u0161e pro to, aby tento proces naru\u0161ili.<\/span><\/p>\n<p><span>Kyjev v posledn\u00edm t\u00fddnu zintenzivnil sv\u00e9 \u00fatoky na Rusko a Rusko na to odpov\u00eddaj\u00edc\u00edm zp\u016fsobem reaguje. N\u011bmeck\u00e1 m\u00e9dia jako Der Spiegel ukrajinsk\u00e9 \u00fatoky ignoruj\u00ed, ale ka\u017ed\u00fd den publikuj\u00ed \u010dl\u00e1nky o zl\u00fdch rusk\u00fdch \u00fatoc\u00edch, kter\u00e9 \u00fadajn\u011b ukazuj\u00ed, \u017ee Rusko v\u016fbec nem\u00e1 z\u00e1jem o m\u00edr. V pond\u011bl\u00ed titulek odpov\u00eddaj\u00edc\u00edho \u010dl\u00e1nku, kter\u00fd v sou\u010dasn\u00e9 dob\u011b denn\u011b vych\u00e1z\u00ed v Der Spiegelu, zn\u011bl \u201e\u00a0<\/span><a href=\"https:\/\/www.spiegel.de\/ausland\/ukraine-meldet-groessten-drohnenangriff-aus-russland-seit-kriegsbeginn-a-7ef8b3d4-ccfc-4010-b826-e3860e79cc80\"><span>Putinova \u00fato\u010dn\u00e1 v\u00e1lka \u2013 Ukrajina hl\u00e1s\u00ed nejv\u011bt\u0161\u00ed \u00fatok rusk\u00fdch dron\u016f od za\u010d\u00e1tku v\u00e1lky<\/span><\/a><span>\u00a0\u201c a v \u00favodu Der Spiegel napsal:<\/span><\/p>\n<p><em>\u201eUkrajina se zd\u00e1 b\u00fdt otev\u0159en\u00e1 jedn\u00e1n\u00edm s Ruskem. Moskva v\u0161ak zjevn\u011b v sou\u010dasn\u00e9 dob\u011b zintenziv\u0148uje \u00fatoky na sv\u00e9ho souseda. Kyjevsk\u00e1 protivzdu\u0161n\u00e1 obrana nyn\u00ed op\u011bt hl\u00e1s\u00ed rekordn\u00ed po\u010det rusk\u00fdch dron\u016f.\u201c<\/em><\/p>\n<p><span>Tvrzen\u00ed, \u017ee Ukrajina je \u201eotev\u0159en\u00e1 jedn\u00e1n\u00edm s Ruskem\u201c, je velmi odv\u00e1\u017en\u00e9, proto\u017ee Zelensk\u00e9ho dekret zakazuj\u00edc\u00ed jedn\u00e1n\u00ed s Ruskem na Ukrajin\u011b st\u00e1le plat\u00ed. a ukrajinsk\u00e1 delegace se jedn\u00e1n\u00ed pl\u00e1novan\u00fdch na 15. kv\u011btna v Istanbulu nedostavila, a\u010dkoli rusk\u00e1 delegace \u010dekala v Istanbulu cel\u00fd den.\u00a0<\/span><a href=\"https:\/\/anti-spiegel.ru\/2025\/selensky-verzoegert-gespraeche-in-istanbul-beginn-vielleicht-erst-morgen\/\"><span>Teprve po masivn\u00edm mezin\u00e1rodn\u00edm tlaku<\/span><\/a><span>\u00a0se Ukrajinci kone\u010dn\u011b o den pozd\u011bji objevili.<\/span><\/p>\n<p><span>\u201eKoalice ochotn\u00fdch\u201c je tak\u00e9 proti m\u00edru a na americk\u00e9 \u00fasil\u00ed reagovala velmi pozd\u011b, pot\u00e9 n\u00e1hle vyzvala k bezpodm\u00edne\u010dn\u00e9mu 30denn\u00edmu p\u0159\u00edm\u011b\u0159\u00ed. Jejich deklarovan\u00fdm c\u00edlem p\u0159\u00edm\u011b\u0159\u00ed v\u0161ak nen\u00ed veden\u00ed m\u00edrov\u00fdch jedn\u00e1n\u00ed s Ruskem, ale sp\u00ed\u0161e \u201eKoalice ochotn\u00fdch\u201c chce p\u0159\u00edm\u011b\u0159\u00ed vyu\u017e\u00edt k vysl\u00e1n\u00ed vlastn\u00edch vojsk na Ukrajinu a d\u00e1t Ukrajin\u011b \u010das na p\u0159eskupen\u00ed a p\u0159ezbrojen\u00ed sv\u00fdch vojsk.<\/span><\/p>\n<p><span>Skute\u010dnost, \u017ee EU chce vyu\u017e\u00edt p\u0159\u00edm\u011b\u0159\u00ed k rozm\u00edst\u011bn\u00ed evropsk\u00fdch vojsk na Ukrajin\u011b, v \u017e\u00e1dn\u00e9m p\u0159\u00edpad\u011b nen\u00ed m\u00e9 zlomysln\u00e9 tvrzen\u00ed ani \u201erusk\u00e1 propaganda\u201c, ale sp\u00ed\u0161e n\u011bco, co belgick\u00fd ministr obrany\u00a0<\/span><a href=\"https:\/\/www.youtube.com\/watch?v=M1XccP5Q7f0\"><span>Theo Francken zcela otev\u0159en\u011b \u0159ekl novin\u00e1\u0159\u016fm<\/span><\/a><span>\u00a0:<\/span><\/p>\n<p><em>\u201eExistuje pl\u00e1novac\u00ed skupina Koalice ochotn\u00fdch, kter\u00e1 pracuje pod veden\u00edm Brit\u016f a Francouz\u016f. Pracuj\u00ed na pl\u00e1nu a velmi \u00fazce spolupracuj\u00ed. Jsme t\u00e9m\u011b\u0159 hotovi. Tak\u017ee si mysl\u00edm, \u017ee se v\u011bci ub\u00edraj\u00ed spr\u00e1vn\u00fdm sm\u011brem. V okam\u017eiku, kdy bude uzav\u0159eno p\u0159\u00edm\u011b\u0159\u00ed, m\u016f\u017ee Koalice ochotn\u00fdch okam\u017eit\u011b operovat na ukrajinsk\u00e9 p\u016fd\u011b.\u201c<\/em><\/p>\n<p><span>Rusko je pro p\u0159\u00edm\u011b\u0159\u00ed, ale pouze pokud to skute\u010dn\u011b znamen\u00e1 seri\u00f3zn\u00ed m\u00edrov\u00e1 jedn\u00e1n\u00ed. Rusko nesouhlas\u00ed s p\u0159\u00edm\u011b\u0159\u00edm, kter\u00e9 by mu \u0161kodilo.<\/span><\/p>\n<p><span>A Rusko jist\u011b nebude souhlasit s t\u00edm, aby p\u0159\u00edm\u011b\u0159\u00ed bylo pou\u017eito k p\u0159iveden\u00ed evropsk\u00fdch vojsk na Ukrajinu, proto\u017ee Rusko intervenovalo na Ukrajin\u011b pr\u00e1v\u011b proto, aby zabr\u00e1nilo um\u00edst\u011bn\u00ed vojsk NATO na Ukrajin\u011b a vstupu zem\u011b do NATO. Je naprosto nere\u00e1ln\u00e9, \u017ee by Rusko nyn\u00ed souhlasilo s p\u0159\u00edm\u011b\u0159\u00edm, aby umo\u017enilo p\u0159esn\u011b to, \u010demu chce Rusko zabr\u00e1nit.<\/span><\/p>\n<p><span>M\u00edsto deeskalace d\u011blaj\u00ed Evropan\u00e9 v\u0161e pro to, aby v\u00e1lku roz\u0161\u00ed\u0159ili za hranice Ukrajiny do Evropy.<\/span><\/p>\n<p><a href=\"https:\/\/anti-spiegel.ru\/2025\/was-die-aufhebung-der-reichweitenbeschraenkung-von-deutschland-an-kiew-gelieferter-waffen-bedeutet\/\">Thomas R\u00f6per<\/a><\/p>\n<p><img decoding=\"async\" loading=\"lazy\" class=\"alignnone  wp-image-22016\" src=\"http:\/\/www.infokuryr.cz\/n\/wp-content\/uploads\/2023\/01\/Thomas-Roper-298x300.jpg\" alt=\"\" width=\"150\" height=\"151\" srcset=\"https:\/\/www.infokuryr.cz\/n\/wp-content\/uploads\/2023\/01\/Thomas-Roper-298x300.jpg 298w, https:\/\/www.infokuryr.cz\/n\/wp-content\/uploads\/2023\/01\/Thomas-Roper-150x150.jpg 150w, https:\/\/www.infokuryr.cz\/n\/wp-content\/uploads\/2023\/01\/Thomas-Roper.jpg 596w\" sizes=\"(max-width: 150px) 100vw, 150px\" \/><\/p>\n<p>&nbsp;<\/p>\n","protected":false},"excerpt":{"rendered":"<p>Prohl\u00e1sil to kancl\u00e9\u0159 Merz. \u017ee ru\u0161\u00ed omezen\u00ed dost\u0159elu zbran\u00ed dod\u00e1van\u00fdch Kyjevu z N\u011bmecka a v\u00fdslovn\u011b&#8230;<\/p>\n","protected":false},"author":2,"featured_media":62628,"comment_status":"closed","ping_status":"closed","sticky":false,"template":"","format":"standard","meta":[],"categories":[7],"tags":[1503,8211,349,22,40],"_links":{"self":[{"href":"https:\/\/www.infokuryr.cz\/n\/wp-json\/wp\/v2\/posts\/79777"}],"collection":[{"href":"https:\/\/www.infokuryr.cz\/n\/wp-json\/wp\/v2\/posts"}],"about":[{"href":"https:\/\/www.infokuryr.cz\/n\/wp-json\/wp\/v2\/types\/post"}],"author":[{"embeddable":true,"href":"https:\/\/www.infokuryr.cz\/n\/wp-json\/wp\/v2\/users\/2"}],"replies":[{"embeddable":true,"href":"https:\/\/www.infokuryr.cz\/n\/wp-json\/wp\/v2\/comments?post=79777"}],"version-history":[{"count":0,"href":"https:\/\/www.infokuryr.cz\/n\/wp-json\/wp\/v2\/posts\/79777\/revisions"}],"wp:featuredmedia":[{"embeddable":true,"href":"https:\/\/www.infokuryr.cz\/n\/wp-json\/wp\/v2\/media\/62628"}],"wp:attachment":[{"href":"https:\/\/www.infokuryr.cz\/n\/wp-json\/wp\/v2\/media?parent=79777"}],"wp:term":[{"taxonomy":"category","embeddable":true,"href":"https:\/\/www.infokuryr.cz\/n\/wp-json\/wp\/v2\/categories?post=79777"},{"taxonomy":"post_tag","embeddable":true,"href":"https:\/\/www.infokuryr.cz\/n\/wp-json\/wp\/v2\/tags?post=79777"}],"curies":[{"name":"wp","href":"https:\/\/api.w.org\/{rel}","templated":true}]}}