{"id":79772,"date":"2025-05-27T06:05:48","date_gmt":"2025-05-27T04:05:48","guid":{"rendered":"https:\/\/www.infokuryr.cz\/n\/?p=79772"},"modified":"2025-05-27T06:10:35","modified_gmt":"2025-05-27T04:10:35","slug":"ukazka-liberalni-demokracie-zeme-eu-budou-jednat-o-odebrani-madarsku-hlasovaciho-prava","status":"publish","type":"post","link":"https:\/\/www.infokuryr.cz\/n\/2025\/05\/27\/ukazka-liberalni-demokracie-zeme-eu-budou-jednat-o-odebrani-madarsku-hlasovaciho-prava\/","title":{"rendered":"Uk\u00e1zka &#8222;liber\u00e1ln\u00ed demokracie&#8220;: Zem\u011b EU budou jednat o odebr\u00e1n\u00ed Ma\u010farsku hlasovac\u00edho pr\u00e1va"},"content":{"rendered":"<div id=\"fb-root\"><\/div>\n<p class=\"lead\"><strong>Minist\u0159i EU se dnes v \u00fater\u00fd sejdou v Bruselu, aby projednali odebr\u00e1n\u00ed Ma\u010farska o hlasovac\u00ed pr\u00e1va kv\u016fli jeho \u00fadajn\u00fdm probl\u00e9m\u016fm s pr\u00e1vn\u00edm st\u00e1tem.<\/strong><\/p>\n<p>Webov\u00e9 str\u00e1nky Rady EU uv\u00e1d\u011bj\u00ed, \u017ee minist\u0159i pro evropsk\u00e9 z\u00e1le\u017eitosti uspo\u0159\u00e1daj\u00ed osm\u00e9 sly\u0161en\u00ed \u201epodle \u010dl\u00e1nku 7 proti Ma\u010farsku\u201c kv\u016fli obav\u00e1m o \u201estav demokracie a pr\u00e1vn\u00edho st\u00e1tu\u201c. Zaveden\u00ed sankc\u00ed by znamenalo, \u017ee hlasovac\u00ed pr\u00e1va Ma\u010farska v EU by byla pozastavena, dokud nebudou poru\u0161en\u00ed \u201enapravena\u201c.<\/p>\n<p>Z\u00e1rove\u0148, jak informovaly evropsk\u00e9 zdroje, mezi zem\u011bmi neexistuje jednomyslnost ohledn\u011b takov\u00e9ho kroku, a proto s nejv\u011bt\u0161\u00ed pravd\u011bpodobnost\u00ed nebude rozhodnuto.<\/p>\n<p>P\u0159\u00edb\u011bh pokra\u010duje od roku 2018, kdy Evropsk\u00fd parlament rozhodl o zaveden\u00ed sankc\u00ed proti Ma\u010farsku a obvinil Budape\u0161\u0165 zejm\u00e9na z poru\u0161ov\u00e1n\u00ed p\u0159edpis\u016f v oblasti spravedlnosti a svobody m\u00e9di\u00ed.<\/p>\n<p>\u010cl\u00e1nek 7 Smlouvy o Evropsk\u00e9 unii stanov\u00ed postup pro pozastaven\u00ed ur\u010dit\u00fdch pr\u00e1v \u010dlensk\u00e9ho st\u00e1tu, u nich\u017e se zjist\u00ed poru\u0161en\u00ed t\u011bchto pr\u00e1v, v\u010detn\u011b nap\u0159\u00edklad pr\u00e1va volit. Neexistuje v\u0161ak \u017e\u00e1dn\u00fd postup pro vylou\u010den\u00ed zem\u011b ze spole\u010denstv\u00ed. \u010cl\u00e1nek 7 lze uplatnit \u201ev p\u0159\u00edpad\u011b systematick\u00e9ho poru\u0161ov\u00e1n\u00ed hodnot EU, v\u010detn\u011b z\u00e1sad pr\u00e1vn\u00edho st\u00e1tu\u201c.<\/p>\n<p>V polovin\u011b z\u00e1\u0159\u00ed 2022 Evropsk\u00e1 komise navrhla zav\u00e9st pro Ma\u010farsko zvl\u00e1\u0161tn\u00ed mechanismus podm\u00edn\u011bnosti, kter\u00fd by zajistil ochranu rozpo\u010dtu EU \u201ep\u0159ed poru\u0161ov\u00e1n\u00edm z\u00e1sad pr\u00e1vn\u00edho st\u00e1tu v Ma\u010farsku\u201c. To znamenalo zmrazen\u00ed p\u0159ibli\u017en\u011b 7,5 miliardy eur z financov\u00e1n\u00ed EU pro Budape\u0161\u0165. Tento mechanismus, jeho\u017e c\u00edlem je chr\u00e1nit rozpo\u010det obce p\u0159ed korupc\u00ed, byl aktivov\u00e1n poprv\u00e9 za dva roky sv\u00e9 existence.<\/p>\n<p>EK se n\u00e1sledn\u011b rozhodla zachovat sv\u016fj p\u016fvodn\u00ed n\u00e1vrh na pozastaven\u00ed 65 % platebn\u00edch z\u00e1vazk\u016f Ma\u010farska z n\u011bkter\u00fdch spole\u010dn\u00fdch fond\u016f EU, a\u010dkoli ma\u010farsk\u00fd premi\u00e9r\u00a0<strong>Viktor Orb\u00e1n<\/strong>\u00a0uvedl, \u017ee Budape\u0161\u0165 splnila cel\u00fd seznam po\u017eadavk\u016f Komise, kter\u00e9 se t\u00fdkaly opat\u0159en\u00ed v boji proti korupci, zv\u00fd\u0161en\u00ed transparentnosti p\u0159i zad\u00e1v\u00e1n\u00ed ve\u0159ejn\u00fdch zak\u00e1zek a pos\u00edlen\u00ed nez\u00e1vislosti soudnictv\u00ed.<\/p>\n<p>V lednu 2024 evropsk\u00fd komisa\u0159 pro spravedlnost\u00a0<strong>Didier Reynders<\/strong>\u00a0uvedl, \u017ee Evropsk\u00e1 komise je p\u0159ipravena aktivovat mechanismus pro pozastaven\u00ed pr\u00e1v Ma\u010farska v EU v souladu s \u010dl\u00e1nkem 7 Smlouvy o EU, pokud se zem\u011b EU na takov\u00e9 iniciativ\u011b dohodnou.<\/p>\n<p>Krom\u011b toho se evrop\u0161t\u00ed minist\u0159i v \u00fater\u00fd chystaj\u00ed projednat p\u0159\u00edpravy na zased\u00e1n\u00ed Evropsk\u00e9 rady ve dnech 26. a 27. \u010dervna, kde hlavn\u00edmi t\u00e9maty budou Ukrajina a konflikt na Bl\u00edzk\u00e9m v\u00fdchod\u011b, stejn\u011b jako evropsk\u00e1 obrana a bezpe\u010dnost, konkurenceschopnost a migrace.<\/p>\n<p><img decoding=\"async\" loading=\"lazy\" class=\"alignnone size-full wp-image-1185\" src=\"http:\/\/www.infokuryr.cz\/n\/wp-content\/uploads\/2021\/04\/kuryr-podpis.png\" alt=\"\" width=\"84\" height=\"24\" \/><\/p>\n<p>&nbsp;<\/p>\n","protected":false},"excerpt":{"rendered":"<p>Minist\u0159i EU se dnes v \u00fater\u00fd sejdou v Bruselu, aby projednali odebr\u00e1n\u00ed Ma\u010farska o hlasovac\u00ed&#8230;<\/p>\n","protected":false},"author":2,"featured_media":79773,"comment_status":"closed","ping_status":"closed","sticky":false,"template":"","format":"standard","meta":[],"categories":[7],"tags":[41,1045,78],"_links":{"self":[{"href":"https:\/\/www.infokuryr.cz\/n\/wp-json\/wp\/v2\/posts\/79772"}],"collection":[{"href":"https:\/\/www.infokuryr.cz\/n\/wp-json\/wp\/v2\/posts"}],"about":[{"href":"https:\/\/www.infokuryr.cz\/n\/wp-json\/wp\/v2\/types\/post"}],"author":[{"embeddable":true,"href":"https:\/\/www.infokuryr.cz\/n\/wp-json\/wp\/v2\/users\/2"}],"replies":[{"embeddable":true,"href":"https:\/\/www.infokuryr.cz\/n\/wp-json\/wp\/v2\/comments?post=79772"}],"version-history":[{"count":0,"href":"https:\/\/www.infokuryr.cz\/n\/wp-json\/wp\/v2\/posts\/79772\/revisions"}],"wp:featuredmedia":[{"embeddable":true,"href":"https:\/\/www.infokuryr.cz\/n\/wp-json\/wp\/v2\/media\/79773"}],"wp:attachment":[{"href":"https:\/\/www.infokuryr.cz\/n\/wp-json\/wp\/v2\/media?parent=79772"}],"wp:term":[{"taxonomy":"category","embeddable":true,"href":"https:\/\/www.infokuryr.cz\/n\/wp-json\/wp\/v2\/categories?post=79772"},{"taxonomy":"post_tag","embeddable":true,"href":"https:\/\/www.infokuryr.cz\/n\/wp-json\/wp\/v2\/tags?post=79772"}],"curies":[{"name":"wp","href":"https:\/\/api.w.org\/{rel}","templated":true}]}}