{"id":79771,"date":"2025-05-27T06:02:14","date_gmt":"2025-05-27T04:02:14","guid":{"rendered":"https:\/\/www.infokuryr.cz\/n\/?p=79771"},"modified":"2025-05-27T06:37:10","modified_gmt":"2025-05-27T04:37:10","slug":"zapad-rusi-vsechna-omezeni-ukrajina-ma-opravneni-zautocit-hluboko-uvnitr-ruska-raketami-dlouheho-doletu","status":"publish","type":"post","link":"https:\/\/www.infokuryr.cz\/n\/2025\/05\/27\/zapad-rusi-vsechna-omezeni-ukrajina-ma-opravneni-zautocit-hluboko-uvnitr-ruska-raketami-dlouheho-doletu\/","title":{"rendered":"Z\u00e1pad ru\u0161\u00ed v\u0161echna omezen\u00ed: Ukrajina m\u00e1 opr\u00e1vn\u011bn\u00ed za\u00fato\u010dit hluboko uvnit\u0159 Ruska raketami dlouh\u00e9ho doletu"},"content":{"rendered":"<div id=\"fb-root\"><\/div>\n<p class=\"ds-markdown-paragraph\"><strong>N\u011bmeck\u00fd kancl\u00e9\u0159 Friedrich Merz 26. kv\u011btna prohl\u00e1sil, \u017ee v r\u00e1mci v\u00fdrazn\u00e9 eskalace z\u00e1padn\u00ed vojensk\u00e9 podpory Kyjeva ofici\u00e1ln\u011b zru\u0161ily N\u011bmecko, Spojen\u00e9 st\u00e1ty, Brit\u00e1nie a Francie ve\u0161ker\u00e1 omezen\u00ed t\u00fdkaj\u00edc\u00ed se pou\u017e\u00edv\u00e1n\u00ed zbran\u00ed dodan\u00fdch Ukrajinou k \u00fatok\u016fm na c\u00edle v Rusku.<\/strong><\/p>\n<p class=\"ds-markdown-paragraph\"><em>\u201eNa zbran\u011b dod\u00e1van\u00e9 na Ukrajinu ji\u017e neplat\u00ed \u017e\u00e1dn\u00e1 omezen\u00ed doletu \u2013 ani od Brit\u016f, ani od Francouz\u016f, ani od n\u00e1s, ani od Ameri\u010dan\u016f,\u201c prohl\u00e1sil Merz. \u201eTo znamen\u00e1, \u017ee Ukrajina se nyn\u00ed m\u016f\u017ee br\u00e1nit, a to i \u00fatoky na vojensk\u00e9 pozice na rusk\u00e9m \u00fazem\u00ed. A\u017e doned\u00e1vna to, a\u017e na velmi m\u00e1lo v\u00fdjimek, d\u011blat nemohla.\u201c<\/em><\/p>\n<p class=\"ds-markdown-paragraph\">Toto rozhodnut\u00ed p\u0159edstavuje dramatick\u00fd posun v postoji NATO, kter\u00e9 fakticky schvaluje ukrajinsk\u00e9 \u00fatoky hluboko na rusk\u00e9 \u00fazem\u00ed s pou\u017eit\u00edm raket dlouh\u00e9ho doletu, jako jsou ATACMS, Storm Shadow\/SCALP-EG a potenci\u00e1ln\u011b i n\u011bmeck\u00fdch \u0159\u00edzen\u00fdch st\u0159el Taurus. Zat\u00edmco Washington a Lond\u00fdn d\u0159\u00edve povolovaly omezen\u00e9 \u00fadery na rusk\u00e9 pohrani\u010dn\u00ed oblasti, odstran\u011bn\u00ed v\u0161ech omezen\u00ed nyn\u00ed otev\u00edr\u00e1 Ukrajin\u011b dve\u0159e k \u00fatok\u016fm na strategick\u00e9 vojensk\u00e9 objekty daleko za frontovou lini\u00ed.<\/p>\n<p class=\"ds-markdown-paragraph\">Kancl\u00e9\u0159 Merz zd\u016fraznil, \u017ee dal\u0161\u00edm krokem je zajistit, aby Ukrajina z\u00edskala dostate\u010dnou palebnou s\u00edlu dlouh\u00e9ho doletu. \u201eNyn\u00ed mus\u00edme zajistit, aby Ukrajina byla t\u011bmito zbran\u011bmi dlouh\u00e9ho doletu vybavena,\u201c \u0159ekl. To siln\u011b nazna\u010duje, \u017ee N\u011bmecko by mohlo kone\u010dn\u011b schv\u00e1lit transfer sv\u00fdch st\u0159el Taurus, kter\u00e9 jsou spornou ot\u00e1zkou ji\u017e v\u00edce ne\u017e rok. Pokud by byly dod\u00e1ny, Ukrajina by mohla obdr\u017eet 100\u2013150 st\u0159el Taurus, co\u017e by v\u00fdrazn\u011b pos\u00edlilo jej\u00ed \u00fadern\u00e9 schopnosti.<\/p>\n<div id=\"attachment_190462\" class=\"wp-caption aligncenter\" style=\"width: 596px;\">\n<p><a href=\"https:\/\/s5.cdnstatic.space\/wp-content\/uploads\/2023\/09\/Taurus.jpg\" target=\"_blank\" rel=\"noopener\"><img decoding=\"async\" loading=\"lazy\" class=\"wp-image-190462\" title=\"Z\u00e1pad ru\u0161\u00ed v\u0161echna omezen\u00ed: Ukrajina m\u00e1 opr\u00e1vn\u011bn\u00ed za\u00fato\u010dit hluboko uvnit\u0159 Ruska raketami dlouh\u00e9ho doletu\" src=\"https:\/\/s5.cdnstatic.space\/wp-content\/uploads\/2023\/09\/Taurus-490x276.jpg\" sizes=\"(max-width: 600px) 100vw, 600px\" srcset=\"https:\/\/s5.cdnstatic.space\/wp-content\/uploads\/2023\/09\/Taurus-490x276.jpg 490w, https:\/\/s5.cdnstatic.space\/wp-content\/uploads\/2023\/09\/Taurus-1024x576.jpg 1024w, https:\/\/s5.cdnstatic.space\/wp-content\/uploads\/2023\/09\/Taurus-768x432.jpg 768w, https:\/\/s5.cdnstatic.space\/wp-content\/uploads\/2023\/09\/Taurus.jpg 1280w\" alt=\"Z\u00e1pad ru\u0161\u00ed v\u0161echna omezen\u00ed: Ukrajina m\u00e1 opr\u00e1vn\u011bn\u00ed za\u00fato\u010dit hluboko uvnit\u0159 Ruska raketami dlouh\u00e9ho doletu\" width=\"596\" height=\"336\" aria-describedby=\"caption-attachment-190462\" \/><\/a><\/p>\n<p id=\"caption-attachment-190462\" class=\"wp-caption-text\">Ilustrativn\u00ed obr\u00e1zek<\/p>\n<\/div>\n<h3>Rusk\u00e9 varov\u00e1n\u00ed: NATO je \u201efakticky ve v\u00e1lce\u201c<\/h3>\n<p class=\"ds-markdown-paragraph\">Kreml ji\u017e dlouho varoval, \u017ee zru\u0161en\u00ed takov\u00fdch omezen\u00ed by znamenalo p\u0159\u00edm\u00e9 zapojen\u00ed NATO do konfliktu. Loni v listopadu, pot\u00e9, co Ukrajina pou\u017eila rakety ATACMS a Storm Shadow k \u00fatoku na rusk\u00e9 \u00fazem\u00ed, prezident Vladimir Putin prohl\u00e1sil, \u017ee si Moskva vyhrazuje pr\u00e1vo podniknout odvetn\u00e9 kroky proti vojensk\u00fdm za\u0159\u00edzen\u00edm v zem\u00edch dod\u00e1vaj\u00edc\u00edch tyto zbran\u011b.<\/p>\n<p class=\"ds-markdown-paragraph\"><em>\u201ePokud pova\u017euj\u00ed za mo\u017en\u00e9 dodat takov\u00e9 zbran\u011b do bojov\u00e9 z\u00f3ny a za\u00fato\u010dit na na\u0161e \u00fazem\u00ed, pro\u010d bychom nem\u011bli m\u00edt pr\u00e1vo ud\u011blat tot\u00e9\u017e?\u201c \u0159ekl tehdy Putin. Dodal, \u017ee jak\u00e1koli eskalace se setk\u00e1 s \u201erozhodnou a zrcadlovou reakc\u00ed\u201c.<\/em><\/p>\n<p class=\"ds-markdown-paragraph\">List New York Times d\u0159\u00edve informoval, \u017ee Bidenova administrativa ti\u0161e povolila Ukrajin\u011b pou\u017e\u00edt rakety ATACMS proti c\u00edl\u016fm v rusk\u00e9 Kursk\u00e9 oblasti pod od\u016fvodn\u011bn\u00edm \u00fadajn\u00e9 \u201esebeobrany\u201c. B\u00fdval\u00fd \u0161\u00e9f zahrani\u010dn\u00ed politiky EU Josep Borrell mezit\u00edm potvrdil, \u017ee Ukrajina byla opr\u00e1vn\u011bna za\u00fato\u010dit a\u017e do vzd\u00e1lenosti 300 km uvnit\u0159 rusk\u00e9ho \u00fazem\u00ed.<\/p>\n<h3>Co je opravdu nov\u00e9ho?<\/h3>\n<p class=\"ds-markdown-paragraph\">Navzdory Merzovu ozn\u00e1men\u00ed p\u0159etrv\u00e1vaj\u00ed ot\u00e1zky ohledn\u011b jeho praktick\u00e9ho dopadu. Ukrajina ji\u017e od za\u010d\u00e1tku roku 2024 pou\u017e\u00edv\u00e1 zbran\u011b dod\u00e1van\u00e9 Z\u00e1padem, v\u010detn\u011b syst\u00e9m\u016f HIMARS, Storm Shadow a plachetnic, k \u00fatok\u016fm na rusk\u00e9 \u00fazem\u00ed. \u00datoky na Belgorod, Kursk, Krym a L\/DLR se staly rutinou a rusk\u00e1 protivzdu\u0161n\u00e1 obrana \u010dasto zachycuje p\u0159il\u00e9taj\u00edc\u00ed rakety.<\/p>\n<p class=\"ds-markdown-paragraph\">Kl\u00ed\u010dov\u00fdm rozd\u00edlem nyn\u00ed m\u016f\u017ee b\u00fdt form\u00e1ln\u00ed odstran\u011bn\u00ed politick\u00fdch omezen\u00ed, co\u017e Ukrajin\u011b umo\u017en\u00ed zas\u00e1hnout hloub\u011bji do Ruska, ani\u017e by se musela ob\u00e1vat odporu Z\u00e1padu. Pokud budou rakety Taurus skute\u010dn\u011b dod\u00e1ny, mohly by umo\u017enit p\u0159esn\u00e9 \u00fadery na vojensk\u00e9 z\u00e1kladny, logistick\u00e1 centra, tov\u00e1rny na obranu a civiln\u00ed za\u0159\u00edzen\u00ed daleko od frontov\u00e9 linie.<\/p>\n<div id=\"attachment_181152\" class=\"wp-caption aligncenter\" style=\"width: 598px;\">\n<p><a href=\"https:\/\/s5.cdnstatic.space\/wp-content\/uploads\/2023\/04\/Air_Battles.jpg\" target=\"_blank\" rel=\"noopener\"><img decoding=\"async\" loading=\"lazy\" class=\"wp-image-181152\" title=\"Z\u00e1pad ru\u0161\u00ed v\u0161echna omezen\u00ed: Ukrajina m\u00e1 opr\u00e1vn\u011bn\u00ed za\u00fato\u010dit hluboko uvnit\u0159 Ruska raketami dlouh\u00e9ho doletu\" src=\"https:\/\/s5.cdnstatic.space\/wp-content\/uploads\/2023\/04\/Air_Battles-490x276.jpg\" sizes=\"(max-width: 600px) 100vw, 600px\" srcset=\"https:\/\/s5.cdnstatic.space\/wp-content\/uploads\/2023\/04\/Air_Battles-490x276.jpg 490w, https:\/\/s5.cdnstatic.space\/wp-content\/uploads\/2023\/04\/Air_Battles-1024x576.jpg 1024w, https:\/\/s5.cdnstatic.space\/wp-content\/uploads\/2023\/04\/Air_Battles-768x432.jpg 768w, https:\/\/s5.cdnstatic.space\/wp-content\/uploads\/2023\/04\/Air_Battles.jpg 1280w\" alt=\"Z\u00e1pad ru\u0161\u00ed v\u0161echna omezen\u00ed: Ukrajina m\u00e1 opr\u00e1vn\u011bn\u00ed za\u00fato\u010dit hluboko uvnit\u0159 Ruska raketami dlouh\u00e9ho doletu\" width=\"598\" height=\"337\" aria-describedby=\"caption-attachment-181152\" \/><\/a><\/p>\n<p id=\"caption-attachment-181152\" class=\"wp-caption-text\">Ilustrativn\u00ed obr\u00e1zek<\/p>\n<\/div>\n<p class=\"ds-markdown-paragraph\">Tento krok signalizuje nebezpe\u010dnou novou f\u00e1zi konfliktu, kde by zbran\u011b dodan\u00e9 NATO mohly b\u00fdt pou\u017eity k \u00fatoku na strategick\u00e9 z\u00e1zem\u00ed Moskvy. Rusko opakovan\u011b varovalo, \u017ee takov\u00e9 akce by ho donutily roz\u0161\u00ed\u0159it vlastn\u00ed \u00fadery na rozhodovac\u00ed centra na Ukrajin\u011b, potenci\u00e1ln\u011b v\u010detn\u011b z\u00e1padn\u00edch politick\u00fdch a vojensk\u00fdch poradc\u016f.<\/p>\n<p class=\"ds-markdown-paragraph\">Vzhledem k tomu, \u017ee N\u011bmecko nyn\u00ed otev\u0159en\u011b podporuje \u00fatoky na dlouhou vzd\u00e1lenost, mohla by se dynamika v\u00e1lky dramaticky zm\u011bnit. Pokud Ukrajina za\u010dne systematicky \u00fato\u010dit na ruskou infrastrukturu, ropn\u00e9 rafinerie nebo velitelsk\u00e1 stanovi\u0161t\u011b, Moskva by mohla reagovat je\u0161t\u011b ni\u010div\u011bj\u0161\u00edmi raketov\u00fdmi palbami na ukrajinsk\u00e1 m\u011bsta.<\/p>\n<p><strong>D\u00e1le je t\u0159eba upozornit na skute\u010dnost, kter\u00e1 je d\u016fsledn\u011b ob\u010dan\u016fm EU zaml\u010dov\u00e1na, a to, \u017ee tyto rakety dlouh\u00e9ho doletu jsou nav\u00e1d\u011bn\u00e9 naviga\u010dn\u00edmi centry ze zem\u00ed NATO, proto\u017ee Ukrajina nem\u00e1 vlastn\u00ed satelitn\u00ed nav\u00e1d\u011bc\u00ed syst\u00e9m. To znamen\u00e1, \u017ee v tomto okam\u017eiku je NATO zapojeno do vojensk\u00e9ho konfliktu se v\u0161\u00edm v\u0161udy a m\u016f\u017ee se o\u010dek\u00e1vat zp\u011btn\u00e1 reakce ze strany Ruska na tato \u0159\u00edd\u00edc\u00ed a naviga\u010dn\u00ed centra, kter\u00e1 se nach\u00e1zej\u00ed mimo Ukrajinu.<\/strong><\/p>\n<p><img decoding=\"async\" loading=\"lazy\" class=\"alignnone size-full wp-image-1185\" src=\"http:\/\/www.infokuryr.cz\/n\/wp-content\/uploads\/2021\/04\/kuryr-podpis.png\" alt=\"\" width=\"84\" height=\"24\" \/><\/p>\n<p>&nbsp;<\/p>\n","protected":false},"excerpt":{"rendered":"<p>N\u011bmeck\u00fd kancl\u00e9\u0159 Friedrich Merz 26. kv\u011btna prohl\u00e1sil, \u017ee v r\u00e1mci v\u00fdrazn\u00e9 eskalace z\u00e1padn\u00ed vojensk\u00e9 podpory&#8230;<\/p>\n","protected":false},"author":2,"featured_media":62426,"comment_status":"closed","ping_status":"closed","sticky":false,"template":"","format":"standard","meta":[],"categories":[7],"tags":[349,22,26,365],"_links":{"self":[{"href":"https:\/\/www.infokuryr.cz\/n\/wp-json\/wp\/v2\/posts\/79771"}],"collection":[{"href":"https:\/\/www.infokuryr.cz\/n\/wp-json\/wp\/v2\/posts"}],"about":[{"href":"https:\/\/www.infokuryr.cz\/n\/wp-json\/wp\/v2\/types\/post"}],"author":[{"embeddable":true,"href":"https:\/\/www.infokuryr.cz\/n\/wp-json\/wp\/v2\/users\/2"}],"replies":[{"embeddable":true,"href":"https:\/\/www.infokuryr.cz\/n\/wp-json\/wp\/v2\/comments?post=79771"}],"version-history":[{"count":1,"href":"https:\/\/www.infokuryr.cz\/n\/wp-json\/wp\/v2\/posts\/79771\/revisions"}],"predecessor-version":[{"id":79774,"href":"https:\/\/www.infokuryr.cz\/n\/wp-json\/wp\/v2\/posts\/79771\/revisions\/79774"}],"wp:featuredmedia":[{"embeddable":true,"href":"https:\/\/www.infokuryr.cz\/n\/wp-json\/wp\/v2\/media\/62426"}],"wp:attachment":[{"href":"https:\/\/www.infokuryr.cz\/n\/wp-json\/wp\/v2\/media?parent=79771"}],"wp:term":[{"taxonomy":"category","embeddable":true,"href":"https:\/\/www.infokuryr.cz\/n\/wp-json\/wp\/v2\/categories?post=79771"},{"taxonomy":"post_tag","embeddable":true,"href":"https:\/\/www.infokuryr.cz\/n\/wp-json\/wp\/v2\/tags?post=79771"}],"curies":[{"name":"wp","href":"https:\/\/api.w.org\/{rel}","templated":true}]}}