{"id":79768,"date":"2025-05-27T05:53:39","date_gmt":"2025-05-27T03:53:39","guid":{"rendered":"https:\/\/www.infokuryr.cz\/n\/?p=79768"},"modified":"2025-05-27T06:21:59","modified_gmt":"2025-05-27T04:21:59","slug":"michael-svatos-na-berlin-prileti-oresnik-proc-hra-nemeckeho-kanclere-merze-na-noveho-evropskeho-fuhrera","status":"publish","type":"post","link":"https:\/\/www.infokuryr.cz\/n\/2025\/05\/27\/michael-svatos-na-berlin-prileti-oresnik-proc-hra-nemeckeho-kanclere-merze-na-noveho-evropskeho-fuhrera\/","title":{"rendered":"Michael Svato\u0161: Na Berl\u00edn p\u0159ilet\u00ed Ore\u0161nik? Pro\u010d hra n\u011bmeck\u00e9ho kancl\u00e9\u0159e Merze na nov\u00e9ho evropsk\u00e9ho f\u00fchrera &#8230;"},"content":{"rendered":"<div id=\"fb-root\"><\/div>\n<h3>Na Berl\u00edn p\u0159ilet\u00ed Ore\u0161nik? Pro\u010d hra n\u011bmeck\u00e9ho kancl\u00e9\u0159e Merze na nov\u00e9ho evropsk\u00e9ho f\u00fchrera, m\u016f\u017ee skon\u010dit jadernou v\u00e1lkou? Aneb z \u010deho m\u011bla baronka Thatcherov\u00e1 nejv\u011bt\u0161\u00ed strach? Anal\u00fdza<\/h3>\n<p>V\u010dera se jasn\u011b uk\u00e1zalo, \u017ee Ukrajinci u\u017e maj\u00ed v\u00e1lky proti Rusku, do n\u00ed\u017e byli Z\u00e1padem zavle\u010deni, pln\u00e9 zuby. Podle nejnov\u011bj\u0161\u00edho pr\u016fzkumu,\u00a0<a href=\"https:\/\/www.volyn24.com\/news\/232344-kozhna-chetverta-ukrainska-dytyna-dumaie-pro-emigraciyu-u-merezhi-vybuhnuv-skandal\">kter\u00fd zve\u0159ejnila m\u00e9dia z banderovsk\u00e9 kol\u00e9bky Volyn\u011b, u\u017e 25% Ukrajinc\u016f bez rozd\u00edlu pohlav\u00ed ve v\u011bku 13 a\u017e 16 let hodl\u00e1 ze sv\u00e9 vlasti emigrovat<\/a>, a dal\u0161\u00edch 20% je\u0161t\u011b nen\u00ed rozhodnuto, ani doma setrvat, ani ze zem\u011b emigrovat. Z pr\u016fzkumu jasn\u011b vypl\u00fdv\u00e1, \u017ee mlad\u00ed Ukrajinci obou pohlav\u00ed u\u017e maj\u00ed kyjevsk\u00e9 kleptokracie i Zelensk\u00e9ho b\u00eddy pln\u00e9 zuby,\u00a0<a href=\"https:\/\/shkola.obozrevatel.com\/ukr\/news\/doslidzhennya-pokazalo-scho-kozhna-chetverta-ukrainska-ditina-vikom-13-16-rokiv-dumae-pro-emigratsiyu-v-merezhi-diskusiya.htm\">a nevid\u00ed jinou mo\u017enost, ne\u017e si svou budoucnost za\u0159\u00eddit v cizin\u011b<\/a>. Pro kyjevsk\u00fd re\u017eim je tento pr\u016fzkum zvon\u011bn\u00edm um\u00edr\u00e1\u010dku. Veden\u00ed st\u00e1tu, ze kter\u00e9ho hodl\u00e1 a\u017e 45% mlad\u00fdch lid\u00ed ve st\u0159edo\u0161kolsk\u00e9m v\u011bku uprchnout, by bylo raritou i v subsaharsk\u00e9 Africe. Kdy\u017e se v\u0161ak takov\u00fd st\u00e1t nach\u00e1z\u00ed v Evrop\u011b, je s podivem, \u017ee Evropsk\u00e1 Unie, i jej\u00ed nov\u00fd hlavn\u00ed \u0161a\u0161ek n\u011bmeck\u00fd kancl\u00e9\u0159 Friedrich Merz, i nad\u00e1le podporuj\u00ed Zelensk\u00e9ho a jeho kliku, a je\u0161t\u011b ke v\u0161emu vyhro\u017euj\u00ed Ficovi i Orb\u00e1novi, a Slov\u00e1k\u016fm i Ma\u010far\u016fm, t\u011bmi nejhor\u0161\u00edmi tresty, a bruselsk\u00fdmi klatbami. A jde p\u0159itom o v\u00fdhru\u017eky hodn\u00e9 samotn\u00e9ho \u201cnejslavn\u011bj\u0161\u00edho\u201d berl\u00ednsk\u00e9ho f\u00fchrera. Ostatn\u011b, posu\u010fte sami.<\/p>\n<p><a href=\"https:\/\/www.n-tv.de\/politik\/Merz-droht-Ungarn-und-Slowakei-wegen-Russlandnaehe-article25794057.html\">N\u011bmeck\u00fd kancl\u00e9\u0159 Merz v\u010dera ve\u0159ejn\u011b vyhro\u017eoval Slov\u00e1k\u016fm i Ma\u010far\u016fm<\/a>\u00a0procesem \u201c<a href=\"https:\/\/de.wikipedia.org\/wiki\/Vertragsverletzungsverfahren\">Vertragsverletzungsverfahren<\/a>\u201d se v\u0161emi d\u016fsledky, jako jsou masivn\u00ed finan\u010dn\u00ed pen\u00e1le uvalen\u00e1 Bruselem na posti\u017een\u00e9 st\u00e1ty, a\u00a0<a href=\"https:\/\/zpravy.aktualne.cz\/zahranici\/eu-bude-jednat-o-pozastaveni-hlasovacich-prav-madarsku\/r~c3c57bcc37dc11f0a26cac1f6b220ee8\/\">odebr\u00e1n\u00ed hlasovac\u00edch pr\u00e1v takto posti\u017een\u00fdch st\u00e1t\u016f v r\u00e1mci rozhodov\u00e1n\u00ed EU<\/a>. Naprost\u00e1 nehor\u00e1zn\u00e1 drzost kancl\u00e9\u0159e Merze v\u010dera vynikla p\u0159i samotn\u00e9m jeho zd\u016fvodn\u011bn\u00ed, pro\u010d maj\u00ed b\u00fdt takto Ma\u010fa\u0159i i Slov\u00e1ci potrest\u00e1ni. Podle Merze, ob\u011b zem\u011b, respektive jejich \u0159\u00e1dn\u011b zvolen\u00ed premi\u00e9\u0159i Fico a Orb\u00e1n, mohou pou\u017eit pr\u00e1vo VETO, a zabr\u00e1nit tak uvalen\u00ed nov\u00fdch sankc\u00ed EU na Rusko, a nebo tyto sankce mohou zm\u011bk\u010dit. A aby tak oba premi\u00e9\u0159i u\u010dinit nemohli, maj\u00ed se jejich zem\u00edm zabavit dotace EU, a kdy\u017e to nepom\u016f\u017ee, maj\u00ed b\u00fdt Ma\u010farsko i Slovensko podrobeny procesu\u00a0Vertragsverletzungsverfahren\u00a0se v\u0161emi jeho d\u016fsledky. Logika kancl\u00e9\u0159e Merze je naprosto d\u011bsiv\u00e1. Pr\u00e1vo VETO je zakotveno v z\u00e1kladn\u00ed smlouv\u011b o EU, a ka\u017ed\u00e1 zem\u011b m\u016f\u017ee toto pr\u00e1vo pou\u017e\u00edt podle sv\u00e9 vlastn\u00ed \u00favahy, a nesm\u00ed b\u00fdt za pou\u017eit\u00ed tohoto pr\u00e1va nijak trest\u00e1na procesem\u00a0\u00a0Vertragsverletzungsverfahren, proto\u017ee pou\u017eit\u00edm pr\u00e1va VETO se tato zem\u011b chov\u00e1 d\u016fsledn\u011b p\u0159esn\u011b podle pr\u00e1va EU, a to pro ty z V\u00e1s, kte\u0159\u00ed neovl\u00e1daj\u00ed N\u011bm\u010dinu, nejl\u00e9pe vystihuje \u010desk\u00fd n\u00e1zev tohoto evropsk\u00e9ho\u00a0 trestn\u00edho procesu,\u00a0<span class=\"mw-page-title-main\">kter\u00fd hodl\u00e1 kancl\u00e9\u0159 Merz proti Ma\u010farsku i Slovensku iniciovat:<\/span>\u00a0\u00a0\u201c<span class=\"mw-page-title-main\">\u0158\u00edzen\u00ed o poru\u0161en\u00ed pr\u00e1va\u201d.\u00a0<\/span><\/p>\n<p>Merzovy v\u010derej\u0161\u00ed v\u00fdhru\u017eky Slov\u00e1k\u016fm i Ma\u010far\u016fm jsou naprosto neakceptovateln\u00e9. Slovensko, Ma\u010farsko i N\u011bmecko jsou \u010dleny NATO, tedy ofici\u00e1ln\u011b spojeneck\u00fdmi zem\u011bmi. Slovensko i Ma\u010farsko jsou suver\u00e9nn\u00ed nez\u00e1visl\u00e9 st\u00e1ty, kter\u00e9 jsou uzn\u00e1v\u00e1ny v\u0161emi st\u00e1ty sv\u011bta. Slovensko i Ma\u010farsko maj\u00ed z\u00e1kladn\u00edmi smlouvami o EU zaru\u010deno, tak jako v\u0161echny ostatn\u00ed \u010dlensk\u00e9 zem\u011b, \u017ee mohou kdykoli pou\u017e\u00edt pr\u00e1vo VETO, pokud je jeho pou\u017eit\u00ed pro dan\u00fd typ rozhodov\u00e1n\u00ed EU relevantn\u00ed. P\u0159esto v\u010dera berl\u00ednsk\u00fd kancl\u00e9\u0159 Merz ve\u0159ejn\u011b Ma\u010farsku i Slovensku vyhro\u017eoval t\u011bmi nejt\u011b\u017e\u0161\u00edmi tresty,\u00a0<a href=\"https:\/\/babel.ua\/en\/news\/118288-german-chancellor-warns-slovakia-of-consequences-if-it-does-not-follow-eu-course\">pokud se jejich premi\u00e9\u0159i Fico a Orb\u00e1n nepod\u0159\u00edd\u00ed jeho politick\u00fdm pl\u00e1n\u016fm a viz\u00edm<\/a>. Pokud Merzovy v\u00fdhru\u017eky domysl\u00edme dokonce, nejsou vlastn\u011b ni\u010d\u00edm jin\u00fdm ne\u017e Putinov\u00fdmi po\u017eadavky v\u016f\u010di Ukrajin\u011b. Le\u010d s podstatn\u00fdm rozd\u00edlem \u2013 Slovensko i Ma\u010farsko jsou \u010dleny NATO i EU, tedy dvojn\u00e1sobn\u00fdmi spojenci, ale p\u0159esto ob\u011bma zem\u00edm Merz v\u010dera vyhro\u017eoval, \u017ee pokud se nepod\u0159\u00edd\u00ed, a nep\u0159estanou prov\u00e1d\u011bt svoji suver\u00e9nn\u00ed st\u00e1tn\u00ed politiku podle v\u016fle sv\u00fdch voli\u010d\u016f, budou potrest\u00e1ny! Merz v\u010dera provedl neskr\u00fdvan\u00fd p\u0159\u00edm\u00fd \u00fatok na st\u00e1tn\u00ed svrchovanost Slovenska i Ma\u010farska, i v\u0161ech dal\u0161\u00edch mal\u00fdch zem\u00ed EU, t\u00edm \u017ee Ma\u010farsku i Slovensku nezakryt\u011b vyhro\u017eoval trestem za to, \u017ee jejich premi\u00e9\u0159i d\u016fsledn\u00e9 napl\u0148uj\u00ed literu z\u00e1kladn\u00edch z\u00e1kon\u016f EU, a h\u00e1j\u00ed suverenitu sv\u00fdch zem\u00ed.<\/p>\n<p>V\u010dera se tak do p\u00edsmene naplnilo varov\u00e1n\u00ed baronky Margaret Thatcherov\u00e9, kter\u00e1 v roce 1989 po p\u00e1du Berl\u00ednsk\u00e9 zdi varovala, \u017ee N\u011bmecko se stane nezastavitelnou silou v nevybalancovan\u00e9 Evrop\u011b, a vyj\u00e1d\u0159ila strach, \u017ee N\u011bmecko op\u011bt vyvol\u00e1 dal\u0161\u00ed sv\u011btovou v\u00e1lku. A baronka se nejsp\u00ed\u0161 nem\u00fdlila. Friedrich Merz krom toho, \u017ee v\u010dera vyhro\u017eoval sv\u00fdm spojenc\u016fm v NATO Ma\u010far\u016fm i Slov\u00e1k\u016fm, \u017ee je ztrest\u00e1 za jejich neposlu\u0161nost.\u00a0<a href=\"https:\/\/www.kyivpost.com\/post\/53385\">Tak tak\u00e9 vyhro\u017eoval Rusku, \u017ee ho ztrest\u00e1, proto\u017ee Putin odm\u00edt\u00e1 akceptovat jeho n\u011bmeck\u00e1 ultim\u00e1ta<\/a>. A je\u0161t\u011b ke v\u0161emu tvrdil, \u017ee Kyjev dostane rakety Taurus, i s povolen\u00edm st\u0159\u00edlet je do hloubky Ruska na c\u00edle pouze dle Zelensk\u00e9ho vysn\u011bn\u00fdch n\u00e1pad\u016f. Nov\u00fd n\u011bmeck\u00fd kancl\u00e9\u0159 Merz je tak teprve po Hermanu G\u00f6ringovi druh\u00fd Germ\u00e1n v cel\u00e9 historii, kter\u00fd si zase po\u0161etile d\u011btinsky mysl\u00ed, \u017ee m\u016f\u017ee beztrestn\u011b bombardovat ciz\u00ed m\u011bsta, a nikdo v odvet\u011b nebude bombardovat jeho n\u011bmeck\u00e1 m\u011bsta, jak kdysi vtipn\u011b poznamenal velitel britsk\u00e9ho bombardovac\u00edho letectva za druh\u00e9 sv\u011btov\u00e9 v\u00e1lky sir Arthur \u201cBombar\u010f\u00e1k\u201d Harris. A je tak op\u011bt jasn\u011bj\u0161\u00ed, pro\u010d mus\u00ed Ukrajina v\u00e1l\u010dit s Ruskem. Aby si dal\u0161\u00ed berl\u00ednsk\u00fd kancl\u00e9\u0159 mohl zkusit podrobit celou Evropu, kdy\u017e u\u017e to Adolfovi nevy\u0161lo. N\u011bmecko tak bude muset b\u00fdt rozd\u011bleno, aby nezni\u010dilo nevybalancovanou Evropu, jak postulovala baronka Thatcherov\u00e1, a nebo ho nakonec Putin nech\u00e1 pro klid sv\u00e9 du\u0161e rad\u011bji definitivn\u011b nechat vybalancovat raketami Ore\u0161nik. Ostatn\u011b pr\u00e1v\u011b proto soud\u00edm, \u017ee nejl\u00e9pe by bylo zni\u010dit sou\u010dasn\u00e9 Bruxelae, proto\u017ee se stalo pouhou p\u0159evodovou p\u00e1kou Berl\u00edna pro jeho vl\u00e1du nad (nevybalancovanou) Evropou. (Viz baronka: \u201c<a href=\"https:\/\/www.newindianexpress.com\/opinions\/2009\/Nov\/11\/is-germany-a-threat-to-europe-102947.html\">Unstoppable force in an unbalanced Europe<\/a>\u201c.)<\/p>\n<p>Pro\u010d mus\u00ed Merz prodlu\u017eovat v\u00e1lku na Ukrajin\u011b, a pro\u010d v\u010dera \u00fato\u010dil na Ma\u010fary i na Slov\u00e1ky,\u00a0<a href=\"https:\/\/www.infokuryr.cz\/n\/2025\/05\/25\/michael-svatos-nove-vyhruzky-rusku-cina-spusti-proces-lend-lease-act-berlin-nema-sanci-rusku-vzdorovat\/\">jsem vysv\u011btlil p\u0159edev\u010d\u00edrem v anal\u00fdze MAP 2305.<\/a><\/p>\n<div id=\"attachment_18076\" class=\"wp-caption aligncenter\" style=\"width: 892px;\">\n<p><img decoding=\"async\" loading=\"lazy\" class=\" wp-image-18076\" src=\"https:\/\/www.michalapetr.com\/wp-content\/uploads\/2025\/05\/photo_2025-05-26_21-23-10.jpg\" sizes=\"(max-width: 1080px) 100vw, 1080px\" srcset=\"https:\/\/www.michalapetr.com\/wp-content\/uploads\/2025\/05\/photo_2025-05-26_21-23-10.jpg 1080w, https:\/\/www.michalapetr.com\/wp-content\/uploads\/2025\/05\/photo_2025-05-26_21-23-10-300x285.jpg 300w, https:\/\/www.michalapetr.com\/wp-content\/uploads\/2025\/05\/photo_2025-05-26_21-23-10-1030x979.jpg 1030w, https:\/\/www.michalapetr.com\/wp-content\/uploads\/2025\/05\/photo_2025-05-26_21-23-10-768x730.jpg 768w, https:\/\/www.michalapetr.com\/wp-content\/uploads\/2025\/05\/photo_2025-05-26_21-23-10-705x670.jpg 705w, https:\/\/www.michalapetr.com\/wp-content\/uploads\/2025\/05\/photo_2025-05-26_21-23-10-450x428.jpg 450w\" alt=\"\" width=\"892\" height=\"847\" aria-describedby=\"caption-attachment-18076\" \/><\/p>\n<p id=\"caption-attachment-18076\" class=\"wp-caption-text\" style=\"text-align: justify;\">Rusk\u00e9 servery se v\u010dera jen hem\u017eily mapami,\u00a0<a href=\"https:\/\/t.me\/swodki\/492056\">kam a\u017e r\u016fzn\u00e9 z\u00e1padn\u00ed rakety a st\u0159ely odpalovan\u00e9 z Ukrajiny mohou dolet\u011bt<\/a>.\u00a0Hypoteticky n\u011bmeck\u00e1 raketa Taurus m\u016f\u017ee dolet\u011bt a\u017e do Moskvy. N\u011bmecko jich v\u0161ak m\u00e1 jen m\u00e1lo, pr\u00fd 300 nebo 600, a hlavn\u011b je neum\u00ed rychle vyr\u00e1b\u011bt. V ka\u017ed\u00e9m p\u0159\u00edpad\u011b, Putin u\u017e p\u0159ed n\u011bkolika m\u011bs\u00edci vyhl\u00e1sil jejich pou\u017eit\u00ed Ukrajinou za p\u0159ekro\u010den\u00ed \u010derven\u00e9 linie, a brzy se tak uvid\u00ed, jak to myslel. Ukrajinci v\u010dera pou\u017eili proti Rus\u016fm v kursk\u00e9 oblasti francouzskou klouzavou bombu\u00a0<a href=\"https:\/\/en.wikipedia.org\/wiki\/Armement_Air-Sol_Modulaire\">AASM Hammer<\/a>,\u00a0<a href=\"https:\/\/t.me\/swodki\/492059\">video zde<\/a>, p\u016fsobiv\u00fd v\u00fdbuch,\u00a0 Macron jim jich dal pr\u00fd 50.<\/p>\n<\/div>\n<div id=\"attachment_18077\" class=\"wp-caption aligncenter\" style=\"width: 902px;\">\n<p><img decoding=\"async\" loading=\"lazy\" class=\" wp-image-18077\" src=\"https:\/\/www.michalapetr.com\/wp-content\/uploads\/2025\/05\/photo_2025-05-27_05-04-12.jpg\" sizes=\"(max-width: 1280px) 100vw, 1280px\" srcset=\"https:\/\/www.michalapetr.com\/wp-content\/uploads\/2025\/05\/photo_2025-05-27_05-04-12.jpg 1280w, https:\/\/www.michalapetr.com\/wp-content\/uploads\/2025\/05\/photo_2025-05-27_05-04-12-300x269.jpg 300w, https:\/\/www.michalapetr.com\/wp-content\/uploads\/2025\/05\/photo_2025-05-27_05-04-12-1030x924.jpg 1030w, https:\/\/www.michalapetr.com\/wp-content\/uploads\/2025\/05\/photo_2025-05-27_05-04-12-768x689.jpg 768w, https:\/\/www.michalapetr.com\/wp-content\/uploads\/2025\/05\/photo_2025-05-27_05-04-12-705x632.jpg 705w, https:\/\/www.michalapetr.com\/wp-content\/uploads\/2025\/05\/photo_2025-05-27_05-04-12-450x404.jpg 450w\" alt=\"\" width=\"902\" height=\"809\" aria-describedby=\"caption-attachment-18077\" \/><\/p>\n<p id=\"caption-attachment-18077\" class=\"wp-caption-text\">Dal\u0161\u00ed v\u010derej\u0161\u00ed rusk\u00e1 mapa tentokr\u00e1te francouzsk\u00fd SCALP a n\u011bmeck\u00fd Taurus.<\/p>\n<\/div>\n<div id=\"attachment_18078\" class=\"wp-caption aligncenter\" style=\"width: 928px;\">\n<p><img decoding=\"async\" loading=\"lazy\" class=\" wp-image-18078\" src=\"https:\/\/www.michalapetr.com\/wp-content\/uploads\/2025\/05\/photo_2025-05-27_05-04-31.jpg\" sizes=\"(max-width: 1280px) 100vw, 1280px\" srcset=\"https:\/\/www.michalapetr.com\/wp-content\/uploads\/2025\/05\/photo_2025-05-27_05-04-31.jpg 1280w, https:\/\/www.michalapetr.com\/wp-content\/uploads\/2025\/05\/photo_2025-05-27_05-04-31-300x289.jpg 300w, https:\/\/www.michalapetr.com\/wp-content\/uploads\/2025\/05\/photo_2025-05-27_05-04-31-1030x992.jpg 1030w, https:\/\/www.michalapetr.com\/wp-content\/uploads\/2025\/05\/photo_2025-05-27_05-04-31-768x740.jpg 768w, https:\/\/www.michalapetr.com\/wp-content\/uploads\/2025\/05\/photo_2025-05-27_05-04-31-36x36.jpg 36w, https:\/\/www.michalapetr.com\/wp-content\/uploads\/2025\/05\/photo_2025-05-27_05-04-31-705x679.jpg 705w, https:\/\/www.michalapetr.com\/wp-content\/uploads\/2025\/05\/photo_2025-05-27_05-04-31-450x433.jpg 450w\" alt=\"\" width=\"928\" height=\"894\" aria-describedby=\"caption-attachment-18078\" \/><\/p>\n<p id=\"caption-attachment-18078\" class=\"wp-caption-text\">Technick\u00e1 data st\u0159el Taurus a Scalp.<\/p>\n<\/div>\n<div id=\"attachment_18079\" class=\"wp-caption aligncenter\" style=\"width: 893px;\">\n<p><img decoding=\"async\" loading=\"lazy\" class=\" wp-image-18079\" src=\"https:\/\/www.michalapetr.com\/wp-content\/uploads\/2025\/05\/photo_2025-05-27_05-04-38.jpg\" sizes=\"(max-width: 1082px) 100vw, 1082px\" srcset=\"https:\/\/www.michalapetr.com\/wp-content\/uploads\/2025\/05\/photo_2025-05-27_05-04-38.jpg 1082w, https:\/\/www.michalapetr.com\/wp-content\/uploads\/2025\/05\/photo_2025-05-27_05-04-38-300x300.jpg 300w, https:\/\/www.michalapetr.com\/wp-content\/uploads\/2025\/05\/photo_2025-05-27_05-04-38-1030x1030.jpg 1030w, https:\/\/www.michalapetr.com\/wp-content\/uploads\/2025\/05\/photo_2025-05-27_05-04-38-80x80.jpg 80w, https:\/\/www.michalapetr.com\/wp-content\/uploads\/2025\/05\/photo_2025-05-27_05-04-38-768x768.jpg 768w, https:\/\/www.michalapetr.com\/wp-content\/uploads\/2025\/05\/photo_2025-05-27_05-04-38-36x36.jpg 36w, https:\/\/www.michalapetr.com\/wp-content\/uploads\/2025\/05\/photo_2025-05-27_05-04-38-180x180.jpg 180w, https:\/\/www.michalapetr.com\/wp-content\/uploads\/2025\/05\/photo_2025-05-27_05-04-38-705x705.jpg 705w, https:\/\/www.michalapetr.com\/wp-content\/uploads\/2025\/05\/photo_2025-05-27_05-04-38-120x120.jpg 120w, https:\/\/www.michalapetr.com\/wp-content\/uploads\/2025\/05\/photo_2025-05-27_05-04-38-450x450.jpg 450w\" alt=\"\" width=\"893\" height=\"893\" aria-describedby=\"caption-attachment-18079\" \/><\/p>\n<p id=\"caption-attachment-18079\" class=\"wp-caption-text\">Dal\u0161\u00ed rusk\u00e1 v\u010derej\u0161\u00ed mapa.<\/p>\n<\/div>\n<p><a class=\"mfp-iframe lightbox-added\" href=\"https:\/\/www.youtube.com\/watch?v=IviLkZTwRD0\">Ve \u010dtvrtek 22. kv\u011btna jsem byl na TV Bure\u0161, po\u0159ad najdete zde.<\/a>\u00a0Ve \u010dtvrtek 15. kv\u011btna jsem byl hostem u Zde\u0148ka Chytry na Svobodn\u00e9m r\u00e1diu \u2013\u00a0<a class=\"mfp-iframe lightbox-added\" href=\"https:\/\/www.youtube.com\/watch?v=vA31OH66YzY\">po\u0159ad najdete zde<\/a>. V \u00fater\u00fd 13. kv\u011btna jsem byl hostem u Petra H\u00e1jka na Protiproud TV \u2013\u00a0<a class=\"mfp-iframe lightbox-added\" href=\"https:\/\/www.youtube.com\/watch?v=7TxNmbd5BHs\">po\u0159ad najdete zde<\/a>. Maily snad u\u017e kone\u010dn\u011b vy\u0159\u00edd\u00edm tento v\u00edkend, d\u011bkuji za pochopen\u00ed.<\/p>\n<p><a href=\"https:\/\/www.michalapetr.com\/map-2307-na-berlin-prileti-oresnik-proc-hra-nemeckeho-kanclere-merze-na-noveho-evropskeho-fuhrera-muze-skoncit-jadernou-valkou-aneb-z-ceho-mela-baronka-thatcherova-nejvetsi-strach-analyza\/\">Michael Svato\u0161<\/a><\/p>\n<p><img decoding=\"async\" loading=\"lazy\" class=\"alignnone size-full wp-image-27204\" src=\"http:\/\/www.infokuryr.cz\/n\/wp-content\/uploads\/2023\/05\/Michael_Svatos.png\" alt=\"\" width=\"180\" height=\"180\" srcset=\"https:\/\/www.infokuryr.cz\/n\/wp-content\/uploads\/2023\/05\/Michael_Svatos.png 180w, https:\/\/www.infokuryr.cz\/n\/wp-content\/uploads\/2023\/05\/Michael_Svatos-150x150.png 150w\" sizes=\"(max-width: 180px) 100vw, 180px\" \/><\/p>\n<p>&nbsp;<\/p>\n","protected":false},"excerpt":{"rendered":"<p>Na Berl\u00edn p\u0159ilet\u00ed Ore\u0161nik? Pro\u010d hra n\u011bmeck\u00e9ho kancl\u00e9\u0159e Merze na nov\u00e9ho evropsk\u00e9ho f\u00fchrera, m\u016f\u017ee skon\u010dit&#8230;<\/p>\n","protected":false},"author":2,"featured_media":79769,"comment_status":"closed","ping_status":"closed","sticky":false,"template":"","format":"standard","meta":[],"categories":[6],"tags":[1042,8211,84,8251,349,22,26,40],"_links":{"self":[{"href":"https:\/\/www.infokuryr.cz\/n\/wp-json\/wp\/v2\/posts\/79768"}],"collection":[{"href":"https:\/\/www.infokuryr.cz\/n\/wp-json\/wp\/v2\/posts"}],"about":[{"href":"https:\/\/www.infokuryr.cz\/n\/wp-json\/wp\/v2\/types\/post"}],"author":[{"embeddable":true,"href":"https:\/\/www.infokuryr.cz\/n\/wp-json\/wp\/v2\/users\/2"}],"replies":[{"embeddable":true,"href":"https:\/\/www.infokuryr.cz\/n\/wp-json\/wp\/v2\/comments?post=79768"}],"version-history":[{"count":1,"href":"https:\/\/www.infokuryr.cz\/n\/wp-json\/wp\/v2\/posts\/79768\/revisions"}],"predecessor-version":[{"id":79770,"href":"https:\/\/www.infokuryr.cz\/n\/wp-json\/wp\/v2\/posts\/79768\/revisions\/79770"}],"wp:featuredmedia":[{"embeddable":true,"href":"https:\/\/www.infokuryr.cz\/n\/wp-json\/wp\/v2\/media\/79769"}],"wp:attachment":[{"href":"https:\/\/www.infokuryr.cz\/n\/wp-json\/wp\/v2\/media?parent=79768"}],"wp:term":[{"taxonomy":"category","embeddable":true,"href":"https:\/\/www.infokuryr.cz\/n\/wp-json\/wp\/v2\/categories?post=79768"},{"taxonomy":"post_tag","embeddable":true,"href":"https:\/\/www.infokuryr.cz\/n\/wp-json\/wp\/v2\/tags?post=79768"}],"curies":[{"name":"wp","href":"https:\/\/api.w.org\/{rel}","templated":true}]}}