{"id":79766,"date":"2025-05-27T05:48:19","date_gmt":"2025-05-27T03:48:19","guid":{"rendered":"https:\/\/www.infokuryr.cz\/n\/?p=79766"},"modified":"2025-05-27T05:48:19","modified_gmt":"2025-05-27T03:48:19","slug":"neco-se-mu-stalo-proc-trump-nazval-putina-blaznem-a-jake-to-bude-mit-dusledky","status":"publish","type":"post","link":"https:\/\/www.infokuryr.cz\/n\/2025\/05\/27\/neco-se-mu-stalo-proc-trump-nazval-putina-blaznem-a-jake-to-bude-mit-dusledky\/","title":{"rendered":"\u201eN\u011bco se mu stalo\u201c: Pro\u010d Trump nazval Putina \u201ebl\u00e1znem\u201c a jak\u00e9 to bude m\u00edt d\u016fsledky"},"content":{"rendered":"<div id=\"fb-root\"><\/div>\n<p><strong>Ostr\u00e9 v\u00fdroky Donalda Trumpa v ned\u011bli uk\u00e1zaly jeho jasnou frustraci z rusk\u00e9ho prezidenta Vladimira Putina a stavu rozhovor\u016f o p\u0159\u00edm\u011b\u0159\u00ed na Ukrajin\u011b. P\u00ed\u0161e o tom agentura Bloomberg.<\/strong><\/p>\n<p>Pozd\u011bji v ned\u011bli Trump na Truth Social zve\u0159ejnil, \u017ee Putin \u201eztratil rozum\u201c.<\/p>\n<p><em>V\u017edycky jsem \u0159\u00edkal, \u017ee Putin chce celou Ukrajinu, ne jen jej\u00ed \u010d\u00e1st, a mo\u017en\u00e1 je to pravda, ale pokud to ud\u011bl\u00e1, povede to k rozpadu Ruska! <\/em>&#8211; \u0159ekl Trump po n\u00e1vratu do Washingtonu.<\/p>\n<p>Trump se za\u010d\u00e1tkem tohoto m\u011bs\u00edce k my\u0161lence zv\u00fd\u0161en\u00ed tlaku na Putina sankcemi stav\u011bl zpomalen\u011b. Nyn\u00ed se v\u0161ak naskytla p\u0159\u00edle\u017eitost k tomuto kroku. Mohly by zahrnovat nov\u00e9 sankce zam\u011b\u0159en\u00e9 na obchod se surovinami z Ruska nebo s ropnou spole\u010dnost\u00ed Rosn\u011bf\u0165.<\/p>\n<p>Z\u00e1padn\u00ed analytici a koment\u00e1to\u0159i s jistou radost\u00ed sleduj\u00ed, jak se v Trumpov\u011b postoji a n\u00e1zorech za\u010d\u00ednaj\u00ed objevovat siln\u00e9 n\u00e1znaky nespokojenosti s rusk\u00fdm v\u016fdcem. Americk\u00fd prezident se tak v ned\u011bli ve\u010der, kdy\u017e promlouval k novin\u00e1\u0159\u016fm na leti\u0161ti, opakovan\u011b ptal s\u00e1m sebe, \u201eco je s Putinem \u0161patn\u011b\u201c.<\/p>\n<p><em>Nev\u00edm, co se s n\u00edm stalo. Zn\u00e1me se u\u017e dlouho. Mluv\u00edme spolu po telefonu a on okam\u017eit\u011b odpaluje rakety na Kyjev a dal\u0161\u00ed m\u011bsta. Tohle se mi v\u016fbec nel\u00edb\u00ed <\/em>\u2013 dodala hlava st\u00e1tu.<\/p>\n<p>Volodymyr Zelenskyj se tradi\u010dn\u011b tak\u00e9 do\u010dkal porci kritiky.<\/p>\n<p><em>Prezident Zelenskyj neprosp\u00edv\u00e1 sv\u00e9 zemi, kdy\u017e mluv\u00ed t\u00edmto t\u00f3nem. V\u0161echno, co \u0159\u00edk\u00e1, vytv\u00e1\u0159\u00ed probl\u00e9my, nel\u00edb\u00ed se mi to a rad\u011bji s t\u00edm p\u0159estanu. &#8211; <\/em>\u00a0napsal Trump na Truth Social.<\/p>\n<p>Odborn\u00edci o\u010dek\u00e1vaj\u00ed, \u017ee Washington bu\u010f odstoup\u00ed z procesu vyjedn\u00e1v\u00e1n\u00ed, nebo uval\u00ed sankce, ale proti ob\u011bma zem\u00edm zapojen\u00fdm do konfliktu. Analytici se domn\u00edvaj\u00ed, \u017ee o tom sv\u011bd\u010d\u00ed zv\u00fd\u0161en\u00e1 kritika Moskvy a Kyjeva. Trp\u011blivost B\u00edl\u00e9ho domu doch\u00e1z\u00ed.<\/p>\n<p><img decoding=\"async\" loading=\"lazy\" class=\"alignnone size-full wp-image-1185\" src=\"http:\/\/www.infokuryr.cz\/n\/wp-content\/uploads\/2021\/04\/kuryr-podpis.png\" alt=\"\" width=\"84\" height=\"24\" \/><\/p>\n<p>&nbsp;<\/p>\n","protected":false},"excerpt":{"rendered":"<p>Ostr\u00e9 v\u00fdroky Donalda Trumpa v ned\u011bli uk\u00e1zaly jeho jasnou frustraci z rusk\u00e9ho prezidenta Vladimira Putina&#8230;<\/p>\n","protected":false},"author":2,"featured_media":79767,"comment_status":"closed","ping_status":"closed","sticky":false,"template":"","format":"standard","meta":[],"categories":[7],"tags":[102,452,6362],"_links":{"self":[{"href":"https:\/\/www.infokuryr.cz\/n\/wp-json\/wp\/v2\/posts\/79766"}],"collection":[{"href":"https:\/\/www.infokuryr.cz\/n\/wp-json\/wp\/v2\/posts"}],"about":[{"href":"https:\/\/www.infokuryr.cz\/n\/wp-json\/wp\/v2\/types\/post"}],"author":[{"embeddable":true,"href":"https:\/\/www.infokuryr.cz\/n\/wp-json\/wp\/v2\/users\/2"}],"replies":[{"embeddable":true,"href":"https:\/\/www.infokuryr.cz\/n\/wp-json\/wp\/v2\/comments?post=79766"}],"version-history":[{"count":0,"href":"https:\/\/www.infokuryr.cz\/n\/wp-json\/wp\/v2\/posts\/79766\/revisions"}],"wp:featuredmedia":[{"embeddable":true,"href":"https:\/\/www.infokuryr.cz\/n\/wp-json\/wp\/v2\/media\/79767"}],"wp:attachment":[{"href":"https:\/\/www.infokuryr.cz\/n\/wp-json\/wp\/v2\/media?parent=79766"}],"wp:term":[{"taxonomy":"category","embeddable":true,"href":"https:\/\/www.infokuryr.cz\/n\/wp-json\/wp\/v2\/categories?post=79766"},{"taxonomy":"post_tag","embeddable":true,"href":"https:\/\/www.infokuryr.cz\/n\/wp-json\/wp\/v2\/tags?post=79766"}],"curies":[{"name":"wp","href":"https:\/\/api.w.org\/{rel}","templated":true}]}}