{"id":79763,"date":"2025-05-27T05:36:52","date_gmt":"2025-05-27T03:36:52","guid":{"rendered":"https:\/\/www.infokuryr.cz\/n\/?p=79763"},"modified":"2025-05-27T05:36:52","modified_gmt":"2025-05-27T03:36:52","slug":"nemecko-by-mohlo-byt-zapojeno-do-valecnych-zlocinu-politici-spd-pozaduji-zbrojni-embargo-proti-izraeli-cdu-hovori-o-poruseni-mezinarodniho-prava","status":"publish","type":"post","link":"https:\/\/www.infokuryr.cz\/n\/2025\/05\/27\/nemecko-by-mohlo-byt-zapojeno-do-valecnych-zlocinu-politici-spd-pozaduji-zbrojni-embargo-proti-izraeli-cdu-hovori-o-poruseni-mezinarodniho-prava\/","title":{"rendered":"\u201eN\u011bmecko by mohlo b\u00fdt zapojeno do v\u00e1le\u010dn\u00fdch zlo\u010din\u016f\u201c \u2013 politici SPD po\u017eaduj\u00ed zbrojn\u00ed embargo proti Izraeli, CDU hovo\u0159\u00ed o poru\u0161en\u00ed mezin\u00e1rodn\u00edho pr\u00e1va"},"content":{"rendered":"<div id=\"fb-root\"><\/div>\n<h3 class=\"s-tagline fw-tagline\"><span>Dal\u0161\u00ed p\u0159edn\u00ed n\u011bmeck\u00e9 strany, v\u010detn\u011b CDU, nyn\u00ed tvrd\u00ed, \u017ee Izrael poru\u0161uje mezin\u00e1rodn\u00ed pr\u00e1vo<\/span><\/h3>\n<div class=\"e-ct-outer\">\n<div class=\"entry-content rbct clearfix is-highlight-shares\">\n<p><span>Z n\u011bmeck\u00e9 strany soci\u00e1ln\u00edch demokrat\u016f (SPD) se nyn\u00ed oz\u00fdvaj\u00ed v\u00fdzvy k zaveden\u00ed zbrojn\u00edho embarga na Izrael s ohledem na prob\u00edhaj\u00edc\u00ed konflikt v Gaze a tvrzen\u00ed, \u017ee N\u011bmecko by mohlo podporovat v\u00e1le\u010dn\u00e9 zlo\u010diny.<\/span><\/p>\n<p><span>N\u011bkolik \u010dlen\u016f SPD v Bundestagu chce ukon\u010dit dod\u00e1vky n\u011bmeck\u00fdch zbran\u00ed do Izraele. Adis Ahmetovi\u0107, mluv\u010d\u00ed parlamentn\u00ed skupiny SPD pro zahrani\u010dn\u00ed politiku, pro \u010dasopis Stern \u0159ekl: \u201eN\u011bmeck\u00e9 zbran\u011b nesm\u00ed b\u00fdt pou\u017eity k \u0161\u00ed\u0159en\u00ed humanit\u00e1rn\u00edch katastrof a k poru\u0161ov\u00e1n\u00ed mezin\u00e1rodn\u00edho pr\u00e1va. Proto vyz\u00fdv\u00e1me vl\u00e1du (Benjamina) Netanjahua, aby byla ochotna souhlasit s p\u0159\u00edm\u011b\u0159\u00edm a vr\u00e1tit se k jednac\u00edmu stolu.\u201c<\/span><\/p>\n<p><span>Ned\u00e1vn\u00e1 mezin\u00e1rodn\u00ed kritika izraelsk\u00fdch akc\u00ed v p\u00e1smu Gazy se zintenzivnila a z\u00e1rove\u0148 zpr\u00e1vy nazna\u010duj\u00ed, \u017ee Izrael urychluje pl\u00e1ny na okupaci a potenci\u00e1ln\u00ed anexi \u010d\u00e1sti p\u00e1sma Gazy b\u011bhem n\u011bkolika t\u00fddn\u016f.<\/span><\/p>\n<p><span>Podle den\u00edku Welt se v\u0161ak proti dod\u00e1vce n\u011bmeck\u00fdch zbran\u00ed do Izraele vyj\u00e1d\u0159ili i dal\u0161\u00ed politici SPD. Ralf Stegner se k tomuto n\u00e1zoru vyj\u00e1d\u0159il s t\u00edm, \u017ee \u201ehumanit\u00e1rn\u00ed katastrofa pro palestinsk\u00e9 civiln\u00ed obyvatelstvo a poru\u0161ov\u00e1n\u00ed mezin\u00e1rodn\u00edho pr\u00e1va ze strany Netanjahuovy vl\u00e1dy mus\u00ed okam\u017eit\u011b skon\u010dit a nesm\u00ed b\u00fdt n\u011bmeck\u00fdmi zbran\u011bmi prodlu\u017eov\u00e1no.\u201c<\/span><\/p>\n<p><span>Argumentoval, \u017ee a\u010dkoliv N\u011bmecko d\u0159\u00edve ud\u011blalo pro Izrael v\u00fdjimku ve sv\u00e9 politice nedod\u00e1v\u00e1n\u00ed zbran\u00ed do konfliktn\u00edch z\u00f3n za \u00fa\u010delem bezpe\u010dnosti a obrany, toto zd\u016fvodn\u011bn\u00ed se ji\u017e nevztahuje na akce v p\u00e1smu Gazy a na Z\u00e1padn\u00edm b\u0159ehu Jord\u00e1nu.<\/span><\/p>\n<p><span>Poslankyn\u011b SPD Isabel Cademartoriov\u00e1 \u0161la s t\u011bmito varov\u00e1n\u00edmi je\u0161t\u011b o krok d\u00e1l a uvedla, \u017ee N\u011bmecko by mohlo \u010delit st\u00edh\u00e1n\u00ed ze strany mezin\u00e1rodn\u00edch soud\u016f za spolu\u00fa\u010dast na v\u00e1le\u010dn\u00fdch zlo\u010dinech, pokud bude pokra\u010dovat v dod\u00e1vk\u00e1ch zbran\u00ed Izraeli. Vyzvala n\u011bmeckou vl\u00e1du, aby omezila v\u00fdvoz zbran\u00ed, konkr\u00e9tn\u011b zastaven\u00edm dod\u00e1vek tankov\u00e9 munice a n\u00e1hradn\u00edch d\u00edl\u016f.<\/span><\/p>\n<p><span>Rolf M\u00fctzenich, \u010dlen Spolkov\u00e9ho sn\u011bmu SPD a b\u00fdval\u00fd p\u0159edseda parlamentn\u00ed skupiny SPD, se rovn\u011b\u017e zasazoval o d\u016frazn\u011bj\u0161\u00ed odsouzen\u00ed izraelsk\u00fdch \u010din\u016f. Vyj\u00e1d\u0159il podporu tomu, aby se N\u011bmecko p\u0159ipojilo k \u0159ad\u011b dal\u0161\u00edch evropsk\u00fdch vl\u00e1d p\u0159i p\u0159ezkumu asocia\u010dn\u00ed dohody s Izraelem Evropskou komis\u00ed. Sedmn\u00e1ct ministr\u016f zahrani\u010d\u00ed tento krok minul\u00fd t\u00fdden schv\u00e1lilo na z\u00e1klad\u011b zpr\u00e1v organizac\u00ed pro lidsk\u00e1 pr\u00e1va a OSN, kter\u00e9 nazna\u010dovaly, \u017ee izraelsk\u00e1 vojensk\u00e1 ofenziva by mohla v\u00e9st k trval\u00e9mu vys\u00eddlen\u00ed statis\u00edc\u016f Palestinc\u016f.<\/span><\/p>\n<p><span>M\u00fctzenich citoval prohl\u00e1\u0161en\u00ed n\u011bkter\u00fdch izraelsk\u00fdch politik\u016f, kte\u0159\u00ed se domn\u00edvaj\u00ed, \u017ee bezpe\u010dnost jejich zem\u011b vy\u017eaduje vyhn\u00e1n\u00ed v\u011bt\u0161iny palestinsk\u00e9ho obyvatelstva z p\u00e1sma Gazy.<\/span><\/p>\n<p><span>M\u00fctzenich d\u00e1le kritizoval \u201enedostate\u010dnou\u201c reakci n\u011bmeck\u00e9 vl\u00e1dy na ost\u0159elov\u00e1n\u00ed skupiny diplomat\u016f EU na Z\u00e1padn\u00edm b\u0159ehu Jord\u00e1nu minul\u00fd t\u00fdden a nazna\u010dil, \u017ee p\u0159edvol\u00e1n\u00ed izraelsk\u00e9ho velvyslance by bylo vhodn\u00e9. Obhajoval tak\u00e9 Agenturu OSN pro pomoc a pr\u00e1ci v Afgh\u00e1nist\u00e1nu (UNRWA) v souvislosti s obvin\u011bn\u00edmi ze zam\u011bstn\u00e1v\u00e1n\u00ed \u010dlen\u016f Ham\u00e1su a zd\u016fraznil jej\u00ed kl\u00ed\u010dovou roli p\u0159i \u0159e\u0161en\u00ed katastrof\u00e1ln\u00ed situace se z\u00e1sobov\u00e1n\u00edm v Gaze.<\/span><\/p>\n<p><span>Politici SPD v\u0161ak nejsou jedin\u00ed, kdo vyv\u00edjej\u00ed tlak na Izrael. Kancl\u00e9\u0159 Friedrich Merz kritizoval Izrael b\u011bhem n\u011bkolika hodin po sv\u00e9m n\u00e1stupu do funkce kancl\u00e9\u0159e a obvinil zemi z odm\u00edt\u00e1n\u00ed humanit\u00e1rn\u00ed pomoci do p\u00e1sma Gazy. Jeho strana CDU je v\u0161ak v t\u00e9to ot\u00e1zce rozd\u011blena, stejn\u011b jako Alternativa pro N\u011bmecko (AfD). Spolup\u0159edseda AfD Tino Chrupalla kritizoval \u201ejednostrannou\u201c podporu\u201c Izraele ze strany N\u011bmecko a vyzval N\u011bmecko, aby p\u0159estalo dod\u00e1vat zemi zbran\u011b.<\/span><\/p>\n<p><span>CDU m\u00e1 v\u0161ak v t\u00e9to debat\u011b nejv\u011bt\u0161\u00ed v\u00e1hu a tak\u00e9 stup\u0148uje tlak na Izrael.<\/span><\/p>\n<p><span>Armin Laschet, expert CDU na zahrani\u010dn\u00ed politiku a p\u0159edseda zahrani\u010dn\u00edho v\u00fdboru Bundestagu, ozna\u010dil izraelsk\u00e9 jedn\u00e1n\u00ed, zejm\u00e9na pomal\u00e9 tempo dod\u00e1vek pomoci, za poru\u0161en\u00ed mezin\u00e1rodn\u00edho pr\u00e1va. V po\u0159adu \u201eBerlin Direkt\u201c televize ZDF prohl\u00e1sil, \u017ee \u201ezadr\u017eov\u00e1n\u00ed dod\u00e1vek potravin, pomoci a l\u00e9k\u016f pro obyvatelstvo nen\u00ed bojem proti Ham\u00e1su\u201c a poru\u0161uje mezin\u00e1rodn\u00ed pravidla vy\u017eaduj\u00edc\u00ed ochranu a zaji\u0161t\u011bn\u00ed civiln\u00edho obyvatelstva v dob\u011b v\u00e1lky.<\/span><\/p>\n<p><span>Ministr zahrani\u010d\u00ed Johann Wadephul (CDU) v po\u0159adu \u201eZpr\u00e1va z Berl\u00edna\u201c televize ARD ozna\u010dil situaci v Gaze za \u201ene\u00fanosnou\u201c. Uznal dvoj\u00ed z\u00e1vazek N\u011bmecka k bezpe\u010dnosti Izraele a z\u00e1kladn\u00ed hodnot\u011b lidstva a zd\u016fraznil nal\u00e9havou pot\u0159ebu rychl\u00e9ho a \u00fa\u010dinn\u00e9ho poskytov\u00e1n\u00ed pomoci.<\/span><\/p>\n<p><span>Ostatn\u00ed zem\u011b EU za\u0161ly v kritice mnohem d\u00e1l ne\u017e N\u011bmecko. \u0160pan\u011blsko na za\u010d\u00e1tku t\u00fddne vyzvalo k mezin\u00e1rodn\u00edmu zbrojn\u00edmu embargu proti Izraeli s c\u00edlem \u0159e\u0161it humanit\u00e1rn\u00ed krizi a ukon\u010dit konflikt v p\u00e1smu Gazy.<\/span><\/p>\n<p><span>\u0160pan\u011blsk\u00fd ministr zahrani\u010d\u00ed Jos\u00e9 Manuel Albares prohl\u00e1sil: \u201ePosledn\u00ed v\u011bc, kterou Bl\u00edzk\u00fd v\u00fdchod pr\u00e1v\u011b te\u010f pot\u0159ebuje, jsou zbran\u011b.\u201c<\/span><\/p>\n<p><span>Mezit\u00edm opakovan\u00e9 zpr\u00e1vy m\u00e9di\u00ed nazna\u010duj\u00ed, \u017ee izraelsk\u00e1 arm\u00e1da pl\u00e1nuje dob\u00fdt t\u0159i \u010dtvrtiny p\u00e1sma Gazy b\u011bhem n\u011bkolika t\u00fddn\u016f. List Times of Israel uvedl, \u017ee arm\u00e1da si klade za c\u00edl ovl\u00e1dnout 75 procent pob\u0159e\u017en\u00edho \u00fazem\u00ed b\u011bhem pouh\u00fdch dvou m\u011bs\u00edc\u016f. Wall Street Journal d\u00e1le uvedl, \u017ee pl\u00e1n zahrnuje koncentraci palestinsk\u00e9ho civiln\u00edho obyvatelstva do jedn\u00e9 \u010dtvrtiny uzav\u0159en\u00e9ho pob\u0159e\u017en\u00edho \u00fazem\u00ed s c\u00edlem \u201eosvobodit Gazu od islamistick\u00e9ho Ham\u00e1su\u201c.<\/span><\/p>\n<p><span>P\u0159ibli\u017en\u011b p\u0159ed t\u00fddnem zah\u00e1jily izraelsk\u00e9 ozbrojen\u00e9 s\u00edly novou v\u00fdznamnou ofenz\u00edvu, v r\u00e1mci kter\u00e9 nasadily do p\u00e1sma Gazy v\u0161echny sv\u00e9 pravideln\u00e9 p\u011bchotn\u00ed a obrn\u011bn\u00e9 brig\u00e1dy, uvedla izraelsk\u00e1 m\u00e9dia.<\/span><span>\u00a0N\u00e1\u010deln\u00edk gener\u00e1ln\u00edho \u0161t\u00e1bu Eyal Zamir v ned\u011bli b\u011bhem n\u00e1v\u0161t\u011bvy voj\u00e1k\u016f v Ch\u00e1n J\u00fanis prohl\u00e1sil, \u017ee Ham\u00e1s je pod \u201eobrovsk\u00fdm tlakem\u201c a \u017ee zintenzivn\u011bn\u00ed boj\u016f m\u00e1 za c\u00edl dos\u00e1hnout vyhl\u00e1\u0161en\u00fdch v\u00e1le\u010dn\u00fdch c\u00edl\u016f, kter\u00fdmi je \u00fapln\u00e1 por\u00e1\u017eka Ham\u00e1su a osvobozen\u00ed zb\u00fdvaj\u00edc\u00edch rukojm\u00edch.<\/span><\/p>\n<p><img decoding=\"async\" loading=\"lazy\" class=\"alignnone size-full wp-image-1185\" src=\"http:\/\/www.infokuryr.cz\/n\/wp-content\/uploads\/2021\/04\/kuryr-podpis.png\" alt=\"\" width=\"84\" height=\"24\" \/><\/p>\n<p>&nbsp;<\/p>\n<\/div>\n<\/div>\n","protected":false},"excerpt":{"rendered":"<p>Dal\u0161\u00ed p\u0159edn\u00ed n\u011bmeck\u00e9 strany, v\u010detn\u011b CDU, nyn\u00ed tvrd\u00ed, \u017ee Izrael poru\u0161uje mezin\u00e1rodn\u00ed pr\u00e1vo Z n\u011bmeck\u00e9&#8230;<\/p>\n","protected":false},"author":2,"featured_media":79764,"comment_status":"closed","ping_status":"closed","sticky":false,"template":"","format":"standard","meta":[],"categories":[7],"tags":[348,107,84,313,1746],"_links":{"self":[{"href":"https:\/\/www.infokuryr.cz\/n\/wp-json\/wp\/v2\/posts\/79763"}],"collection":[{"href":"https:\/\/www.infokuryr.cz\/n\/wp-json\/wp\/v2\/posts"}],"about":[{"href":"https:\/\/www.infokuryr.cz\/n\/wp-json\/wp\/v2\/types\/post"}],"author":[{"embeddable":true,"href":"https:\/\/www.infokuryr.cz\/n\/wp-json\/wp\/v2\/users\/2"}],"replies":[{"embeddable":true,"href":"https:\/\/www.infokuryr.cz\/n\/wp-json\/wp\/v2\/comments?post=79763"}],"version-history":[{"count":0,"href":"https:\/\/www.infokuryr.cz\/n\/wp-json\/wp\/v2\/posts\/79763\/revisions"}],"wp:featuredmedia":[{"embeddable":true,"href":"https:\/\/www.infokuryr.cz\/n\/wp-json\/wp\/v2\/media\/79764"}],"wp:attachment":[{"href":"https:\/\/www.infokuryr.cz\/n\/wp-json\/wp\/v2\/media?parent=79763"}],"wp:term":[{"taxonomy":"category","embeddable":true,"href":"https:\/\/www.infokuryr.cz\/n\/wp-json\/wp\/v2\/categories?post=79763"},{"taxonomy":"post_tag","embeddable":true,"href":"https:\/\/www.infokuryr.cz\/n\/wp-json\/wp\/v2\/tags?post=79763"}],"curies":[{"name":"wp","href":"https:\/\/api.w.org\/{rel}","templated":true}]}}