{"id":79749,"date":"2025-05-27T04:22:35","date_gmt":"2025-05-27T02:22:35","guid":{"rendered":"https:\/\/www.infokuryr.cz\/n\/?p=79749"},"modified":"2025-05-27T04:22:35","modified_gmt":"2025-05-27T02:22:35","slug":"kreml-reaguje-na-zruseni-omezeni-zapadem-na-zbrane-dlouheho-doletu-pro-ukrajinu","status":"publish","type":"post","link":"https:\/\/www.infokuryr.cz\/n\/2025\/05\/27\/kreml-reaguje-na-zruseni-omezeni-zapadem-na-zbrane-dlouheho-doletu-pro-ukrajinu\/","title":{"rendered":"Kreml reaguje na zru\u0161en\u00ed omezen\u00ed Z\u00e1padem na zbran\u011b dlouh\u00e9ho doletu pro Ukrajinu"},"content":{"rendered":"<div id=\"fb-root\"><\/div>\n<h3>Mluv\u010d\u00ed Dmitrij Peskov uvedl, \u017ee toto rozhodnut\u00ed je v rozporu se snahou Moskvy o nalezen\u00ed m\u00edrov\u00e9ho urovn\u00e1n\u00ed s Kyjevem<\/h3>\n<p><span>Mluv\u010d\u00ed Kremlu Dmitrij Peskov v pond\u011bl\u00ed prohl\u00e1sil, \u017ee \u00fadajn\u00e9 rozhodnut\u00ed z\u00e1padn\u00edch podporovatel\u016f Ukrajiny zru\u0161it omezen\u00ed Kyjevem t\u00fdkaj\u00edc\u00ed se pou\u017e\u00edv\u00e1n\u00ed zbran\u00ed dlouh\u00e9ho doletu je v rozporu s rusk\u00fdm \u00fasil\u00edm o m\u00edrov\u00e9 urovn\u00e1n\u00ed konfliktu.<\/span><\/p>\n<p><span>Peskov se k tomu vyj\u00e1d\u0159il v reakci na koment\u00e1\u0159e n\u011bmeck\u00e9ho kancl\u00e9\u0159e Friedricha Merze, kter\u00fd prohl\u00e1sil, \u017ee Ukrajina ji\u017e nepodl\u00e9h\u00e1 omezen\u00edm doletu zbran\u00ed dod\u00e1van\u00fdch Z\u00e1padem.<\/span><\/p>\n<p><em><span>\u201ePokud k takov\u00fdm rozhodnut\u00edm skute\u010dn\u011b do\u0161lo, jsou v naprost\u00e9m rozporu s na\u0161imi aspiracemi na politick\u00e9 \u0159e\u0161en\u00ed a s \u00fasil\u00edm, kter\u00e9 je v sou\u010dasnosti vynakl\u00e1d\u00e1no na jeho dosa\u017een\u00ed,\u201c<\/span><\/em><span>\u00a0prohl\u00e1sil Peskov.<\/span><\/p>\n<p><em><span>\u201eOp\u011bt docela nebezpe\u010dn\u00e1 rozhodnut\u00ed \u2013 pokud k nim skute\u010dn\u011b do\u0161lo,\u201c<\/span><\/em><span>\u00a0zd\u016fraznil.<\/span><\/p>\n<p><span>Na pond\u011bln\u00ed konferenci EuropaForum Merz uvedl, \u017ee\u00a0<\/span><em><span>\u201eji\u017e neexistuj\u00ed \u017e\u00e1dn\u00e1 omezen\u00ed dost\u0159elu\u201c<\/span><\/em><span>\u00a0zbran\u00ed dod\u00e1van\u00fdch Z\u00e1padem, kter\u00e9 Ukrajina pou\u017e\u00edv\u00e1 proti rusk\u00fdm vojensk\u00fdm c\u00edl\u016fm.\u00a0<\/span><em><span>\u201eZ Velk\u00e9 Brit\u00e1nie, Francie, N\u011bmecka ani USA \u017e\u00e1dn\u00e1 omezen\u00ed neexistuj\u00ed,\u201c<\/span><\/em><span>\u00a0dodal, jak citovala Euronews.<\/span><\/p>\n<p><span>Moskva opakovan\u011b varovala z\u00e1padn\u00ed zem\u011b p\u0159ed umo\u017en\u011bn\u00edm Ukrajin\u011b prov\u00e1d\u011bt \u00fatoky na dlouhou vzd\u00e1lenost s argumentem, \u017ee by se tak vojensk\u00fd blok mohl st\u00e1t p\u0159\u00edm\u00fdm \u00fa\u010dastn\u00edkem konfliktu, jeliko\u017e takov\u00e9 \u00fatoky by vy\u017eadovaly c\u00edlen\u00ed dat ze satelit\u016f NATO \u2013 co\u017e jsou schopnosti, kter\u00e9 Kyjev nem\u00e1.<\/span><\/p>\n<p><span>Moskva aktualizovala svou jadernou doktr\u00ednu loni v listopadu po jedn\u00e1n\u00edch ukrajinsk\u00fdch podporovatel\u016f o tom, zda Kyjevu povolit pou\u017eit\u00ed z\u00e1padn\u00edch raket dlouh\u00e9ho doletu k \u00fatok\u016fm na c\u00edle hluboko v Rusku.<\/span><\/p>\n<p><span>Rusk\u00fd prezident Vladimir Putin roz\u0161\u00ed\u0159il seznam podm\u00ednek, kter\u00e9 by mohly spustit jadernou reakci, o sc\u00e9n\u00e1\u0159e, kdy by agrese nejadern\u00e9ho st\u00e1tu nebo skupiny st\u00e1t\u016f podporovan\u00fdch jadern\u00fdm st\u00e1tem mohla b\u00fdt pova\u017eov\u00e1na za\u00a0<\/span><em><span>\u201espole\u010dn\u00fd \u00fatok\u201c.<\/span><\/em><\/p>\n<p><span>Od t\u00e9 doby ukrajinsk\u00e9 s\u00edly podnikly v Rusku \u0159adu \u00fatok\u016f na dlouh\u00e9 vzd\u00e1lenosti s pou\u017eit\u00edm zbran\u00ed dodan\u00fdch Z\u00e1padem. Navzdory zm\u011bn\u00e1m doktr\u00edna st\u00e1le charakterizuje jadern\u00e9 zbran\u011b jako\u00a0<\/span><em><span>\u201eextr\u00e9mn\u00ed a vynucen\u00e9 opat\u0159en\u00ed\u201c<\/span><\/em><span>\u00a0a zd\u016fraz\u0148uje rusk\u00fd c\u00edl vyhnout se eskalaci.<\/span><\/p>\n<p><span>Rusko d\u016fsledn\u011b odsuzovalo dod\u00e1vky z\u00e1padn\u00edch zbran\u00ed na Ukrajinu s argumentem, \u017ee podn\u011bcuj\u00ed dal\u0161\u00ed krveprolit\u00ed a brzd\u00ed \u00fasil\u00ed o m\u00edrov\u00fd proces. Za\u010d\u00e1tkem tohoto m\u011bs\u00edce vedly Rusko a Ukrajina sv\u00e1 prvn\u00ed p\u0159\u00edm\u00e1 jedn\u00e1n\u00ed od roku 2022. Strany se dohodly na p\u0159edlo\u017een\u00ed podrobn\u00fdch n\u00e1vrh\u016f p\u0159\u00edm\u011b\u0159\u00ed, proveden\u00ed rekordn\u00ed v\u00fdm\u011bny v\u011bz\u0148\u016f v pom\u011bru 1 000 za 1 000 a na pokra\u010dov\u00e1n\u00ed v jedn\u00e1n\u00edch.<\/span><\/p>\n<p><span>Rusk\u00fd ministr zahrani\u010d\u00ed Sergej Lavrov v p\u00e1tek prohl\u00e1sil, \u017ee Moskva je v\u00a0<\/span><em><span>\u201epokro\u010dil\u00e9 f\u00e1zi\u201c<\/span><\/em><span>\u00a0p\u0159\u00edpravy memoranda, kter\u00e9 nast\u00edn\u00ed principy a \u010dasov\u00fd harmonogram m\u00edrov\u00e9ho urovn\u00e1n\u00ed s Ukrajinou.<\/span><\/p>\n<p><img decoding=\"async\" loading=\"lazy\" class=\"alignnone size-full wp-image-1185\" src=\"http:\/\/www.infokuryr.cz\/n\/wp-content\/uploads\/2021\/04\/kuryr-podpis.png\" alt=\"\" width=\"84\" height=\"24\" \/><\/p>\n<p>&nbsp;<\/p>\n","protected":false},"excerpt":{"rendered":"<p>Mluv\u010d\u00ed Dmitrij Peskov uvedl, \u017ee toto rozhodnut\u00ed je v rozporu se snahou Moskvy o nalezen\u00ed&#8230;<\/p>\n","protected":false},"author":2,"featured_media":79750,"comment_status":"closed","ping_status":"closed","sticky":false,"template":"","format":"standard","meta":[],"categories":[7],"tags":[1065,811,2674,349],"_links":{"self":[{"href":"https:\/\/www.infokuryr.cz\/n\/wp-json\/wp\/v2\/posts\/79749"}],"collection":[{"href":"https:\/\/www.infokuryr.cz\/n\/wp-json\/wp\/v2\/posts"}],"about":[{"href":"https:\/\/www.infokuryr.cz\/n\/wp-json\/wp\/v2\/types\/post"}],"author":[{"embeddable":true,"href":"https:\/\/www.infokuryr.cz\/n\/wp-json\/wp\/v2\/users\/2"}],"replies":[{"embeddable":true,"href":"https:\/\/www.infokuryr.cz\/n\/wp-json\/wp\/v2\/comments?post=79749"}],"version-history":[{"count":0,"href":"https:\/\/www.infokuryr.cz\/n\/wp-json\/wp\/v2\/posts\/79749\/revisions"}],"wp:featuredmedia":[{"embeddable":true,"href":"https:\/\/www.infokuryr.cz\/n\/wp-json\/wp\/v2\/media\/79750"}],"wp:attachment":[{"href":"https:\/\/www.infokuryr.cz\/n\/wp-json\/wp\/v2\/media?parent=79749"}],"wp:term":[{"taxonomy":"category","embeddable":true,"href":"https:\/\/www.infokuryr.cz\/n\/wp-json\/wp\/v2\/categories?post=79749"},{"taxonomy":"post_tag","embeddable":true,"href":"https:\/\/www.infokuryr.cz\/n\/wp-json\/wp\/v2\/tags?post=79749"}],"curies":[{"name":"wp","href":"https:\/\/api.w.org\/{rel}","templated":true}]}}