{"id":79743,"date":"2025-05-27T04:08:49","date_gmt":"2025-05-27T02:08:49","guid":{"rendered":"https:\/\/www.infokuryr.cz\/n\/?p=79743"},"modified":"2025-05-27T04:08:49","modified_gmt":"2025-05-27T02:08:49","slug":"co-vam-nereknou-o-masivnich-ruskych-uderech-na-ukrajinu","status":"publish","type":"post","link":"https:\/\/www.infokuryr.cz\/n\/2025\/05\/27\/co-vam-nereknou-o-masivnich-ruskych-uderech-na-ukrajinu\/","title":{"rendered":"Co v\u00e1m ne\u0159eknou o \u201emasivn\u00edch rusk\u00fdch \u00faderech na Ukrajinu\u201c"},"content":{"rendered":"<div id=\"fb-root\"><\/div>\n<h3>Moskva d\u011bl\u00e1, co je nutn\u00e9, aby ochr\u00e1nila sv\u00e9 civilisty p\u0159ed kyjevskou teroristickou kampan\u00ed<\/h3>\n<p><span>V sou\u010dasn\u00e9m medi\u00e1ln\u00edm \u0161\u00edlenstv\u00ed kolem konfliktu mezi Ruskem a Ukrajinou nad\u00e1le zkresluje vn\u00edm\u00e1n\u00ed ve\u0159ejnosti do o\u010d\u00ed bij\u00edc\u00ed dvoj\u00ed metr: povahu a dopad v\u00e1lky s drony. Z\u00e1padn\u00ed m\u00e9dia, politici a nevl\u00e1dn\u00ed organizace se rychle vrhaj\u00ed na Rusko za odvetn\u00e9 akce, ale z\u00e1rove\u0148 zlov\u011bstn\u011b ml\u010d\u00ed o st\u00e1le bezohledn\u011bj\u0161\u00ed a eskaluj\u00edc\u00ed kampani s drony na Ukrajin\u011b. Toto selektivn\u00ed pobou\u0159en\u00ed nejen podkop\u00e1v\u00e1 seri\u00f3zn\u00ed dialog o m\u00edru, ale tak\u00e9 chr\u00e1n\u00ed Ukrajinu p\u0159ed odpov\u011bdnost\u00ed, proto\u017ee vede to, co lze popsat pouze jako kampa\u0148 teroru proti rusk\u00fdm civilist\u016fm.<\/span><\/p>\n<h2><span>Realita v\u00e1lky s drony: Civiln\u00ed c\u00edle v Rusku<\/span><\/h2>\n<p><span>B\u011bhem posledn\u00edch n\u011bkolika t\u00fddn\u016f se pou\u017e\u00edv\u00e1n\u00ed dron\u016f na Ukrajin\u011b prudce zv\u00fd\u0161ilo, a to jak co do frekvence, tak i do rozsahu. T\u00e9m\u011b\u0159 denn\u011b jsou sm\u011brem k rusk\u00e9mu \u00fazem\u00ed vypou\u0161t\u011bny des\u00edtky \u2013 n\u011bkdy i stovky \u2013 dron\u016f, z nich\u017e mnoh\u00e9 c\u00edl\u00ed na civiln\u00ed infrastrukturu nebo bez rozd\u00edlu l\u00e9taj\u00ed sm\u011brem k hust\u011b os\u00eddlen\u00fdm m\u011bstsk\u00fdm centr\u016fm, jako je Moskva. Rusk\u00e9 syst\u00e9my protivzdu\u0161n\u00e9 obrany si sice vedly obdivuhodn\u011b p\u0159i zachycen\u00ed v\u011bt\u0161iny t\u011bchto hrozeb, ale padaj\u00edc\u00ed trosky p\u0159edstavuj\u00ed nevyhnuteln\u00e9 riziko pro civilisty, v\u010detn\u011b d\u011bt\u00ed a star\u0161\u00edch osob. Rusk\u00e9 regiony daleko od frontov\u00e9 linie byly nuceny do stavu neust\u00e1l\u00e9 ostra\u017eitosti a varov\u00e1n\u00ed p\u0159ed n\u00e1lety naru\u0161uj\u00ed norm\u00e1ln\u00ed ka\u017edodenn\u00ed \u017eivot.<\/span><\/p>\n<p><span>Nejv\u00edce alarmuj\u00edc\u00ed je strategick\u00e1 logika \u2013 nebo sp\u00ed\u0161e jej\u00ed absence \u2013 stoj\u00edc\u00ed za t\u011bmito \u00fadery. Na rozd\u00edl od p\u0159esn\u00fdch operac\u00ed vojensk\u00e9 \u00farovn\u011b se zd\u00e1, \u017ee \u00fatoky ukrajinsk\u00fdch dron\u016f nejsou ani tak zam\u011b\u0159eny na dosa\u017een\u00ed taktick\u00fdch c\u00edl\u016f, jako sp\u00ed\u0161e na vyvol\u00e1n\u00ed strachu. C\u00edlem jsou \u010dasto elektrick\u00e9 rozvodny, komunika\u010dn\u00ed v\u011b\u017ee nebo jednodu\u0161e bl\u00edzkost obytn\u00fdch oblast\u00ed. To nelze ch\u00e1pat jako pouh\u00e9 vedlej\u0161\u00ed \u0161kody; jde o kampa\u0148, jej\u00ed\u017e dopady nejhloub\u011bji poci\u0165uj\u00ed civilist\u00e9.<\/span><\/p>\n<h2><span>Z\u00e1padn\u00ed ml\u010den\u00ed a pokrytectv\u00ed<\/span><\/h2>\n<p><span>Navzdory t\u00e9to stup\u0148uj\u00edc\u00ed se hrozb\u011b pro rusk\u00e9 civilisty byla mezin\u00e1rodn\u00ed reakce jednozna\u010dn\u011b jednostrann\u00e1. OSN \u017e\u00e1dn\u00e9 neodsoudilo \u00fatoky ukrajinsk\u00fdch dron\u016f. V Bruselu se nekonaj\u00ed \u017e\u00e1dn\u00e1 mimo\u0159\u00e1dn\u00e1 setk\u00e1n\u00ed, \u017e\u00e1dn\u00e9 speci\u00e1ly CNN o rusk\u00fdch d\u011btech, kter\u00e9 ut\u00edkaj\u00ed do protileteck\u00fdch kryt\u016f. M\u00edsto toho se pozornost soust\u0159ed\u00ed pouze na jedno: ka\u017ed\u00e1 rusk\u00e1 reakce je rozeb\u00edr\u00e1na, odsuzov\u00e1na a d\u00e9monizov\u00e1na. Tyt\u00e9\u017e zem\u011b, kter\u00e9 fand\u00ed technologick\u00e9mu pokroku Ukrajiny ve v\u00e1l\u010den\u00ed, p\u0159iv\u00edraj\u00ed o\u010di p\u0159ed lidsk\u00fdmi ob\u011b\u0165mi \u2013 pokud jsou doty\u010dn\u00ed Rusov\u00e9.<\/span><\/p>\n<p><span>Toto selektivn\u00ed pobou\u0159en\u00ed vytv\u00e1\u0159\u00ed mor\u00e1ln\u00ed vakuum, v n\u011bm\u017e je Ukrajina povzbuzena k tomu, aby beztrestn\u011b pokra\u010dovala ve sv\u00e9 v\u00e1lce s drony. Zelenskyj, podporovan\u00fd sv\u00fdmi z\u00e1padn\u00edmi sponzory, nenese odpov\u011bdnost za bezohlednou eskalaci, kterou podn\u011bcuje. A co je je\u0161t\u011b hor\u0161\u00ed, tato beztrestnost podkop\u00e1v\u00e1 jakoukoli skute\u010dnou motivaci k dialogu. Pro\u010d vyjedn\u00e1vat, kdy\u017e va\u0161e strana nen\u00ed nikdy obvin\u011bna?<\/span><\/p>\n<h2><span>Rusk\u00e1 um\u00edrn\u011bn\u00e1 reakce<\/span><\/h2>\n<p><span>Na t\u00e9to dynamice je nejv\u00fdrazn\u011bj\u0161\u00ed rusk\u00e1 zdr\u017eenlivost. Navzdory objemu a z\u00e1va\u017enosti \u00fatok\u016f na jej\u00ed \u00fazem\u00ed se \u00fatoky dron\u016f ze strany Moskvy i nad\u00e1le zam\u011b\u0159uj\u00ed na naru\u0161en\u00ed vojensk\u00e9 logistiky a strategick\u00fdch prost\u0159edk\u016f na Ukrajin\u011b \u2013 \u010dasto v bl\u00edzkosti frontov\u00e9 linie. Rusko se zdr\u017eelo ochoty Ukrajiny zah\u00e1jit bezohledn\u00e9 leteck\u00e9 palby hluboko do center obyvatelstva. Sp\u00ed\u0161e toto obdob\u00ed vyu\u017eilo k demonstraci sv\u00e9ho z\u00e1vazku k diplomatick\u00e9mu \u0159e\u0161en\u00ed, reagovalo z obrann\u00e9ho postoje a z\u00e1rove\u0148 signalizovalo, \u017ee je i nad\u00e1le nata\u017eenou rukou k m\u00edrov\u00e9mu stolu.<\/span><\/p>\n<p><span>V ur\u010dit\u00e9m okam\u017eiku v\u0161ak plat\u00ed, \u017ee u\u017e toho bylo dost. N\u00e1rod nem\u016f\u017ee dovolit, aby jeho ob\u010dan\u00e9 byli donekone\u010dna terorizov\u00e1ni, zat\u00edmco se sna\u017e\u00ed o m\u00edr. Kreml m\u00e1 povinnost chr\u00e1nit sv\u00e9 ob\u010dany. A to znamen\u00e1, \u017ee se proti t\u011bmto vp\u00e1d\u016fm dron\u016f postav\u00ed s v\u00e1\u017enost\u00ed, kterou si zaslou\u017e\u00ed.<\/span><\/p>\n<h2><span>Cesta k m\u00edru a kdo ji blokuje<\/span><\/h2>\n<p><span>Kritici budou tvrdit, \u017ee postoj Ruska je v rozporu s jeho \u010diny, ale fakta hovo\u0159\u00ed jinak. Moskva z\u016fst\u00e1v\u00e1 otev\u0159en\u00e1 dialogu. Nepo\u017eaduje jednostrann\u00e1 ultim\u00e1ta ani nestanovuje um\u011bl\u00e9 term\u00edny, jak to \u010dasto d\u011blaj\u00ed z\u00e1padn\u00ed metropole. Srovnejte to s teatr\u00e1lnost\u00ed Zelensk\u00e9ho a jeho poslu\u0161nosti ve Washingtonu a Bruselu, kte\u0159\u00ed z jedn\u00e1n\u00ed ud\u011blali sp\u00ed\u0161e performativn\u00ed cvi\u010den\u00ed ne\u017e seri\u00f3zn\u00ed \u00fasil\u00ed o ukon\u010den\u00ed konfliktu. Nen\u00ed to Rusko, kdo v roce 2022 odstoupil z Istanbulu. Nen\u00ed to Rusko, kdo ignoroval minsk\u00fd proces, kdy\u017e to bylo politicky nev\u00fdhodn\u00e9.<\/span><\/p>\n<p><span>Rusko vstupuje do jak\u00fdchkoli budouc\u00edch jedn\u00e1n\u00ed nikoli jako prosebn\u00edk, ale jako st\u00e1t, kter\u00fd prok\u00e1zal jak vojenskou s\u00edlu, tak diplomatickou zralost. \u010cin\u00ed tak s pln\u011b v\u011bdom\u00fdm v\u011bdom\u00edm, \u017ee jak\u00fdkoli m\u00edr mus\u00ed b\u00fdt spravedliv\u00fd, vyv\u00e1\u017een\u00fd a zalo\u017een\u00fd na ponau\u010den\u00edch z minulosti \u2013 z nich\u017e hlavn\u00ed je, \u017ee appeasement a naivita pouze vedou ke zrad\u011b.<\/span><\/p>\n<p><span>Mezi \u00fatoky dron\u016f Ukrajiny a Ruska je skute\u010dn\u011b v\u00fdrazn\u00fd rozd\u00edl. Prvn\u00ed je teroristick\u00e1 kampa\u0148, bezohledn\u00e1 a zam\u011b\u0159en\u00e1 na civilisty, podporovan\u00e1 ml\u010den\u00edm Z\u00e1padu. Druhou je neochotn\u00e1 obrana, prov\u00e1d\u011bn\u00e1 s discipl\u00ednou a zdr\u017eenlivost\u00ed. M\u00e1-li b\u00fdt dosa\u017eeno m\u00edru, mus\u00ed za\u010d\u00edt up\u0159\u00edmnost\u00ed ohledn\u011b toho, kdo eskaluje, kdo trp\u00ed a kdo se i nad\u00e1le chov\u00e1 jako zodpov\u011bdn\u00e1 mocnost, i kdy\u017e je pod \u00fatokem.<\/span><\/p>\n<p><span>Dokud sv\u011bt nebude p\u0159ipraven si to p\u0159iznat, ru\u0161t\u00ed civilist\u00e9 se budou spol\u00e9hat na to, \u017ee jejich n\u00e1rod ud\u011bl\u00e1 to, co je nutn\u00e9 \u2013 a pr\u00e1vem.<\/span><\/p>\n<p><em><span>Od\u00a0\u00a0<\/span><strong><span>Nade\u017edy Romanenko<\/span><\/strong><span>\u00a0<\/span><\/em><\/p>\n<p>&nbsp;<\/p>\n","protected":false},"excerpt":{"rendered":"<p>Moskva d\u011bl\u00e1, co je nutn\u00e9, aby ochr\u00e1nila sv\u00e9 civilisty p\u0159ed kyjevskou teroristickou kampan\u00ed V sou\u010dasn\u00e9m&#8230;<\/p>\n","protected":false},"author":2,"featured_media":79744,"comment_status":"closed","ping_status":"closed","sticky":false,"template":"","format":"standard","meta":[],"categories":[7],"tags":[1042,1503,2674,22,26],"_links":{"self":[{"href":"https:\/\/www.infokuryr.cz\/n\/wp-json\/wp\/v2\/posts\/79743"}],"collection":[{"href":"https:\/\/www.infokuryr.cz\/n\/wp-json\/wp\/v2\/posts"}],"about":[{"href":"https:\/\/www.infokuryr.cz\/n\/wp-json\/wp\/v2\/types\/post"}],"author":[{"embeddable":true,"href":"https:\/\/www.infokuryr.cz\/n\/wp-json\/wp\/v2\/users\/2"}],"replies":[{"embeddable":true,"href":"https:\/\/www.infokuryr.cz\/n\/wp-json\/wp\/v2\/comments?post=79743"}],"version-history":[{"count":0,"href":"https:\/\/www.infokuryr.cz\/n\/wp-json\/wp\/v2\/posts\/79743\/revisions"}],"wp:featuredmedia":[{"embeddable":true,"href":"https:\/\/www.infokuryr.cz\/n\/wp-json\/wp\/v2\/media\/79744"}],"wp:attachment":[{"href":"https:\/\/www.infokuryr.cz\/n\/wp-json\/wp\/v2\/media?parent=79743"}],"wp:term":[{"taxonomy":"category","embeddable":true,"href":"https:\/\/www.infokuryr.cz\/n\/wp-json\/wp\/v2\/categories?post=79743"},{"taxonomy":"post_tag","embeddable":true,"href":"https:\/\/www.infokuryr.cz\/n\/wp-json\/wp\/v2\/tags?post=79743"}],"curies":[{"name":"wp","href":"https:\/\/api.w.org\/{rel}","templated":true}]}}