{"id":7974,"date":"2022-02-02T02:15:15","date_gmt":"2022-02-02T01:15:15","guid":{"rendered":"http:\/\/www.infokuryr.cz\/n\/?p=7974"},"modified":"2022-02-01T17:13:41","modified_gmt":"2022-02-01T16:13:41","slug":"jak-rusko-pomaha-lidem-na-donbasu-a-donbasu-samotnemu","status":"publish","type":"post","link":"https:\/\/www.infokuryr.cz\/n\/2022\/02\/02\/jak-rusko-pomaha-lidem-na-donbasu-a-donbasu-samotnemu\/","title":{"rendered":"Jak Rusko pom\u00e1h\u00e1 lidem na Donbasu a Donbasu samotn\u00e9mu"},"content":{"rendered":"<div id=\"fb-root\"><\/div>\n<p><strong><span>N\u011bmeck\u00e1 m\u00e9dia ne\u0159\u00edkaj\u00ed nic o situaci lid\u00ed na Donbasu a m\u00e1 to jednoduch\u00fd d\u016fvod: skute\u010dn\u00e1 situace na Donbasu nezapad\u00e1 do po\u017eadovan\u00e9ho obrazu.<\/span><\/strong><\/p>\n<p><span>Kyjev trv\u00e1 na tom, \u017ee Donbas je sou\u010d\u00e1st\u00ed Ukrajiny a \u017ee tamn\u00ed lid\u00e9 jsou Ukrajinci. Kyjev p\u0159itom v l\u00e9t\u011b 2014 zablokoval vypl\u00e1cen\u00ed v\u0161ech soci\u00e1ln\u00edch d\u00e1vek, v\u010detn\u011b d\u016fchod\u016f, obyvatel\u016fm Donbasu, co\u017e by vedlo k hladomoru, kdyby Rusko neza\u010dalo pos\u00edlat humanit\u00e1rn\u00ed pomoc.\u00a0Zejm\u00e9na d\u016fchodci na Donbasu byli velmi dlouhou dobu z\u00e1visl\u00ed na v\u00fddejn\u00e1ch potravin, kter\u00e9 jim poslalo Rusko.\u00a0Mezit\u00edm jim Donbas vypl\u00e1c\u00ed d\u016fchody.<\/span><\/p>\n<p><span>Kdy\u017e v srpnu 2014 odjel prvn\u00ed rusk\u00fd konvoj s pomoc\u00ed, z\u00e1padn\u00ed m\u00e9dia tvrdila, \u017ee Rusko dod\u00e1v\u00e1 zbran\u011b na Donbas pod rou\u0161kou humanit\u00e1rn\u00ed pomoci.\u00a0Tehdej\u0161\u00ed moskevsk\u00fd zpravodaj Focusu tuto le\u017e \u0161\u00ed\u0159il obzvl\u00e1\u0161\u0165 p\u016fsobiv\u00fdm zp\u016fsobem, jak jsem uk\u00e1zal ve sv\u00e9\u00a0<\/span><a href=\"https:\/\/www.anti-spiegel.ru\/2019\/in-eigener-sache-mein-buch-ueber-die-ukraine-ist-in-zwei-wochen-lieferbar\/\" target=\"_blank\" rel=\"noreferrer noopener\"><span>knize o ukrajinsk\u00e9 krizi v roce 2014<\/span><\/a><span>\u00a0na z\u00e1klad\u011b jeho \u010dl\u00e1nk\u016f z t\u00e9 doby.\u00a0Le\u017e v\u0161ak nebyla udr\u017eiteln\u00e1, proto\u017ee OBSE prov\u011b\u0159ovala konvoje na hranic\u00edch Donbasu, tak\u017ee tyto konvoje nebyly p\u0159ed Z\u00e1padem ukryty. Mezit\u00edm Rusko vyslalo p\u0159es sto konvoj\u016f, z nich\u017e ka\u017ed\u00fd se sest\u00e1val z des\u00edtek n\u00e1kladn\u00edch aut, se z\u00e1sobami pomoci na Donbas.<\/span><\/p>\n<h3><span>Hladov\u00e1 blok\u00e1da<\/span><\/h3>\n<p><span>V lednu 2015 Kyjev tak\u00e9 uvalil hladovou blok\u00e1du na Donbas, proto\u017ee, jakkoli to zn\u00ed neuv\u011b\u0159iteln\u011b: maloobchodn\u00edci na Donbasu proj\u00ed\u017ed\u011bli p\u0159es p\u0159edn\u00ed linie na Ukrajinu p\u0159es kontroln\u00ed stanovi\u0161t\u011b a kupovali to, co pak nab\u00edzeli ve sv\u00fdch obchodech na Donbasu. Kyjev to cht\u011bl zastavit a nechat Donbas vyhladov\u011bt. To, \u017ee Kyjev od\u0159\u00edzl i Donbas od bankovn\u00edho syst\u00e9mu, je t\u0159eba zm\u00ednit jen pro \u00faplnost.<\/span><\/p>\n<p><span>O konfliktu na v\u00fdchodn\u00ed Ukrajin\u011b se c\u00edt\u00edte, co chcete, st\u00e1le tam \u017eije kolem milionu lid\u00ed a nen\u00ed t\u011b\u017ek\u00e9 uhodnout, komu jsou v\u011brn\u00ed: Kyjevu, kter\u00fd je chce vyhladov\u011bt a ost\u0159eluje, nebo Rusku, kter\u00e9\u00a0 \u0159e\u0161\u00ed n\u00e1sledky kyjevsk\u00e9 hladov\u00e9 blok\u00e1dy, aby byly co nejni\u017e\u0161\u00ed.<\/span><\/p>\n<p><span>V Minsk\u00e9 dohod\u011b z \u00fanora 2015 se Kyjev mimo jin\u00e9 zav\u00e1zal ke zru\u0161en\u00ed hladov\u00e9 blok\u00e1dy, op\u011btovn\u00e9mu vypl\u00e1cen\u00ed soci\u00e1ln\u00edch d\u00e1vek a op\u011btovn\u00e9mu p\u0159ipojen\u00ed Donbasu k bankovn\u00edmu syst\u00e9mu, kter\u00fd je upraven v bodech 7 a 8 dohody, ale Kyjev tak neu\u010dinil tak dodnes! Text smlouvy\u00a0<\/span><a href=\"https:\/\/www.anti-spiegel.ru\/2018\/russland-muss-das-abkommen-von-minsk-erfullen-eine-analyse-des-abkommens\/\" target=\"_blank\" rel=\"noreferrer noopener\"><span>naleznete zde<\/span><\/a><span>\u00a0.<\/span><\/p>\n<h3><span>Pro\u010d Rusko vydalo pasy<\/span><\/h3>\n<p><span>Dal\u0161\u00edm probl\u00e9mem je, \u017ee Kyjev odm\u00edtl vydat dokumenty obyvatel\u016fm Donbasu.\u00a0Co ale d\u011blat, kdy\u017e v\u00e1m vypr\u0161\u00ed platnost doklad\u016f toto\u017enosti a vy u\u017e nem\u016f\u017eete z\u00edskat nov\u00e9? Prakticky nikdo \u2013 a u\u017e v\u016fbec ne Kyjev \u2013 neuzn\u00e1v\u00e1 pr\u016fkazy toto\u017enosti vydan\u00e9 samozvan\u00fdmi rebelantsk\u00fdmi\u00a0republikami.\u00a0Tato situace dostala ruskou vl\u00e1du pod tlak, a tak se po dlouh\u00e9m v\u00e1h\u00e1n\u00ed nakonec rozhodla nab\u00eddnout obyvatel\u016fm Donbasu vystaven\u00ed rusk\u00fdch pas\u016f, \u010d\u00edm\u017e se automaticky st\u00e1vaj\u00ed rusk\u00fdmi ob\u010dany.\u00a0O probl\u00e9mu jsem tehdy obs\u00e1hle informoval, v\u00edce podrobnost\u00ed\u00a0<\/span><a href=\"https:\/\/www.anti-spiegel.ru\/2019\/russische-paesse-fuer-ukrainer-welche-hintergruende-die-deutschen-medien-verschweigen\/\" target=\"_blank\" rel=\"noreferrer noopener\"><span>najdete zde<\/span><\/a><span>\u00a0.<\/span><\/p>\n<p><span>Diskriminace etnicky neukrajinsk\u00fdch ob\u010dan\u016f Ukrajiny se net\u00fdk\u00e1 pouze obyvatel Donbasu, i kdy\u017e se o n\u00ed z\u00e1padn\u00ed m\u00e9dia a politici t\u00e9m\u011b\u0159 nezmi\u0148uj\u00ed.\u00a0Rumunsko, Polsko a Ma\u010farsko tak\u00e9 neust\u00e1le kritizuj\u00ed Kyjev za to, jak se zach\u00e1z\u00ed s jejich men\u0161inami na z\u00e1padn\u00ed Ukrajin\u011b. Dnes m\u00e1 Ukrajina jazykov\u00fd z\u00e1kon a dokonce je to skute\u010dn\u00fd <\/span><a href=\"https:\/\/www.anti-spiegel.ru\/2021\/das-sprachengesetz-und-die-zwangsweise-ukrainisierung\/\" target=\"_blank\" rel=\"noreferrer noopener\"><span>rasov\u00fd z\u00e1kon<\/span><\/a><span>\u00a0, kter\u00fd rozd\u011bluje Ukrajince do t\u0159\u00ed kategori\u00ed na z\u00e1klad\u011b etnick\u00fdch (ne\u0159kuli rasov\u00fdch) krit\u00e9ri\u00ed s odli\u0161n\u00fdmi pr\u00e1vy.<\/span><\/p>\n<h3><span>Soci\u00e1ln\u00ed podpora pro obyvatele Donbasu<\/span><\/h3>\n<p><span>V Rusku existuje st\u00e1tn\u00ed port\u00e1l, p\u0159es kter\u00fd lze t\u00e9m\u011b\u0159 v\u0161echny administrativn\u00ed postupy vy\u0159\u00eddit online.\u00a0M\u016f\u017eete zde tak\u00e9 pod\u00e1vat online \u017e\u00e1dosti o soci\u00e1ln\u00ed podporu a p\u0159\u00edsp\u011bvky.\u00a0Kreml v sobotu na\u0159\u00eddil, aby ru\u0161t\u00ed ob\u010dan\u00e9 na Donbasu dostali p\u0159\u00edstup k port\u00e1lu, kter\u00fd Rusov\u00e9 \u017eij\u00edc\u00ed v Rusku skute\u010dn\u011b mohou vyu\u017e\u00edvat, aby i oni mohli \u017e\u00e1dat o st\u00e1tn\u00ed pomoc.<\/span><\/p>\n<p><span>To Kyjev rozhn\u011bvalo a znovu se ptal pro\u010d.\u00a0Ostatn\u011b Kyjev od roku 2014 odm\u00edt\u00e1 sv\u00fdm ob\u010dan\u016fm na Donbasu jakoukoli soci\u00e1ln\u00ed podporu.\u00a0Kyjev ale rusk\u00fd krok rozzu\u0159il a\u00a0<\/span><a href=\"https:\/\/tass.ru\/mezhdunarodnaya-panorama\/13566833\" target=\"_blank\" rel=\"noreferrer noopener\"><span>ukrajinsk\u00e9 ministerstvo zahrani\u010d\u00ed prohl\u00e1silo<\/span><\/a><span> , \u017ee \u201ev dob\u011b, kdy n\u00e1\u0161 st\u00e1t a partne\u0159i vyv\u00edjej\u00ed ve\u0161ker\u00e9 \u00fasil\u00ed k deeskalaci situace, nov\u00e9 rozhodnut\u00ed rusk\u00e9ho veden\u00ed t\u011bmto diplomatick\u00fdm snah\u00e1m nep\u0159isp\u00edv\u00e1. &#8222;<\/span><\/p>\n<h3><span>Uzn\u00e1v\u00e1 Rusko ofici\u00e1ln\u011b rebelsk\u00e9 republiky?<\/span><\/h3>\n<p><span>Od roku 2014 m\u00e9dia a vl\u00e1da soustavn\u011b ozna\u010duj\u00ed povstaleck\u00e9 republiky v Lugansku a Don\u011bcku v Rusku jako \u201esamozvan\u00e9 republiky\u201c a v\u017edy vylu\u010duj\u00ed uzn\u00e1n\u00ed republik jako st\u00e1t\u016f.\u00a0Vzhledem k p\u0159etrv\u00e1vaj\u00edc\u00edm hrozb\u00e1m ze strany Kyjeva a skute\u010dnosti, \u017ee\u00a0<\/span><a href=\"https:\/\/www.anti-spiegel.ru\/2020\/osze-bericht-75-der-zivilen-opfer-des-krieges-in-der-ukraine-sind-opfer-der-regierungstruppen\/\" target=\"_blank\" rel=\"noreferrer noopener\"><span>podle OBSE<\/span><\/a><span> m\u00e1 ukrajinsk\u00e1 arm\u00e1da na sv\u011bdom\u00ed 75 procent civiln\u00edch ob\u011bt\u00ed v Donbasu a \u017ee v\u011bt\u0161inu lid\u00ed tam nyn\u00ed tvo\u0159\u00ed ru\u0161t\u00ed ob\u010dan\u00e9 (bylo vyd\u00e1no 600 000 a\u017e 800 000 rusk\u00fdch pas\u016f ), Rusko m\u016f\u017ee b\u00fdt donuceno tento postoj zm\u011bnit.<\/span><\/p>\n<p><span>V reakci na ot\u00e1zku v panelov\u00e9 diskusi na\u00a0konci listopadu\u00a0<\/span><a href=\"https:\/\/www.anti-spiegel.ru\/2021\/putin-im-o-ton-ueber-russlands-rote-linien\/\" target=\"_blank\" rel=\"noreferrer noopener\"><span>Putin \u0159ekl:<\/span><\/a><\/p>\n<p><em>&#8222;Pokud jde o hrozby, obyvatel\u00e9 dvou d\u0159\u00edve neuznan\u00fdch republik &#8211; LNR a DNR &#8211; jsou tak\u00e9 neust\u00e1le ohro\u017eov\u00e1ni p\u0159esuny vojsk v bl\u00edzkosti jejich \u00fazem\u00ed.&#8220;<\/em><\/p>\n<p><span>T\u011b\u017eko \u0159\u00edct, jestli to byl p\u0159eklep nebo ne.\u00a0Ale fakt, \u017ee Putin ozna\u010dil rebelsk\u00e9 oblasti na v\u00fdchodn\u00ed Ukrajin\u011b za \u201edv\u011b neuznan\u00e9 republiky\u201c,\u00a0<\/span><strong><span>musel<\/span><\/strong><span>\u00a0vzbudit po\u0159\u00e1dn\u00fd rozruch, proto\u017ee Putin je pr\u00e1vn\u00edk a v\u017edy se vyjad\u0159uje velmi p\u0159esn\u011b.\u00a0Jsem proto naklon\u011bn br\u00e1t toto prohl\u00e1\u0161en\u00ed jako sign\u00e1l Kyjevu a Z\u00e1padu, \u017ee pokud bude Kyjev pokra\u010dovat v eskalaci, Rusko by mohlo uznat rebelsk\u00e9 republiky a ofici\u00e1ln\u011b je vz\u00edt pod svou vojenskou ochranu.<\/span><\/p>\n<p><span>Rusko ud\u011blalo tot\u00e9\u017e ji\u017e d\u0159\u00edve, pot\u00e9, co\u00a0<\/span><a href=\"https:\/\/www.anti-spiegel.ru\/2018\/der-kaukasuskrieg-bei-kaum-einem-thema-lugen-die-medien-dreister\/\" target=\"_blank\" rel=\"noreferrer noopener\"><span>Gruzie za\u00fato\u010dila na Osetii v roce 2008<\/span><\/a><span>\u00a0: Rusko diplomaticky uznalo \u00fazem\u00ed Osetie a Abch\u00e1zie, kter\u00e9 byly od Gruzie odtr\u017eeny od po\u010d\u00e1tku 90. let.\u00a0Mimochodem, Rusk\u00e1 komunistick\u00e1 strana ji\u017e dlouho po\u017eaduje uzn\u00e1n\u00ed republik Donbasu a tvrd\u00ed, \u017ee je to jedin\u00fd zp\u016fsob, jak zastavit krveprolit\u00ed na Donbasu.<\/span><\/p>\n<h3><span>Dod\u00e1vky zbran\u00ed pro rebely?<\/span><\/h3>\n<p><span>S ohledem na \u0159in\u010den\u00ed zbran\u00ed z Kyjeva nyn\u00ed prvn\u00ed politici v rusk\u00e9m parlamentu (Dum\u011b), vyzvali k dod\u00e1n\u00ed zbran\u00ed na Donbas. Po\u017eadavek p\u0159i\u0161el od frakc\u00ed \u010dlen\u016f vl\u00e1dnouc\u00ed strany \u201eJednotn\u00e9 Rusko\u201c a v\u0161ech ostatn\u00edch frakc\u00ed, co\u017e je docela udivuj\u00edc\u00ed, proto\u017ee na rozd\u00edl od dojmu vytvo\u0159en\u00e9ho v n\u011bmeck\u00fdch m\u00e9di\u00edch vl\u00e1da a opozice v rusk\u00e9m parlamentu v \u017e\u00e1dn\u00e9m p\u0159\u00edpad\u011b nejsou shoduj\u00ed se ve v\u0161em a jsou v rozporu s mnoha t\u00e9maty navz\u00e1jem. Ale v t\u00e9to ot\u00e1zce panovala jednomyslnost.<\/span><\/p>\n<p><span>Rusk\u00e1 televize ve sv\u00e9m t\u00fddenn\u00edm p\u0159ehledu zpr\u00e1v v ned\u011bli uk\u00e1zala\u00a0<\/span><a href=\"https:\/\/vesti7.ru\/video\/2379497\/episode\/30-01-2022\/\" target=\"_blank\" rel=\"noreferrer noopener\"><span>zpr\u00e1vu z Don\u011bcka<\/span><\/a><span>\u00a0, v n\u00ed\u017e se rusk\u00fd zpravodaj ptal mluv\u010d\u00edho don\u011bck\u00fdch ozbrojen\u00fdch sil, jak\u00e9 zbran\u011b Donbass pot\u0159ebuje.\u00a0Odpov\u011b\u010f byla:<\/span><\/p>\n<p><em>\u201eUr\u010dit\u011b protiletadlov\u00e9 syst\u00e9my, proto\u017ee bezpilotn\u00ed letouny zakoupen\u00e9 Ukrajinou mus\u00ed b\u00fdt zni\u010deny.\u00a0Ru\u0161ic\u00ed syst\u00e9my, kter\u00e9 potla\u010duj\u00ed ovl\u00e1d\u00e1n\u00ed dron\u016f a r\u00e1diovou komunikaci.\u00a0A pravd\u011bpodobn\u011b i d\u011blost\u0159eleck\u00e9 pr\u016fzkumn\u00e9 syst\u00e9my, kter\u00e9 pomohou ur\u010dit, odkud ost\u0159elov\u00e1n\u00ed p\u0159ich\u00e1z\u00ed.\u201c<\/em><\/p>\n<p><span>Zda Rusko uzn\u00e1 rebelsk\u00e9 republiky anebo dod\u00e1 zbran\u011b na Donbas, se pravd\u011bpodobn\u011b brzy dozv\u00edme, proto\u017ee rozhodnut\u00ed bude pravd\u011bpodobn\u011b z\u00e1viset na \u00fasp\u011bchu rozhovor\u016f s USA o vz\u00e1jemn\u00fdch bezpe\u010dnostn\u00edch z\u00e1ruk\u00e1ch. A\u00a0<\/span><a href=\"https:\/\/www.anti-spiegel.ru\/2022\/russlands-erste-reaktion-auf-die-amerikanische-antwort-ueber-sicherheitsgarantien\/\" target=\"_blank\" rel=\"noreferrer noopener\"><span>rozhovory v\u016fbec nejdou dob\u0159e<\/span><\/a><span>\u00a0&#8230;<\/span><\/p>\n<p><span><strong>Thomas R\u00f6per<\/strong><br \/>\n<em>narozen v roce 1971, zast\u00e1val pozice ve veden\u00ed a dozor\u010d\u00ed rad\u011b ve spole\u010dnostech poskytuj\u00edc\u00edch finan\u010dn\u00ed slu\u017eby ve v\u00fdchodn\u00ed Evrop\u011b a Rusku jako expert pro v\u00fdchodn\u00ed Evropu.\u00a0<\/em><\/span><em>Dnes \u017eije ve sv\u00e9m adoptivn\u00edm domov\u011b v Petrohrad\u011b.\u00a0V Rusku \u017eije p\u0159es 15 let a mluv\u00ed plynn\u011b rusky.\u00a0\u00dast\u0159edn\u00edmi body jeho medi\u00e1ln\u011b kritick\u00e9 pr\u00e1ce jsou (medi\u00e1ln\u00ed) obraz Ruska v N\u011bmecku, kritika zpravodajstv\u00ed z\u00e1padn\u00edch m\u00e9di\u00ed obecn\u011b a t\u00e9mata (geo)politiky a ekonomiky.<\/em><\/p>\n<p><img decoding=\"async\" loading=\"lazy\" class=\"alignnone size-full wp-image-1185\" src=\"http:\/\/www.infokuryr.cz\/n\/wp-content\/uploads\/2021\/04\/kuryr-podpis.png\" alt=\"\" width=\"84\" height=\"24\" \/><\/p>\n","protected":false},"excerpt":{"rendered":"<p>N\u011bmeck\u00e1 m\u00e9dia ne\u0159\u00edkaj\u00ed nic o situaci lid\u00ed na Donbasu a m\u00e1 to jednoduch\u00fd d\u016fvod: skute\u010dn\u00e1&#8230;<\/p>\n","protected":false},"author":2,"featured_media":7975,"comment_status":"closed","ping_status":"closed","sticky":false,"template":"","format":"standard","meta":[],"categories":[7],"tags":[64,22,26],"_links":{"self":[{"href":"https:\/\/www.infokuryr.cz\/n\/wp-json\/wp\/v2\/posts\/7974"}],"collection":[{"href":"https:\/\/www.infokuryr.cz\/n\/wp-json\/wp\/v2\/posts"}],"about":[{"href":"https:\/\/www.infokuryr.cz\/n\/wp-json\/wp\/v2\/types\/post"}],"author":[{"embeddable":true,"href":"https:\/\/www.infokuryr.cz\/n\/wp-json\/wp\/v2\/users\/2"}],"replies":[{"embeddable":true,"href":"https:\/\/www.infokuryr.cz\/n\/wp-json\/wp\/v2\/comments?post=7974"}],"version-history":[{"count":0,"href":"https:\/\/www.infokuryr.cz\/n\/wp-json\/wp\/v2\/posts\/7974\/revisions"}],"wp:featuredmedia":[{"embeddable":true,"href":"https:\/\/www.infokuryr.cz\/n\/wp-json\/wp\/v2\/media\/7975"}],"wp:attachment":[{"href":"https:\/\/www.infokuryr.cz\/n\/wp-json\/wp\/v2\/media?parent=7974"}],"wp:term":[{"taxonomy":"category","embeddable":true,"href":"https:\/\/www.infokuryr.cz\/n\/wp-json\/wp\/v2\/categories?post=7974"},{"taxonomy":"post_tag","embeddable":true,"href":"https:\/\/www.infokuryr.cz\/n\/wp-json\/wp\/v2\/tags?post=7974"}],"curies":[{"name":"wp","href":"https:\/\/api.w.org\/{rel}","templated":true}]}}