{"id":79739,"date":"2025-05-27T04:01:07","date_gmt":"2025-05-27T02:01:07","guid":{"rendered":"https:\/\/www.infokuryr.cz\/n\/?p=79739"},"modified":"2025-05-27T04:01:07","modified_gmt":"2025-05-27T02:01:07","slug":"vyhnete-se-ospalosti-z-antihistaminovych-leku-zde-je-7-mocnych-prirodnich-latek-na-pylove-alergie","status":"publish","type":"post","link":"https:\/\/www.infokuryr.cz\/n\/2025\/05\/27\/vyhnete-se-ospalosti-z-antihistaminovych-leku-zde-je-7-mocnych-prirodnich-latek-na-pylove-alergie\/","title":{"rendered":"Vyhn\u011bte se ospalosti z antihistaminov\u00fdch l\u00e9k\u016f: Zde je 7 mocn\u00fdch p\u0159\u00edrodn\u00edch l\u00e1tek na pylov\u00e9 alergie"},"content":{"rendered":"<div id=\"fb-root\"><\/div>\n<p><strong>Pro miliony lid\u00ed sez\u00f3nn\u00ed pylov\u00e9 alergie p\u0159in\u00e1\u0161ej\u00ed k\u00fdch\u00e1n\u00ed, ucpan\u00fd nos a neust\u00e1l\u00e9 nepohodl\u00ed.<\/strong><\/p>\n<p><span>Zat\u00edmco farmaceutick\u00e9 spole\u010dnosti prosazuj\u00ed antihistaminika a steroidy jako jedin\u00e9 \u0159e\u0161en\u00ed, p\u0159\u00edroda nab\u00edz\u00ed \u00fa\u010dinn\u00e9 alternativy, kter\u00e9 funguj\u00ed na z\u00e1klad\u011b podpory t\u011bla, nikoli proti n\u011bmu.<\/span><\/p>\n<p><span>Od starov\u011bk\u00fdch bylinn\u00fdch l\u00e9k\u016f a\u017e po \u0161pi\u010dkovou enzymovou terapii, dostupn\u00e1 p\u0159\u00edrodn\u00ed \u0159e\u0161en\u00ed dok\u00e1\u017eou harmonizovat imunitn\u00ed reakce, sni\u017eovat z\u00e1n\u011bty a poskytnout trvalou \u00falevu bez \u0161kodliv\u00fdch vedlej\u0161\u00edch \u00fa\u010dink\u016f farmaceutick\u00fdch l\u00e9k\u016f.<\/span><\/p>\n<p><span>No a tady u\u017e je sl\u00edben\u00fdch 7 p\u0159\u00edrodn\u00edch l\u00e1tek na alergie:<\/span><\/p>\n<h2><span>1. Olej z \u010dern\u00e9ho km\u00ednu: Siln\u00fd antialergick\u00fd prost\u0159edek<\/span><\/h2>\n<p><span>Olej z \u010dern\u00e9ho km\u00ednu (\u00a0<\/span><a href=\"https:\/\/www.badatel.net\/cierna-rasca-drobne-semienko-s-velkou-a-vsestrannou-liecivou-silou\/\"><span>Nigella sativa<\/span><\/a><span>\u00a0) se v tradi\u010dn\u00ed medic\u00edn\u011b pou\u017e\u00edv\u00e1 ji\u017e stalet\u00ed a modern\u00ed v\u00fdzkum potvrzuje jeho \u00fa\u010dinnost p\u0159i \u00falev\u011b od alergi\u00ed.<\/span><\/p>\n<p><span>Studie z roku 2011 publikovan\u00e1 v medic\u00ednsk\u00e9m \u010dasopise\u00a0<\/span><em><span>American Journal of<\/span><\/em><span>\u00a0Otolaryngology (Americk\u00fd \u017eurn\u00e1l otolaryngologie) zjistila, \u017ee olej z \u010dern\u00e9ho km\u00ednu v\u00fdznamn\u011b zlep\u0161il p\u0159\u00edznaky alergie, v\u010detn\u011b ucpan\u00e9ho nosu, sv\u011bd\u011bn\u00ed a k\u00fdch\u00e1n\u00ed u \u00fa\u010dastn\u00edk\u016f studie s alergi\u00ed.<\/span><\/p>\n<p><span>Olej obsahuje tymochinon, slou\u010deninu, kter\u00e1 sni\u017euje z\u00e1n\u011bty a stabilizuje mastocyty (imunitn\u00ed bu\u0148ky ve sliznic\u00edch a pojivov\u00fdch tk\u00e1n\u00edch produkuj\u00edc\u00ed histamin), \u010d\u00edm\u017e zabra\u0148uje nadm\u011brn\u00e9mu uvol\u0148ov\u00e1n\u00ed histaminu.<\/span><\/p>\n<h2><span>2. Serrapept\u00e1za: Enzym, kter\u00fd rozpou\u0161t\u00ed hleny a zklid\u0148uje z\u00e1n\u011bty<\/span><\/h2>\n<p><span>Serrapept\u00e1za je enzym z\u00edsk\u00e1van\u00fd z bource moru\u0161ov\u00e9ho, kter\u00fd prokazateln\u011b rozkl\u00e1d\u00e1 hlen a sni\u017euje z\u00e1n\u011bty v d\u00fdchac\u00edch cest\u00e1ch.<\/span><\/p>\n<p><span>Studie z roku 2013 v \u010dasopise\u00a0<\/span><em><span>Journal of International Medical Research (\u017durn\u00e1l mezin\u00e1rodn\u00edho medic\u00ednsk\u00e9ho v\u00fdzkumu<\/span><\/em><span>\u00a0) prok\u00e1zala, \u017ee serrapept\u00e1za \u00fa\u010dinn\u011b sni\u017euje vylu\u010dov\u00e1n\u00ed hlenu z nosu a zlep\u0161uje d\u00fdch\u00e1n\u00ed u pacient\u016f s chronickou sinusitidou.<\/span><\/p>\n<p><span>Na rozd\u00edl od dekongestant\u016f (farmaceutick\u00e9 uvol\u0148ova\u010de hlen\u016f), kter\u00e9 mohou zp\u016fsobit zp\u011btn\u00e9 ucp\u00e1n\u00ed, serrapept\u00e1za p\u0159irozen\u011b uvol\u0148uje d\u00fdchac\u00ed cesty bez rizika rozvoje z\u00e1vislosti.<\/span><\/p>\n<h2><span>3. Divizna: P\u0159\u00edrodn\u00ed uklid\u0148ova\u010d d\u00fdchac\u00edch cest<\/span><\/h2>\n<p><span>Divizna set\u00e1 (Verbascum thapsus) se ji\u017e stalet\u00ed pou\u017e\u00edv\u00e1 ke zm\u00edrn\u011bn\u00ed respira\u010dn\u00edch onemocn\u011bn\u00ed. Jeho protiz\u00e1n\u011btliv\u00e9 a expektora\u010dn\u00ed vlastnosti pom\u00e1haj\u00ed vy\u010distit hlen a uklidnit podr\u00e1\u017ed\u011bn\u00e9 d\u00fdchac\u00ed cesty.<\/span><\/p>\n<p><span>Studie z roku 2022 poukazuje na schopnost divizny sni\u017eovat ka\u0161el a podr\u00e1\u017ed\u011bn\u00ed pr\u016fdu\u0161ek, d\u00edky \u010demu\u017e je vynikaj\u00edc\u00ed volbou p\u0159i respira\u010dn\u00edch p\u0159\u00edznac\u00edch souvisej\u00edc\u00edch s alergiemi.<\/span><\/p>\n<h2><span>4. Ko\u0159en ibi\u0161ku: Ochr\u00e1nce hrdla<\/span><\/h2>\n<p><span>Ko\u0159en ibi\u0161ku l\u00e9ka\u0159sk\u00e9ho (Althaea officinalis) obsahuje gelovit\u00fd materi\u00e1l, kter\u00fd pokr\u00fdv\u00e1 hrdlo a d\u00fdchac\u00ed cesty a poskytuje \u00falevu od podr\u00e1\u017ed\u011bn\u00ed a such\u00e9ho ka\u0161le.<\/span><\/p>\n<p><span>V\u00fdzkum zjistil, \u017ee extrakt z ko\u0159ene ibi\u0161ku l\u00e9ka\u0159sk\u00e9ho v\u00fdznamn\u011b sn\u00ed\u017eil podr\u00e1\u017ed\u011bn\u00ed hrdla a ka\u0161el u \u00fa\u010dastn\u00edk\u016f studie trp\u00edc\u00edmi obt\u00ed\u017eemi horn\u00edch cest d\u00fdchac\u00edch.<\/span><\/p>\n<h2><span>5. Kvercetin: P\u0159\u00edrodn\u00ed antihistaminikum<\/span><\/h2>\n<p><span>P\u0159esto\u017ee kvercetin ne\u00fa\u010dinkuje tak rychle jako voln\u011b prodejn\u00e1 antihistaminika, je to p\u0159\u00edrodn\u00ed alternativa, kter\u00e1 nezp\u016fsobuje ospalost a jin\u00e9 vedlej\u0161\u00ed \u00fa\u010dinky.<\/span><\/p>\n<p><span>Kvercetin je flavonoid nach\u00e1zej\u00edc\u00ed se v jablk\u00e1ch, cibuli a bobulovit\u00e9m ovoci. Proti alergi\u00edm \u00fa\u010dinkuje tak, \u017ee stabilizuje \u017e\u00edrn\u00e9 bu\u0148ky a zabra\u0148uje nadm\u011brn\u00e9mu uvol\u0148ov\u00e1n\u00ed histaminu.<\/span><\/p>\n<p><span>Studie z roku 2016 zve\u0159ejn\u011bn\u00e1 v \u010dasopise\u00a0<\/span><em><span>Molecules<\/span><\/em><span>\u00a0(Molekuly) potvrdila schopnost kvercetinu sni\u017eovat alergick\u00e9 reakce inhibic\u00ed z\u00e1n\u011btliv\u00fdch drah.<\/span><\/p>\n<p><span>Na rozd\u00edl od syntetick\u00fdch antihistaminik p\u016fsob\u00ed kvercetin preventivn\u011b, d\u00edky \u010demu\u017e je ide\u00e1ln\u00ed pro dlouhodobou l\u00e9\u010dbu alergi\u00ed.<\/span><\/p>\n<h2><span>6. Kop\u0159iva dvoudom\u00e1: P\u0159\u00edrodn\u00ed blok\u00e1tor histaminu<\/span><\/h2>\n<p><a href=\"https:\/\/www.badatel.net\/ako-zihlava-poraza-farmaceuticke-firmy-pri-liecbe-alergii-a-potravinarsky-priemysel-pri-zivinach\/\"><span>Kop\u0159iva dvoudom\u00e1<\/span><\/a><span>\u00a0(Urtica dioica) se tradi\u010dn\u011b pou\u017e\u00edv\u00e1 k boji proti alergi\u00edm.<\/span><\/p>\n<p><span>Studie z roku 2000 v odborn\u00e9m \u010dasopise Phytotherapy Research (V\u00fdzkum fytoterapie) zjistila, \u017ee extrakt z kop\u0159ivy zm\u00edr\u0148uje p\u0159\u00edznaky alergick\u00e9 r\u00fdmy blokov\u00e1n\u00edm histaminov\u00fdch receptor\u016f.<\/span><\/p>\n<p><span>Protiz\u00e1n\u011btliv\u00e9 vlastnosti kop\u0159ivy z n\u00ed d\u011blaj\u00ed silnou alternativu k voln\u011b prodejn\u00fdm l\u00e9k\u016fm na alergii.<\/span><\/p>\n<h2><span>7. Probiotika: Pos\u00edlen\u00ed propojen\u00ed mezi st\u0159evem a imunitn\u00edm syst\u00e9mem<\/span><\/h2>\n<p><span>Zdrav\u00fd st\u0159evn\u00ed mikrobiom je nezbytn\u00fd pro spr\u00e1vnou funkci imunitn\u00edho syst\u00e9mu.<\/span><\/p>\n<p><span>V\u00fdzkum v \u010dasopise\u00a0<\/span><em><span>Frontiers in<\/span><\/em><span>\u00a0Immunology (Obzory imunologie) uk\u00e1zal, \u017ee probiotika, zejm\u00e9na kmeny Lactobacillus a Bifidobacterium, zm\u00edr\u0148uj\u00ed p\u0159\u00edznaky alergie modulac\u00ed imunitn\u00edch reakc\u00ed.<\/span><\/p>\n<p><span>P\u0159id\u00e1n\u00ed potravin nebo dopl\u0148k\u016f bohat\u00fdch na probiotika m\u016f\u017ee pomoci p\u0159edch\u00e1zet hyperaktivn\u00edm alergick\u00fdm reakc\u00edm.<\/span><\/p>\n<h2><span>Z\u00e1v\u011br<\/span><\/h2>\n<p><span>I kdy\u017e alergie mohou b\u00fdt pro \u010dlov\u011bka vysiluj\u00edc\u00ed, p\u0159\u00edrodn\u00ed l\u00e9\u010diva nab\u00edzej\u00ed bezpe\u010dnou a \u00fa\u010dinnou \u00falevu bez vedlej\u0161\u00edch \u00fa\u010dink\u016f b\u011b\u017en\u00fdch l\u00e9k\u016f.<\/span><\/p>\n<p><span>Od oleje z \u010dern\u00e9ho km\u00ednu a\u017e po probiotika, tato \u0159e\u0161en\u00ed \u0159e\u0161\u00ed z\u00e1kladn\u00ed p\u0159\u00ed\u010diny alergi\u00ed \u2013 imunitn\u00ed dysregulaci a z\u00e1n\u011bty \u2013 a nejen maskuj\u00ed p\u0159\u00edznaky. Pou\u017e\u00edv\u00e1n\u00edm t\u011bchto ov\u011b\u0159en\u00fdch a v\u011bdecky potvrzen\u00fdch alternativ mohou alergici p\u0159irozen\u00fdm zp\u016fsobem z\u00edskat zp\u011bt sv\u00e9 zdrav\u00ed.<\/span><\/p>\n<div class=\"code-block code-block-10\">\n<div id=\"badat-1625945221\" class=\"badat-highlight-wrapper\">\n<div id=\"badat-558815953\">\n<p><span>Autor: Lance D. Johnson, Zdroj:\u00a0<\/span><a href=\"https:\/\/www.naturalnews.com\/2025-05-21-7-powerful-allergy-remedies-backed-by-science.html\" target=\"_blank\" rel=\"noopener\"><span>naturalnews.com<\/span><\/a><\/p>\n<p>&nbsp;<\/p>\n<\/div>\n<\/div>\n<\/div>\n","protected":false},"excerpt":{"rendered":"<p>Pro miliony lid\u00ed sez\u00f3nn\u00ed pylov\u00e9 alergie p\u0159in\u00e1\u0161ej\u00ed k\u00fdch\u00e1n\u00ed, ucpan\u00fd nos a neust\u00e1l\u00e9 nepohodl\u00ed. Zat\u00edmco farmaceutick\u00e9&#8230;<\/p>\n","protected":false},"author":2,"featured_media":79740,"comment_status":"closed","ping_status":"closed","sticky":false,"template":"","format":"standard","meta":[],"categories":[7],"tags":[8547,8249,21],"_links":{"self":[{"href":"https:\/\/www.infokuryr.cz\/n\/wp-json\/wp\/v2\/posts\/79739"}],"collection":[{"href":"https:\/\/www.infokuryr.cz\/n\/wp-json\/wp\/v2\/posts"}],"about":[{"href":"https:\/\/www.infokuryr.cz\/n\/wp-json\/wp\/v2\/types\/post"}],"author":[{"embeddable":true,"href":"https:\/\/www.infokuryr.cz\/n\/wp-json\/wp\/v2\/users\/2"}],"replies":[{"embeddable":true,"href":"https:\/\/www.infokuryr.cz\/n\/wp-json\/wp\/v2\/comments?post=79739"}],"version-history":[{"count":0,"href":"https:\/\/www.infokuryr.cz\/n\/wp-json\/wp\/v2\/posts\/79739\/revisions"}],"wp:featuredmedia":[{"embeddable":true,"href":"https:\/\/www.infokuryr.cz\/n\/wp-json\/wp\/v2\/media\/79740"}],"wp:attachment":[{"href":"https:\/\/www.infokuryr.cz\/n\/wp-json\/wp\/v2\/media?parent=79739"}],"wp:term":[{"taxonomy":"category","embeddable":true,"href":"https:\/\/www.infokuryr.cz\/n\/wp-json\/wp\/v2\/categories?post=79739"},{"taxonomy":"post_tag","embeddable":true,"href":"https:\/\/www.infokuryr.cz\/n\/wp-json\/wp\/v2\/tags?post=79739"}],"curies":[{"name":"wp","href":"https:\/\/api.w.org\/{rel}","templated":true}]}}