{"id":79738,"date":"2025-05-27T03:59:29","date_gmt":"2025-05-27T01:59:29","guid":{"rendered":"https:\/\/www.infokuryr.cz\/n\/?p=79738"},"modified":"2025-05-27T03:59:29","modified_gmt":"2025-05-27T01:59:29","slug":"zbynek-fiala-trump-proti-bazine","status":"publish","type":"post","link":"https:\/\/www.infokuryr.cz\/n\/2025\/05\/27\/zbynek-fiala-trump-proti-bazine\/","title":{"rendered":"Zbyn\u011bk Fiala: Trump proti ba\u017ein\u011b"},"content":{"rendered":"<div id=\"fb-root\"><\/div>\n<p><strong>\u201ePak se rozpoutalo peklo,\u201c vzpom\u00edn\u00e1 plukovn\u00edk Douglas Macgregor, ministr obrany z prvn\u00edho Trumpova funk\u010dn\u00edho obdob\u00ed, na reakci ofici\u00e1ln\u00edho Washingtonu na prezident\u016fv pokus o sta\u017een\u00ed USA z Afgh\u00e1nist\u00e1nu, Ir\u00e1ku, S\u00fdrie a dokonce i z Evropy.<\/strong><\/p>\n<p style=\"font-weight: 400;\">Kdy\u017e Donald Trump sliboval, \u017ee vymete tu washingtonskou ba\u017einu, m\u00e1lokdo si um\u011bl p\u0159edstavit, co se tam odehr\u00e1v\u00e1. Otev\u0159en\u00e1 sv\u011bdectv\u00ed jsou vz\u00e1cn\u00e1. Jedno z\u00a0nich te\u010f zazn\u011blo v\u00a0rozhovoru s\u00a0plukovn\u00edkem Douglasem Macgregorem, kter\u00fd byl kr\u00e1tce strategick\u00fdm poradcem ministra obrany, a to zrovna v listopadu 2020, kdy se tehdej\u0161\u00ed prezident Trump rozhodoval o ukon\u010den\u00ed \u201enekone\u010dn\u00fdch v\u00e1lek\u201c v\u00a0Afgh\u00e1nist\u00e1nu, Ir\u00e1ku a S\u00fdrii a o p\u0159\u00edpadn\u00e9m sta\u017een\u00ed americk\u00fdch jednotek z\u00a0Evropy.<\/p>\n<p style=\"font-weight: 400;\">Macgregora zn\u00e1me z\u00a0\u010dast\u00fdch koment\u00e1\u0159\u016f v\u00a0alternativn\u00edch m\u00e9di\u00edch k\u00a0Ukrajin\u011b, kde se vyjad\u0159uje hodn\u011b otev\u0159en\u011b. Jeho sv\u011bdectv\u00ed se z\u0159ejm\u011b d\u00e1 v\u011b\u0159it. Popisuje, jak p\u0159\u00edslu\u0161n\u00e9 prezidentovo rozhodnut\u00ed padlo, ale \u201epak se rozpoutalo peklo\u201c. B\u00edl\u00fd d\u016fm mohl puknout n\u00e1v\u0161t\u011bvami rozezlen\u00fdch politick\u00fdch \u0161pi\u010dek. Trump to nakonec st\u00e1hl zp\u011bt.<\/p>\n<p style=\"font-weight: 400;\">Tomuto konfliktu p\u0159edch\u00e1zelo odvol\u00e1n\u00ed ministra obrany Marka Espera, kter\u00e9ho nahradil u\u017e jen zastupuj\u00edc\u00ed ministr Christopher Miller. Do konce Trumpova funk\u010dn\u00edho obdob\u00ed v p\u016fli ledna n\u00e1sleduj\u00edc\u00edho roku, chyb\u011bly jen t\u0159i m\u011bs\u00edce.<\/p>\n<p style=\"font-weight: 400;\">Ale soust\u0159e\u010fme se na osobn\u00ed sv\u011bdectv\u00ed Macgregora, jak zazn\u011blo v\u00a0<a href=\"https:\/\/www.youtube.com\/watch?v=in0tbbxKO6A\">ned\u00e1vn\u00e9m rozhovoru s b\u00fdval\u00fdm analytikem CIA\u00a0<strong>Larry Johnsonem<\/strong><\/a>. Na\u0161el jsem to na port\u00e1le Substack u Alexe Kreinera.<\/p>\n<p style=\"font-weight: 400;\"><a href=\"https:\/\/alexkrainer.substack.com\/p\/trump-vs-the-swamp-the-first-126%20\">https:\/\/alexkrainer.substack.com\/p\/trump-vs-the-swamp-the-first-126\u00a0<\/a><\/p>\n<p style=\"font-weight: 400;\"><em>Donald Trump v t\u00e9 dob\u011b cht\u011bl, abychom se st\u00e1hli z Afgh\u00e1nist\u00e1nu, stejn\u011b jako ze S\u00fdrie a Ir\u00e1ku. A v\u011bd\u011bl, \u017ee navzdory jeho snah\u00e1m, lid\u00e9 pod n\u00edm nebyli loaj\u00e1ln\u00ed a neud\u011blaj\u00ed nic, aby mu to usnadnili. M\u011bl na to jen 90 dn\u00ed. \u0158ekl jsem mu: Mysl\u00edm, \u017ee jednu z t\u011bch v\u011bc\u00ed byste mohli ud\u011blat, ale v\u00edc ne, vzpom\u00edn\u00e1 Macgregor.<\/em><\/p>\n<p style=\"font-weight: 400;\"><em>Kr\u00e1tce nato do\u0161lo na konkr\u00e9tn\u00ed jedn\u00e1n\u00ed. \u00da\u0159aduj\u00edc\u00ed ministr Miller p\u0159ich\u00e1zel od Trumpa s\u00a0pokynem, a\u0165 se do toho d\u00e1me. \u010cekal jsem na n\u011bj v jeho kancel\u00e1\u0159i v z\u00e1padn\u00edm k\u0159\u00eddle. Kdy\u017e se vr\u00e1til, \u0159ekl: \u201eDob\u0159e, ud\u011blejte to.\u201c \u0160lo hlavn\u011b o to, jak n\u00e1s dostat z Afgh\u00e1nist\u00e1nu.<\/em><\/p>\n<p style=\"font-weight: 400;\"><em>Tak jsem se se\u0161el se v\u0161emi a vysv\u011btlil jsem, \u017ee pokud se chceme dostat ven, je to velmi jednoduch\u00e9: Prezident mus\u00ed vydat v\u00fdkonn\u00fd p\u0159\u00edkaz, kter\u00fd na\u0159\u00edd\u00ed sta\u017een\u00ed z Afgh\u00e1nist\u00e1nu.<\/em><\/p>\n<p style=\"font-weight: 400;\"><em>Sepsal jsem n\u00e1vrh takov\u00e9ho v\u00fdkonn\u00e9ho p\u0159\u00edkazu, Trump si ho vzal, asi se mu l\u00edbil. Nakonec to podepsal &#8230; a pak se rozpoutalo peklo.<\/em><\/p>\n<p style=\"font-weight: 400;\"><em>Sen\u00e1tn\u00ed v\u00fdbor pro ozbrojen\u00e9 slu\u017eby, kl\u00ed\u010dov\u00ed \u010dlenov\u00e9 Sen\u00e1tu, stejn\u011b jako \u00fa\u0159aduj\u00edc\u00ed ministr obrany, kter\u00fd najednou obr\u00e1til, v\u0161ichni byli na konci dne svol\u00e1ni do B\u00edl\u00e9ho domu. Nakonec p\u0159i\u0161el i \u0161\u00e9f republik\u00e1nsk\u00e9ho klubu ve sn\u011bmovn\u011b Mitch McConnell. Nev\u00edm, kdo dal\u0161\u00ed tam byl ze Sen\u00e1tu plus Sn\u011bmovny reprezentant\u016f. Ti v\u0161ichni spolu s \u00fa\u0159aduj\u00edc\u00edm ministrem obrany a jeho \u0161\u00e9fem \u0161t\u00e1bu \u0159ekli, \u017ee to nem\u016f\u017eeme ud\u011blat. Prost\u011b nem\u016f\u017eeme \u2013 spojenci. Co ud\u011bl\u00e1me se spojenci?<\/em><\/p>\n<p style=\"font-weight: 400;\"><em>Moje odpov\u011b\u010f byla, \u017ee pokud odejdeme, spojenci odejdou tak\u00e9. Odvezte na\u0161e voj\u00e1ky pry\u010d. Neptejte se na povolen\u00ed, jste vrchn\u00ed velitel, jste prezident Spojen\u00fdch st\u00e1t\u016f a jste v\u016fdce NATO. No, ale \u2013 ve v\u00fdsledku mu to rozmluvili.&#8220;<\/em><\/p>\n<p style=\"font-weight: 400;\"><em>Trump to \u00fapln\u011b nevzdal. M\u00edsto toho se zeptal, kolik voj\u00e1k\u016f m\u016f\u017ee st\u00e1hnout a kolik jich mus\u00ed z\u016fstat. Bylo mu \u0159e\u010deno, \u017ee by m\u011bl v Afgh\u00e1nist\u00e1nu nechat 5 000 voj\u00e1k\u016f. M\u011blo j\u00edt hlavn\u011b o \u201ekontraktory&#8230; budeme d\u00e1l pumpovat pen\u00edze\u201c. Prezident Trump nakonec ustoupil.<\/em><\/p>\n<p style=\"font-weight: 400;\">Navazuje koment\u00e1\u0159 Alexe Kreinera, kter\u00fd je pozoruhodnou kombinac\u00ed finan\u010dn\u00edho analytika a za\u0165at\u00e9ho politick\u00e9ho alternativce. Vyb\u00edr\u00e1m p\u00e1r my\u0161lenek, jak ud\u00e1lost zasazuje do sou\u010dasnosti:<\/p>\n<p style=\"font-weight: 400;\"><em>Trump tedy cht\u011bl dostat USA z Afgh\u00e1nist\u00e1nu, Ir\u00e1ku, S\u00fdrie, a dokonce i z Evropy. P\u0159ivedl si plukovn\u00edka Macgregora, aby mu s t\u00edm pomohl, ale realita americk\u00e9 politiky jeho iniciativu zma\u0159ila a v\u011bci se vyvinuly v rozporu s jeho z\u00e1m\u011bry: byl frustrov\u00e1n neloaj\u00e1ln\u00edmi \u010dleny sv\u00e9ho t\u00fdmu a mocn\u00fdmi z\u00e1jmy spojenc\u016f USA, jejich lobbisty a vojensko-pr\u016fmyslov\u00fdm komplexem. V\u0161ichni m\u011bli z\u00e1jem na tom, aby americk\u00e9 jednotky z\u016fstaly v Afgh\u00e1nist\u00e1nu, a jejich z\u00e1jmy p\u0159ev\u00e1\u017eily nad demokraticky zvolen\u00fdm vrchn\u00edm velitelem n\u00e1roda.<\/em><\/p>\n<p style=\"font-weight: 400;\"><strong><em>Hlubok\u00e9 ko\u0159eny ba\u017einy<\/em><\/strong><\/p>\n<p style=\"font-weight: 400;\"><em>Dnes jsou okolnosti pon\u011bkud odli\u0161n\u00e9, ale Trumpovu agendu budou i nad\u00e1le brzdit mocn\u00e9 z\u00e1jmov\u00e9 skupiny, kter\u00e9 maj\u00ed v\u00fdznamn\u00fd pod\u00edl na v\u00fdsledc\u00edch jeho politick\u00fdch rozhodnut\u00ed. Jak dob\u0159e v\u00edme, n\u011bkter\u00e9 z t\u011bchto skupin doslova cht\u011bj\u00ed Trumpovu smrt a sv\u00e9 z\u00e1m\u011bry se neboj\u00ed d\u00e1t najevo. Jeho administrativa proto mus\u00ed postupovat ba\u017einou s velkou opatrnost\u00ed, co\u017e mo\u017en\u00e1 vysv\u011btluje, pro\u010d je tak t\u011b\u017ek\u00e9 odhadnout Trumpovy skute\u010dn\u00e9 z\u00e1m\u011bry v d\u016fle\u017eit\u00fdch ot\u00e1zk\u00e1ch, jako jsou Rusko\/Ukrajina, Izrael, Jemen, \u00cdr\u00e1n, Kanada, Gr\u00f3nsko atd.<\/em><\/p>\n<p style=\"font-weight: 400;\"><em>Mo\u017en\u00e1 proto se v\u00fdkonn\u00e1 moc jev\u00ed jako bezradn\u00e1 a chaotick\u00e1. Pro n\u00e1s, div\u00e1ky, by mezit\u00edm bylo ne\u0161\u0165astn\u00e9 podl\u00e9hat frustraci a kritizovat Trumpa za to, \u017ee nep\u0159in\u00e1\u0161\u00ed v\u0161echny zm\u011bny, v kter\u00e9 jsme doufali. Trump by samoz\u0159ejm\u011b m\u011bl b\u00fdt kritizov\u00e1n za sv\u00e9 zbyte\u010dn\u00e9 chyby a selh\u00e1n\u00ed \u00fasudku. Kritiku si zaslou\u017e\u00ed i za sv\u016fj styl a chov\u00e1n\u00ed, kter\u00e9 je n\u011bkdy na hranici vulg\u00e1rnosti. Na\u0161e kritika v\u0161ak mus\u00ed vych\u00e1zet z realistick\u00fdch o\u010dek\u00e1v\u00e1n\u00ed, vzhledem k politick\u00e9 situaci v USA a ve sv\u011bt\u011b.<\/em><\/p>\n<p style=\"font-weight: 400;\"><strong><em>Pozitivn\u00ed obrat v politice<\/em><\/strong><\/p>\n<p style=\"font-weight: 400;\"><em>Pokud Trump odv\u00e1d\u00ed USA od \u201eglob\u00e1ln\u00edho \u0159\u00e1du zalo\u017een\u00e9ho na pravidlech\u201c a p\u0159ij\u00edm\u00e1 multipol\u00e1rn\u00ed integraci (co\u017e v\u00fdslovn\u011b vyj\u00e1d\u0159ili \u010dlenov\u00e9 jeho administrativy), poru\u0161uje t\u00edm mnohaletou politickou kontinuitu. Jeho kroky tak vyvolaj\u00ed odpor mocn\u00fdch z\u00e1jmov\u00fdch skupin, kter\u00e9 se pod star\u00fdm \u0159\u00e1dem t\u011b\u0161ily obrovsk\u00fdm privilegi\u00edm, i zako\u0159en\u011bn\u00e9ho my\u0161len\u00ed americk\u00e9 politick\u00e9 t\u0159\u00eddy.<\/em><\/p>\n<p style=\"font-weight: 400;\"><em>Trumpova zm\u011bna kurzu si v\u0161ak zaslou\u017e\u00ed podporu, proto\u017ee star\u00fd \u0159\u00e1d je neudr\u017eiteln\u00fd a uk\u00e1zal se jako naprosto \u0161kodliv\u00fd. Spolehliv\u011b vedl k chronick\u00fdm, opakovan\u00fdm finan\u010dn\u00edm, ekonomick\u00fdm a soci\u00e1ln\u00edm kriz\u00edm doma a k nekone\u010dn\u00fdm v\u00e1lk\u00e1m v zahrani\u010d\u00ed. Trump si zaslou\u017e\u00ed uzn\u00e1n\u00ed za \u0159adu radik\u00e1ln\u00edch zm\u011bn, kter\u00e9 se mu poda\u0159ilo prosadit b\u011bhem prvn\u00edch 125 dn\u016f, v\u010detn\u011b n\u00e1sleduj\u00edc\u00edch:<\/em><\/p>\n<ul>\n<li><em>Odstoupen\u00ed USA od pa\u0159\u00ed\u017esk\u00e9 klimatick\u00e9 dohody<\/em><\/li>\n<li><em>Odstoupen\u00ed USA od Sv\u011btov\u00e9 zdravotnick\u00e9 organizace<\/em><\/li>\n<li><em>Zru\u0161en\u00ed financov\u00e1n\u00ed a rozpu\u0161t\u011bn\u00ed USAid<\/em><\/li>\n<li><em>Obnoven\u00ed konstruktivn\u00edch vztah\u016f s Ruskem<\/em><\/li>\n<li><em>Obnoven\u00ed m\u00edrov\u00fdch rozhovor\u016f mezi Ukrajinou a Ruskem<\/em><\/li>\n<li><em>Zprost\u0159edkov\u00e1n\u00ed p\u0159\u00edm\u011b\u0159\u00ed mezi Indi\u00ed a P\u00e1kist\u00e1nem<\/em><\/li>\n<li><em>Ozn\u00e1men\u00ed nov\u00e9 obchodn\u00ed dohody s \u010c\u00ednou<\/em><\/li>\n<li><em>Podpis v\u00fdkonn\u00e9ho na\u0159\u00edzen\u00ed o sn\u00ed\u017een\u00ed cen l\u00e9k\u016f na p\u0159edpis a\u017e o 80 %<\/em><\/li>\n<li><em>\u00dasp\u011b\u0161n\u00e9 vyjedn\u00e1n\u00ed propu\u0161t\u011bn\u00ed posledn\u00edho americk\u00e9ho \u017eidovsk\u00e9ho rukojm\u00edho v Gaze s hnut\u00edm Ham\u00e1s<\/em><\/li>\n<li><em>Dramatick\u00e9 sn\u00ed\u017een\u00ed neleg\u00e1ln\u00ed imigrace do USA<\/em><\/li>\n<li><em>Podpis v\u00fdkonn\u00e9ho na\u0159\u00edzen\u00ed o zaji\u0161t\u011bn\u00ed bydlen\u00ed pro tis\u00edce bezdomovc\u016f z \u0159ad veter\u00e1n\u016f<\/em><\/li>\n<\/ul>\n<p style=\"font-weight: 400;\"><strong><em>Kulka, kter\u00e9 jsme se vyhnuli<\/em><\/strong><\/p>\n<p style=\"font-weight: 400;\"><em>Prezidentstv\u00ed Harrisov\u00e9 by prakticky zaru\u010dilo pokra\u010dov\u00e1n\u00ed v\u0161ech politik, kter\u00e9 americk\u00fd lid rozhodn\u011b odm\u00edtl. Byla silnou zast\u00e1nkyn\u00ed vl\u00e1dn\u00edch z\u00e1sah\u016f proti svobod\u011b projevu.<\/em><\/p>\n<p style=\"font-weight: 400;\"><em>P\u0159ed dv\u011bma m\u011bs\u00edci odhalila organizace\u00a0<\/em><a href=\"https:\/\/media.aflegal.org\/wp-content\/uploads\/2025\/03\/19104054\/FL-2023-00013-February-2025-Production.pdf\"><em>America First Legal<\/em><\/a><em>\u00a0(AFL) ohromuj\u00edc\u00ed rozsah snah Bidenovy a Harrisovy administrativy o trval\u00e9 potla\u010den\u00ed svobody slova v USA. Odhodl\u00e1na pou\u010dit se od t\u011bch nejlep\u0161\u00edch, pozvala Bidenova N\u00e1rodn\u00ed bezpe\u010dnostn\u00ed rada (NSC) britskou vl\u00e1du, aby se pod\u011blila o sv\u00e9 know-how a zku\u0161enosti s prov\u00e1d\u011bn\u00edm cenzurn\u00edch operac\u00ed.<\/em><\/p>\n<p style=\"font-weight: 400;\"><em>Britov\u00e9 skute\u010dn\u011b p\u0159ijeli a 10. srpna 2021 britsk\u00e1 jednotka pro boj proti dezinformac\u00edm (CDU) p\u0159ednesla prezentaci na sch\u016fzi organizovan\u00e9 mezirezortn\u00edm v\u00fdborem pro politiku (IPC) NSC. CDU je britsk\u00fd \u201emezirezortn\u00ed\u201c org\u00e1n, kter\u00fd koordinuje programy st\u00e1tn\u00ed cenzury v cel\u00e9 britsk\u00e9 vl\u00e1d\u011b a pom\u00e1h\u00e1 formulovat \u201ekoordinovanou reakci vl\u00e1dy\u201c na dezinformace a fale\u0161n\u00e9 informace.<\/em><\/p>\n<p style=\"font-weight: 400;\"><em>CDU p\u0159edlo\u017eila sv\u00fdm americk\u00fdm stoupenc\u016fm konkr\u00e9tn\u00ed doporu\u010den\u00ed, v\u010detn\u011b z\u0159\u00edzen\u00ed specializovan\u00e9 jednotky, kter\u00e1 by vedla celost\u00e1tn\u00ed cenzurn\u00ed programy; p\u0159ijet\u00ed donucovac\u00ed legislativy k regulaci politik technologick\u00fdch spole\u010dnost\u00ed v oblasti dezinformac\u00ed a sankcionov\u00e1n\u00ed jejich nedodr\u017eov\u00e1n\u00ed; nav\u00e1z\u00e1n\u00ed partnerstv\u00ed s velk\u00fdmi technologick\u00fdmi spole\u010dnostmi za \u00fa\u010delem \u201eozna\u010dov\u00e1n\u00ed\u201c zak\u00e1zan\u00e9ho obsahu a vyu\u017eit\u00ed struktur zahrani\u010dn\u00ed politiky vl\u00e1dy ke koordinaci s jin\u00fdmi vl\u00e1dami a nadn\u00e1rodn\u00edmi institucemi.<\/em><\/p>\n<p style=\"font-weight: 400;\"><em>Kdyby americk\u00fd lid nezam\u00edtl tuto totalitn\u00ed misi nezvolen\u00edm Kamaly Harrisov\u00e9, Spojen\u00e9 st\u00e1ty by dnes mohly p\u0159ipom\u00ednat Brit\u00e1nii Keira Starmera a jejich veden\u00ed by sd\u00edlelo britskou \u0161\u00edlenou, fanatickou touhu po v\u00e1lce s Ruskem \u2013 v\u00e1lce, kter\u00e1 by mohla snadno p\u0159er\u016fst v jadernou a znamenat konec lidstva.<\/em><\/p>\n<p style=\"font-weight: 400;\"><strong><em>Glob\u00e1ln\u00ed v\u00e1lka proti svobod\u011b<\/em><\/strong><\/p>\n<p style=\"font-weight: 400;\"><em>Britsk\u00e9 \u00fa\u0159ady p\u0159edstavuj\u00ed nebezpe\u010d\u00ed pro svobodu po cel\u00e9m sv\u011bt\u011b. Nap\u0159\u00edklad na za\u010d\u00e1tku tohoto roku britsk\u00e1 vl\u00e1da na\u0159\u00eddila spole\u010dnosti Apple, aby zp\u0159\u00edstupnila sv\u00e9 \u00falo\u017ei\u0161t\u011b iCloud po cel\u00e9m sv\u011bt\u011b, co\u017e se dotklo asi 2 miliard u\u017eivatel\u016f. Na\u0159\u00edzen\u00ed m\u011blo b\u00fdt tajn\u00e9 a obsahovalo p\u0159\u00edkaz, aby Apple tuto informaci nezve\u0159ej\u0148oval pod hrozbou trestn\u00edho st\u00edh\u00e1n\u00ed.<\/em><\/p>\n<p style=\"font-weight: 400;\"><em>Britsk\u00fd z\u00e1kon o online bezpe\u010dnosti (Online Safety Act) sponzorovan\u00fd CCDH, kter\u00fd vstoupil v platnost v\u00a0<\/em><a href=\"https:\/\/www.wired.com\/story\/the-uks-controversial-online-safety-act-is-now-law\/\"><em>\u0159\u00edjnu 2023<\/em><\/a><em>, obsahuje ustanoven\u00ed, podle nich\u017e britsk\u00e9 org\u00e1ny \u010dinn\u00e9 v trestn\u00edm \u0159\u00edzen\u00ed\u00a0<\/em><a href=\"https:\/\/www.foxnews.com\/video\/6360173208112\"><em>mohou vyd\u00e1vat a v\u011bznit ob\u010dany USA<\/em><\/a><em>. Ve skute\u010dnosti je britsk\u00e1 v\u00e1lka proti svobod\u011b glob\u00e1ln\u00ed: v roce 2021 se britsk\u00e1 vl\u00e1da chlubila \u00fazk\u00fdmi pracovn\u00edmi vztahy s v\u00edce ne\u017e 20 dal\u0161\u00edmi zem\u011bmi, v\u010detn\u011b Kanady a Austr\u00e1lie.<\/em><\/p>\n<p style=\"font-weight: 400;\"><em>V roce 2020 se\u00a0<\/em><a href=\"https:\/\/x.com\/InstituteGC\/status\/1259075645595725824\"><strong><em>Tony Blair<\/em><\/strong><em>\u00a0na Twitteru chlubil, \u017ee<\/em><\/a><em>\u00a0\u201ena\u0161e t\u00fdmy jsou nyn\u00ed za\u010dlen\u011bny do vl\u00e1d po cel\u00e9m sv\u011bt\u011b a pom\u00e1haj\u00ed jim chr\u00e1nit jejich ob\u010dany b\u011bhem t\u00e9to pandemie \u2013 nejen v souvislosti s Covid-19 samotn\u00fdm, ale tak\u00e9 s politick\u00fdmi a ekonomick\u00fdmi vedlej\u0161\u00edmi \u0161kodami.\u201c<\/em><\/p>\n<p style=\"font-weight: 400;\"><strong><em>Jadern\u00e1 bomba, ne kulka<\/em><\/strong><\/p>\n<p style=\"font-weight: 400;\"><em>Vzhledem k rozsahu a m\u00ed\u0159e tohoto tot\u00e1ln\u00edho \u00fatoku na ob\u010dansk\u00e9 svobody a komplexn\u00edmu kooptov\u00e1n\u00ed v\u0161ech kl\u00ed\u010dov\u00fdch org\u00e1n\u016f st\u00e1tn\u00edho bezpe\u010dnostn\u00edho apar\u00e1tu se zd\u00e1, \u017ee volbou Donalda Trumpa a odm\u00edtnut\u00edm Kamaly Harrisov\u00e9 ameri\u010dt\u00ed voli\u010di pomohli sv\u011btu vyhnout se nikoli kulce, ale jadern\u00e9 v\u00e1lce, kter\u00e1 mohla na\u0161im spole\u010dnostem p\u0159ipravit cestu do dystopick\u00e9 budoucnosti. Z\u00e1padn\u00ed n\u00e1rody by se za\u010daly podobat re\u017eim\u016fm jako v\u00fdchodn\u00ed N\u011bmecko, Sov\u011btsk\u00fd svaz a Severn\u00ed Korea. Brit\u00e1nie u\u017e se jim podob\u00e1.<\/em><\/p>\n<p style=\"font-weight: 400;\"><em>Ne\u017e tedy budeme Donalda Trumpa kritizovat za jeho chyby a v\u00fdst\u0159elky, m\u011bli bychom m\u00edt v\u017edy na pam\u011bti, \u017ee jsme se p\u0159ed pouh\u00fdmi 126 dny ocitli na k\u0159i\u017eovatce. Prudk\u00fd odklon od dystopie byl skute\u010dnost\u00ed a nem\u011bli bychom ho br\u00e1t jako samoz\u0159ejmost. P\u0159es v\u0161echny sv\u00e9 osobn\u00ed nedostatky a politick\u00e9 chyby se Trump na tomto odklonu v\u00fdznamn\u011b pod\u00edlel.<\/em><\/p>\n<p style=\"font-weight: 400;\"><a href=\"https:\/\/vasevec.info\/komentare\/zbynek-fiala-trump-proti-bazine\">Zbyn\u011bk Fiala<\/a><\/p>\n<p><img decoding=\"async\" loading=\"lazy\" class=\"alignnone size-medium wp-image-18520\" src=\"http:\/\/www.infokuryr.cz\/n\/wp-content\/uploads\/2022\/11\/zbynek-fiala-300x208.jpg\" alt=\"\" width=\"300\" height=\"208\" srcset=\"https:\/\/www.infokuryr.cz\/n\/wp-content\/uploads\/2022\/11\/zbynek-fiala-300x208.jpg 300w, https:\/\/www.infokuryr.cz\/n\/wp-content\/uploads\/2022\/11\/zbynek-fiala.jpg 318w\" sizes=\"(max-width: 300px) 100vw, 300px\" \/><\/p>\n<p>&nbsp;<\/p>\n","protected":false},"excerpt":{"rendered":"<p>\u201ePak se rozpoutalo peklo,\u201c vzpom\u00edn\u00e1 plukovn\u00edk Douglas Macgregor, ministr obrany z prvn\u00edho Trumpova funk\u010dn\u00edho obdob\u00ed,&#8230;<\/p>\n","protected":false},"author":2,"featured_media":66357,"comment_status":"closed","ping_status":"closed","sticky":false,"template":"","format":"standard","meta":[],"categories":[6],"tags":[1042,2181,452,37],"_links":{"self":[{"href":"https:\/\/www.infokuryr.cz\/n\/wp-json\/wp\/v2\/posts\/79738"}],"collection":[{"href":"https:\/\/www.infokuryr.cz\/n\/wp-json\/wp\/v2\/posts"}],"about":[{"href":"https:\/\/www.infokuryr.cz\/n\/wp-json\/wp\/v2\/types\/post"}],"author":[{"embeddable":true,"href":"https:\/\/www.infokuryr.cz\/n\/wp-json\/wp\/v2\/users\/2"}],"replies":[{"embeddable":true,"href":"https:\/\/www.infokuryr.cz\/n\/wp-json\/wp\/v2\/comments?post=79738"}],"version-history":[{"count":0,"href":"https:\/\/www.infokuryr.cz\/n\/wp-json\/wp\/v2\/posts\/79738\/revisions"}],"wp:featuredmedia":[{"embeddable":true,"href":"https:\/\/www.infokuryr.cz\/n\/wp-json\/wp\/v2\/media\/66357"}],"wp:attachment":[{"href":"https:\/\/www.infokuryr.cz\/n\/wp-json\/wp\/v2\/media?parent=79738"}],"wp:term":[{"taxonomy":"category","embeddable":true,"href":"https:\/\/www.infokuryr.cz\/n\/wp-json\/wp\/v2\/categories?post=79738"},{"taxonomy":"post_tag","embeddable":true,"href":"https:\/\/www.infokuryr.cz\/n\/wp-json\/wp\/v2\/tags?post=79738"}],"curies":[{"name":"wp","href":"https:\/\/api.w.org\/{rel}","templated":true}]}}