{"id":79729,"date":"2025-05-27T00:34:55","date_gmt":"2025-05-26T22:34:55","guid":{"rendered":"https:\/\/www.infokuryr.cz\/n\/?p=79729"},"modified":"2025-05-26T18:14:12","modified_gmt":"2025-05-26T16:14:12","slug":"tri-a-pul-roku-vlady-petra-fialy-horor-v-primem-prenosu-statistiky-mluvi-jasne-a-mrazive","status":"publish","type":"post","link":"https:\/\/www.infokuryr.cz\/n\/2025\/05\/27\/tri-a-pul-roku-vlady-petra-fialy-horor-v-primem-prenosu-statistiky-mluvi-jasne-a-mrazive\/","title":{"rendered":"T\u0159i a p\u016fl roku vl\u00e1dy Petra Fialy. Horor v p\u0159\u00edm\u00e9m p\u0159enosu. Statistiky mluv\u00ed jasn\u011b. A mraziv\u011b"},"content":{"rendered":"<div id=\"fb-root\"><\/div>\n<p>Nepamatuji si, \u017ee by n\u011bkdy za cel\u00fd m\u016fj \u017eivot byla v \u010cR u moci parti\u010dka,\u00a0<strong>kter\u00e1 by byla v\u00edce opovrhov\u00e1na a nen\u00e1vid\u011bna<\/strong>. A p\u0159esto se usm\u00edvaj\u00ed na tiskov\u00fdch konferenc\u00edch a p\u0159edvolebn\u00edch akc\u00edch. Mluv\u00ed o \u00fasp\u011b\u0161\u00edch, reform\u00e1ch, evropsk\u00e9 odpov\u011bdnosti. Jen\u017ee kdy\u017e v jednom t\u00fddnu padne \u010dty\u0159icet firem a o pr\u00e1ci p\u0159ijdou stovky lid\u00ed, nen\u00ed co slavit. Nen\u00ed \u010d\u00edm se chlubit. Leda snad, \u017ee se \u010desk\u00fd st\u00e1t nau\u010dil vypl\u00e1cet podporu v nezam\u011bstnanosti rychleji. Bravo.<span id=\"more-58207\"><\/span><\/p>\n<p><em>Mil\u00fd Bl\u00fd\u0161tiv\u00fd P\u00e9\u0165o,<\/em><\/p>\n<p>\u010dt\u011bte, pros\u00edm, pozorn\u011b. Zde je stru\u010dn\u00fd p\u0159ehled v\u00fdsledk\u016f Va\u0161\u00ed vl\u00e1dy. Ano, p\u0159esn\u011b t\u00edmto se dnes chlub\u00edte. Tohle jsou fakta, kter\u00e1 prezentujete jako \u00fasp\u011bch. Jen\u017ee ona vypadaj\u00ed sp\u00ed\u0161 jako rozklad.<\/p>\n<p>P\u0159edstavte si tichou ulici. Jeden kr\u00e1m zav\u0159en\u00fd, druh\u00fd zhasl sv\u011btla, t\u0159et\u00ed m\u00e1 na dve\u0159\u00edch v\u00fdv\u011bsku \u201eZ d\u016fvodu ukon\u010den\u00ed \u010dinnosti\u2026\u201c. Jdete d\u00e1l. Ticho. Jen v\u00edtr mezi v\u00fdlohami, kter\u00e9 kdysi d\u00fdchaly \u017eivotem. A pak si uv\u011bdom\u00edte, \u017ee to nen\u00ed ulice z apokalyptick\u00e9ho filmu. To je realita. \u010cesk\u00e1 republika v roce 2025.<\/p>\n<p>T\u0159i a p\u016fl roku Va\u0161\u00ed vl\u00e1dy. T\u0159i a p\u016fl roku, kdy jste mluvil o odpov\u011bdnosti, modernizaci, investic\u00edch, stabilit\u011b. A skute\u010dnost? Sp\u00ed\u0161 by se hodilo slovo zmar.<\/p>\n<p>Statistiky mluv\u00ed jasn\u011b. A mraziv\u011b.<\/p>\n<h3>Po\u010det firemn\u00edch bankrot\u016f od roku 2021? P\u0159es 3 600.<\/h3>\n<p>2021: 730 firem skon\u010dilo<br \/>\n2022: 686 dal\u0161\u00edch<br \/>\n2023: 651<br \/>\n2024: op\u011bt 686<br \/>\n2025 (1. \u010dtvrtlet\u00ed): Lavina, 1 542 podnikatel\u016f zbankrotovalo. A to jsme teprve na za\u010d\u00e1tku roku.<\/p>\n<p>To nejsou \u010d\u00edsla z n\u011bjak\u00e9 vzd\u00e1len\u00e9 krize. To je sou\u010dasnost. Za ka\u017ed\u00fdm \u010d\u00edslem je skute\u010dn\u00fd \u010dlov\u011bk. Rodina. Sen, kter\u00fd se rozpadl. Tov\u00e1rna, kter\u00e1 zav\u0159ela vrata. Obchod, kter\u00fd p\u0159estal vyd\u011bl\u00e1vat. Tohle je ekonomick\u00fd poh\u0159ebn\u00ed pr\u016fvod.<\/p>\n<h3>A co nezam\u011bstnanost?<\/h3>\n<p>2021: 3 procenta, je\u0161t\u011b stabiln\u00ed<br \/>\n2022: 2,8 procenta, vypadalo to nad\u011bjn\u011b<br \/>\n2023: 2,6 procenta, posledn\u00ed z\u00e1van optimismu<br \/>\n2024: skok na 4,1 procenta v prosinci<br \/>\n2025 (leden): 4,3 procenta. Nejv\u00edce od roku 2017, pokud vynech\u00e1me covid.<\/p>\n<p>V lednu 2025 je na \u00fa\u0159adech pr\u00e1ce registrov\u00e1no 320 516 lid\u00ed bez pr\u00e1ce. T\u0159etina milionu. To u\u017e nen\u00ed n\u00e1hoda. To je trend. A ne ten, kter\u00fd by cht\u011bl kdokoliv vid\u011bt.<\/p>\n<h3>Vyhlazov\u00e1n\u00ed st\u0159edn\u00ed t\u0159\u00eddy. Z\u00e1m\u011br nebo neschopnost?<\/h3>\n<p>Vl\u00e1da slibovala pomoc podnikatel\u016fm a mal\u00fdm firm\u00e1m. M\u00edsto toho je sv\u00fdmi rozhodnut\u00edmi systematicky likviduje. M\u00edsto aby chr\u00e1nila dom\u00e1c\u00ed v\u00fdrobce a \u017eivnostn\u00edky, nech\u00e1v\u00e1 trh zaplavovat levn\u00fdm dovozem, drt\u00ed je dan\u011bmi, byrokraci\u00ed a nulovou podporou. St\u0159edn\u00ed t\u0159\u00edda, p\u00e1te\u0159 t\u00e9to zem\u011b, je odstavena na vedlej\u0161\u00ed kolej.<\/p>\n<p>Zat\u00edmco velk\u00e9 firmy pob\u00edraj\u00ed dotace a zahrani\u010dn\u00ed investo\u0159i da\u0148ov\u00e9 pr\u00e1zdniny, \u010desk\u00fd \u0159emesln\u00edk, obchodn\u00edk nebo mal\u00fd podnikatel bojuje o p\u0159e\u017eit\u00ed. A \u010dasto marn\u011b.<\/p>\n<h3>A te\u010f to hlavn\u00ed. Dluh.<\/h3>\n<p>Rok 2021: st\u00e1tn\u00ed dluh 2,2 bilionu korun<br \/>\nRok 2024: u\u017e p\u0159es 3,3 bilionu korun<br \/>\nDeficit st\u00e1tn\u00edho rozpo\u010dtu jen za rok 2024: 288 miliard korun<br \/>\nPl\u00e1novan\u00fd schodek na rok 2025: dal\u0161\u00edch 252 miliard<\/p>\n<p>To znamen\u00e1, \u017ee\u00a0<strong>ka\u017edou sekundu nar\u016fst\u00e1 dluh t\u00e9to zem\u011b o v\u00edce ne\u017e 8 000 korun<\/strong>. A p\u0159itom se ob\u010dan nept\u00e1: Kde je ten bal\u00edk pen\u011bz? Pro\u010d nejsou nov\u00e9 nemocnice? Pro\u010d nejsou d\u016fstojn\u00e9 d\u016fchody? Pro\u010d nejsou \u010desk\u00e9 firmy zachra\u0148ov\u00e1ny jako v N\u011bmecku nebo Francii?<\/p>\n<p>Odpov\u011b\u010f je jednoduch\u00e1. Proto\u017ee pen\u00edze te\u010dou jinam. Ne k \u010desk\u00e9mu lidu, ne k \u010desk\u00fdm podnik\u016fm, ale do zahrani\u010d\u00ed, na zbrojen\u00ed, na \u201esolidaritu\u201c, kter\u00e1 je dobr\u00e1 jen na pap\u00ed\u0159e a v Bruselu.<\/p>\n<h3>Vy slav\u00edte. Lid\u00e9 padaj\u00ed.<\/h3>\n<p>A p\u0159esto se usm\u00edv\u00e1te na tiskov\u00fdch konferenc\u00edch. Mluv\u00edte o \u00fasp\u011b\u0161\u00edch, reform\u00e1ch, evropsk\u00e9 odpov\u011bdnosti. Jen\u017ee kdy\u017e v jednom t\u00fddnu padne \u010dty\u0159icet firem a o pr\u00e1ci p\u0159ijdou stovky lid\u00ed, nen\u00ed co slavit. Nen\u00ed \u010d\u00edm se chlubit. Leda snad, \u017ee \u010desk\u00fd st\u00e1t se nau\u010dil vypl\u00e1cet podporu v nezam\u011bstnanosti rychleji. Bravo.<\/p>\n<h3>P\u0159\u00edzrak budoucnosti?<\/h3>\n<p>Jestli toto m\u00e1 b\u00fdt \u201eodpov\u011bdn\u00e1 vl\u00e1da rozpo\u010dtov\u00e9 odpov\u011bdnosti\u201c, pak si rad\u011bji p\u0159edstavme, jak by vypadala ta nezodpov\u011bdn\u00e1. Mo\u017en\u00e1 by alespo\u0148 p\u0159iznala, \u017ee m\u00e1me probl\u00e9m. Mo\u017en\u00e1 by m\u00edsto zbran\u00ed na Ukrajinu poslala pen\u00edze \u010desk\u00fdm firm\u00e1m. Mo\u017en\u00e1 by m\u00edsto slib\u016f za\u010dala \u0159e\u0161it realitu.<\/p>\n<p>Ale te\u010f? Te\u010f jen sledujeme, jak se podnikatelsk\u00e9 \u010cesko m\u011bn\u00ed v ekonomick\u00fd h\u0159bitov. Ticho. Konec. A nikde \u017e\u00e1dn\u00e9 \u201eD\u011bkujeme, odejd\u011bte\u201c. Jen neviditeln\u00fd n\u00e1pis: Zde zem\u0159ela d\u016fv\u011bra. [<a href=\"https:\/\/www.facebook.com\/daniel.d.krajca\/posts\/24181275504789870\" target=\"_blank\" rel=\"noopener\">zdroj<\/a>]<\/p>\n<h2><strong>\u010cek\u00e1te na apokalypsu?\u00a0Pro\u010d?\u00a0\u017dijeme ji.<\/strong><\/h2>\n<p>Nepamatuji si, \u017ee by n\u011bkdy za cel\u00fd m\u016fj \u017eivot byla v \u010cR u moci parti\u010dka, kter\u00e1 by byla v\u00edce opovrhov\u00e1na a nen\u00e1vid\u011bna.<\/p>\n<p>Nen\u00ed divu!<\/p>\n<p>Naprosto ok\u00e1zale pracuje proti z\u00e1jm\u016fm \u010desk\u00fdch ob\u010dan\u016f a rozs\u00e1hl\u00e9 rozkr\u00e1da\u010dky jsou vlastn\u011b t\u011bmi nejmen\u0161\u00edmi \u0161kodami, kter\u00e9 p\u016fsob\u00ed.<\/p>\n<p>U\u010dinili n\u00e1s sm\u011b\u0161n\u00fdmi a trapn\u00fdmi v o\u010d\u00edch sv\u011bta, rozbili dlouh\u00e1 l\u00e9ta budovan\u00e9 vztahy a zcela rozkl\u00ed\u017eili \u010deskou spole\u010dnost.<\/p>\n<p>Norm\u00e1ln\u00edm se stalo vyhazovan\u00ed z pr\u00e1ce a v\u011bzn\u011bn\u00ed za n\u00e1zor, st\u00e1tem p\u0159ehl\u00ed\u017een\u00e1 outsourcovan\u00e1 \u0161ikana, \u00fa\u010delov\u00e9 zneu\u017e\u00edv\u00e1n\u00ed pr\u00e1va a arogantn\u00ed v\u00fdsm\u011bch recidivist\u016f, kte\u0159\u00ed stoj\u00ed na t\u00e9 \u201espr\u00e1vn\u00e9\u201c stran\u011b.<\/p>\n<p>Z\u00e1kony \u201ejak pro koho\u201c a jak kdy\u201c a to zcela otev\u0159en\u011b.<\/p>\n<p><strong>\u017dijeme v zemi, kterou jsem si neum\u011bl p\u0159edstavit ani v nejhor\u0161\u00edch snech.<\/strong><\/p>\n<p>Tito lid\u00e9 by v\u016fbec nem\u011bli kandidovat ve volb\u00e1ch, ale m\u011bli by pouze p\u0159em\u00fd\u0161let nad t\u00edm, jestli skon\u010d\u00ed ve v\u011bzen\u00ed na do\u017eivot\u00ed, nebo je bude soudit s\u00e1m velk\u00fd soudce Lyn\u010d.<\/p>\n<p>\u010cek\u00e1te na apokalypsu?<\/p>\n<p>Pro\u010d?<\/p>\n<p>\u017dijeme ji. [<a href=\"https:\/\/www.facebook.com\/jiri.satanek.3\/posts\/3118930534940639\" target=\"_blank\" rel=\"noopener\">zdroj<\/a>]<\/p>\n<p><span style=\"font-size: 10pt;\"><a href=\"https:\/\/www.nespokojeny.cz\/tri-a-pul-roku-vlady-petra-fialy-horor-v-primem-prenosu-statistiky-mluvi-jasne-a-mrazive\/\">NESPOKOJEN\u00dd<\/a><\/span><\/p>\n<p>&nbsp;<\/p>\n","protected":false},"excerpt":{"rendered":"<p>Nepamatuji si, \u017ee by n\u011bkdy za cel\u00fd m\u016fj \u017eivot byla v \u010cR u moci parti\u010dka,\u00a0kter\u00e1&#8230;<\/p>\n","protected":false},"author":2,"featured_media":75541,"comment_status":"closed","ping_status":"closed","sticky":false,"template":"","format":"standard","meta":[],"categories":[6],"tags":[1042,59,371,535,99],"_links":{"self":[{"href":"https:\/\/www.infokuryr.cz\/n\/wp-json\/wp\/v2\/posts\/79729"}],"collection":[{"href":"https:\/\/www.infokuryr.cz\/n\/wp-json\/wp\/v2\/posts"}],"about":[{"href":"https:\/\/www.infokuryr.cz\/n\/wp-json\/wp\/v2\/types\/post"}],"author":[{"embeddable":true,"href":"https:\/\/www.infokuryr.cz\/n\/wp-json\/wp\/v2\/users\/2"}],"replies":[{"embeddable":true,"href":"https:\/\/www.infokuryr.cz\/n\/wp-json\/wp\/v2\/comments?post=79729"}],"version-history":[{"count":1,"href":"https:\/\/www.infokuryr.cz\/n\/wp-json\/wp\/v2\/posts\/79729\/revisions"}],"predecessor-version":[{"id":79730,"href":"https:\/\/www.infokuryr.cz\/n\/wp-json\/wp\/v2\/posts\/79729\/revisions\/79730"}],"wp:featuredmedia":[{"embeddable":true,"href":"https:\/\/www.infokuryr.cz\/n\/wp-json\/wp\/v2\/media\/75541"}],"wp:attachment":[{"href":"https:\/\/www.infokuryr.cz\/n\/wp-json\/wp\/v2\/media?parent=79729"}],"wp:term":[{"taxonomy":"category","embeddable":true,"href":"https:\/\/www.infokuryr.cz\/n\/wp-json\/wp\/v2\/categories?post=79729"},{"taxonomy":"post_tag","embeddable":true,"href":"https:\/\/www.infokuryr.cz\/n\/wp-json\/wp\/v2\/tags?post=79729"}],"curies":[{"name":"wp","href":"https:\/\/api.w.org\/{rel}","templated":true}]}}