{"id":79708,"date":"2025-05-27T00:16:48","date_gmt":"2025-05-26T22:16:48","guid":{"rendered":"https:\/\/www.infokuryr.cz\/n\/?p=79708"},"modified":"2025-05-26T17:13:22","modified_gmt":"2025-05-26T15:13:22","slug":"ondrej-prokop-fiala-asi-zesilel-miliardy-na-astronauty-do-kosmu-hraje-si-na-svetoveho-lidra","status":"publish","type":"post","link":"https:\/\/www.infokuryr.cz\/n\/2025\/05\/27\/ondrej-prokop-fiala-asi-zesilel-miliardy-na-astronauty-do-kosmu-hraje-si-na-svetoveho-lidra\/","title":{"rendered":"Ond\u0159ej Prokop: Fiala asi ze\u0161\u00edlel. Miliardy na astronauty do kosmu? Hraje si na sv\u011btov\u00e9ho l\u00eddra?"},"content":{"rendered":"<div id=\"fb-root\"><\/div>\n<p>Fiala u\u017e asi ze\u0161\u00edlel. Vl\u00e1da schv\u00e1lila miliardy K\u010d na vysl\u00e1n\u00ed \u010desk\u00fdch astronaut\u016f do vesm\u00edru. Chce premi\u00e9r fakt d\u011blat z \u010ceska kosmickou velmoc? Je tohle te\u010f ta priorita? Nejsou pen\u00edze na d\u016fchody, dostupn\u00e9 bydlen\u00ed, \u0161kolstv\u00ed, ale hlavn\u011b, \u017ee si budeme hr\u00e1t na sv\u011btovou mocnost.<\/p>\n<p>\ud83d\udc49 U\u017e asi ch\u00e1peme, pro\u010d vl\u00e1da chce 5 % HDP na arm\u00e1du. Jak objevili novin\u00e1\u0159i, ministerstvo obrany investuje stovky milion\u016f K\u010d do p\u0159edra\u017een\u00fdch obrn\u011bnc\u016f a vojensk\u00e9 techniky. &#8222;Ka\u017ed\u00fd kus o 100 milion\u016f dr\u00e1\u017e ne\u017e p\u0159ed \u0161esti lety,&#8220; psalo se na Novink\u00e1ch. Tak\u017ee v\u00e1m pen\u00edze seberou, zbroja\u0159sk\u00fdm korporac\u00edm zase kr\u00e1sn\u011b p\u0159idaj\u00ed.<\/p>\n<p>\ud83d\udc49 &#8222;N\u00e1sledky Barto\u0161ovy digitalizace: Bylo vyd\u00e1no nejm\u00e9n\u011b stavebn\u00edch povolen\u00ed za posledn\u00edch 26 let,&#8220; objevilo se v m\u00e9di\u00edch. Z toho jsem opravdu stra\u0161n\u011b zklaman\u00fd. \u010cesko pat\u0159\u00ed k zem\u00edm s nejhor\u0161\u00ed dostupnost\u00ed bydlen\u00ed a to, co se tu odehr\u00e1lo lo\u0148sk\u00fd rok, celou situaci je\u0161t\u011b hodn\u011b zhor\u0161ilo. ANO p\u0159itom u\u017e d\u0159\u00edve p\u0159ipravilo nov\u00fd stavebn\u00ed z\u00e1kon, kter\u00fd mohl stavitelstv\u00ed d\u00e1vno odblokovat, ale Pir\u00e1ti s ODS ho rad\u0161i spl\u00e1chli.<\/p>\n<p>\ud83d\udc49 &#8222;Von der Leyen bude urychlen\u011b \u0159e\u0161it situaci ohledn\u011b Dukovan,&#8220; uvedl prezident. Tak\u017ee \u010dty\u0159koalice tu zp\u016fsobila obrovsk\u00fd pr\u016f\u0161vih, kter\u00fd nen\u00ed schopn\u00e1 sama vy\u0159e\u0161it, a mus\u00ed si na pomoc p\u0159izvat Brusel? Velmi smutn\u00e9.<\/p>\n<p>\ud83d\udc49 Ministr Bla\u017eek usp\u011bl v sout\u011b\u017ei Pr\u00e1vn\u00edk roku za p\u0159\u00ednos \u010desk\u00e9 justici. Tak to je v\u00fdsm\u011bch. P\u0159ipome\u0148me: &#8222;Bla\u017eek se zbavil nepohodln\u00e9ho oznamovatele (korupce), kter\u00fd upozor\u0148oval na praktiky sponzora ODS,&#8220; jak psala m\u00e9dia vloni. Podle n\u011bkter\u00fdch m\u011bl b\u00fdt Bla\u017eek u\u017e d\u00e1vno odvol\u00e1n za pochybn\u00e9 machinace, ale ne. Naopak mu daj\u00ed je\u0161t\u011b ocen\u011bn\u00ed.<\/p>\n<p>\ud83d\udc49 Kocourkov jm\u00e9nem \u010cesk\u00e1 republika pod Petrem Fialou ale pokra\u010duje d\u00e1l. V \u010dl\u00e1nku &#8222;Jak lobbist\u00e9 zlobbovali z\u00e1kon o lobbingu&#8220; na Seznam Zpr\u00e1v\u00e1ch hezky vysv\u011btlili, jak pochybn\u00fdm zp\u016fsobem vl\u00e1da zm\u011bnila z\u00e1kon tak, \u017ee uvolnila ruce r\u016fzn\u00fdm mocensk\u00fdm skupin\u00e1m v ovliv\u0148ov\u00e1n\u00ed z\u00e1konod\u00e1rstv\u00ed. To se m\u016f\u017ee st\u00e1t jen u n\u00e1s.<\/p>\n<p>\ud83d\udc49 Pir\u00e1t H\u0159ib dosadil do Dopravn\u00edho podniku na pozici bezpe\u010dnostn\u00edho \u0159editele \u010dlov\u011bka, kter\u00fd byl opakovan\u011b chycen polici\u00ed &#8211; jednou p\u0159i j\u00edzd\u011b v opilosti po d\u00e1lnici, podruh\u00e9 p\u0159i j\u00edzd\u011b 140 km\/h v m\u00edst\u011b, kde je 80ka. Po\u017eadovali jsme, aby se v\u00fdb\u011br tohoto \u0159editele p\u0159ezkoumal, ale p\u011btikoalice v Praze si ho udr\u017eela. Nesl\u00fdchan\u00e9.<\/p>\n<p>\ud83d\udc49 &#8222;V Praze u\u017e se ne\u017eije blaze. Drah\u00e9 bydlen\u00ed sr\u00e1\u017e\u00ed \u017eivotn\u00ed \u00farove\u0148 a mlad\u00ed se st\u011bhuj\u00ed pry\u010d,&#8220; psalo se na iDnesu. Pamatujete, jak H\u0159ib s Barto\u0161em slibovali postavit deset tis\u00edc byt\u016f? Nepostavili \u017e\u00e1dn\u00fd, p\u0159esto\u017ee utratili stovky milion\u016f za r\u016fzn\u00e9 anal\u00fdzy, projekty, ale i chleb\u00ed\u010dky a poho\u0161t\u011bn\u00ed a dal\u0161\u00ed nesmysly. Z m\u011bstsk\u00e9ho bytov\u00e9ho fondu se naopak p\u0159es 500 byt\u016f ztratilo.<\/p>\n<p>\ud83d\udc49 Jak reaguje Praha na katastrof\u00e1ln\u00ed nedostatek m\u00edst na \u0161kol\u00e1ch? Prost\u011b nafouknou t\u0159\u00eddy a pust\u00ed do nich v\u00edce \u017e\u00e1k\u016f. Tak\u017ee m\u00edsto, aby koalice u\u017e d\u00e1vno reagovala na na\u0161e v\u00fdzvy (varujeme p\u0159ed t\u00edm cel\u00e9 roky!), tak to cht\u011bj\u00ed \u0159e\u0161it takhle? P\u0159em\u00fd\u0161l\u00ed v\u016fbec o tom, jak asi klesne kvalita vzd\u011bl\u00e1n\u00ed d\u011bt\u00ed?<\/p>\n<p>\ud83d\udc49 Praha kolabuje a H\u0159ib si m\u00edsto \u0159e\u0161en\u00ed dopravy jezd\u00ed d\u011blat kampa\u0148 po republice. J\u00edzdn\u00e9 v hromadn\u00e9 doprav\u011b po st\u0159edn\u00edch \u010cech\u00e1ch a Praze nav\u00edc te\u010f zdra\u017e\u00ed o t\u0159etinu, tak\u017ee se d\u00e1 o\u010dek\u00e1vat, \u017ee se aut do m\u011bsta nahrne je\u0161t\u011b v\u00edc. Co to asi zp\u016fsob\u00ed, kdy\u017e Pir\u00e1ti zat\u00edm ned\u011blaj\u00ed nic jin\u00e9ho, ne\u017e v\u0161ude zu\u017euj\u00ed dopravn\u00ed pruhy a vytv\u00e1\u0159\u00ed \u0161punty?<\/p>\n<p>To v\u0161e a mnohem v\u00edc se dozv\u00edte ve 134. d\u00edlu m\u00e9ho politick\u00e9ho podcastu. D\u011bkuji v\u00e1m p\u0159edem za zhl\u00e9dnut\u00ed a pros\u00edm o dal\u0161\u00ed sd\u00edlen\u00ed, a\u0165 se pravdu dozv\u00ed co nejv\u00edc lid\u00ed! T\u011b\u0161\u00edm se na dotazy i koment\u00e1\u0159e!<\/p>\n<p><iframe loading=\"lazy\" title=\"Fiala asi ze\u0161\u00edlel. Miliardy na astronauty do kosmu? Hraje si na sv\u011btov\u00e9ho l\u00eddra? | \u010cau Praho #134\" width=\"640\" height=\"360\" src=\"https:\/\/www.youtube.com\/embed\/MqIR78T-ofs?feature=oembed\" frameborder=\"0\" allow=\"accelerometer; autoplay; clipboard-write; encrypted-media; gyroscope; picture-in-picture; web-share\" referrerpolicy=\"strict-origin-when-cross-origin\" allowfullscreen><\/iframe><\/p>\n<p><strong>Ing. Ond\u0159ej Prokop<\/strong><\/p>\n<p>&nbsp;<\/p>\n<p>&nbsp;<\/p>\n","protected":false},"excerpt":{"rendered":"<p>Fiala u\u017e asi ze\u0161\u00edlel. Vl\u00e1da schv\u00e1lila miliardy K\u010d na vysl\u00e1n\u00ed \u010desk\u00fdch astronaut\u016f do vesm\u00edru. Chce&#8230;<\/p>\n","protected":false},"author":2,"featured_media":67844,"comment_status":"closed","ping_status":"closed","sticky":false,"template":"","format":"standard","meta":[],"categories":[6],"tags":[1503,535,122,889],"_links":{"self":[{"href":"https:\/\/www.infokuryr.cz\/n\/wp-json\/wp\/v2\/posts\/79708"}],"collection":[{"href":"https:\/\/www.infokuryr.cz\/n\/wp-json\/wp\/v2\/posts"}],"about":[{"href":"https:\/\/www.infokuryr.cz\/n\/wp-json\/wp\/v2\/types\/post"}],"author":[{"embeddable":true,"href":"https:\/\/www.infokuryr.cz\/n\/wp-json\/wp\/v2\/users\/2"}],"replies":[{"embeddable":true,"href":"https:\/\/www.infokuryr.cz\/n\/wp-json\/wp\/v2\/comments?post=79708"}],"version-history":[{"count":0,"href":"https:\/\/www.infokuryr.cz\/n\/wp-json\/wp\/v2\/posts\/79708\/revisions"}],"wp:featuredmedia":[{"embeddable":true,"href":"https:\/\/www.infokuryr.cz\/n\/wp-json\/wp\/v2\/media\/67844"}],"wp:attachment":[{"href":"https:\/\/www.infokuryr.cz\/n\/wp-json\/wp\/v2\/media?parent=79708"}],"wp:term":[{"taxonomy":"category","embeddable":true,"href":"https:\/\/www.infokuryr.cz\/n\/wp-json\/wp\/v2\/categories?post=79708"},{"taxonomy":"post_tag","embeddable":true,"href":"https:\/\/www.infokuryr.cz\/n\/wp-json\/wp\/v2\/tags?post=79708"}],"curies":[{"name":"wp","href":"https:\/\/api.w.org\/{rel}","templated":true}]}}