{"id":79704,"date":"2025-05-27T00:24:10","date_gmt":"2025-05-26T22:24:10","guid":{"rendered":"https:\/\/www.infokuryr.cz\/n\/?p=79704"},"modified":"2025-05-26T17:04:34","modified_gmt":"2025-05-26T15:04:34","slug":"policie-se-pta-rodicu-jak-zemrela-dvojcata-tyden-po-trech-vakcinach","status":"publish","type":"post","link":"https:\/\/www.infokuryr.cz\/n\/2025\/05\/27\/policie-se-pta-rodicu-jak-zemrela-dvojcata-tyden-po-trech-vakcinach\/","title":{"rendered":"Policie se pt\u00e1 rodi\u010d\u016f, jak zem\u0159ela dvoj\u010data t\u00fdden po t\u0159ech vakc\u00edn\u00e1ch"},"content":{"rendered":"<div id=\"fb-root\"><\/div>\n<div class=\"elementor-element elementor-element-1fb4c2c elementor-widget elementor-widget-theme-post-content\" data-id=\"1fb4c2c\" data-element_type=\"widget\" data-widget_type=\"theme-post-content.default\">\n<div class=\"elementor-widget-container\">\n<p><span>1. kv\u011btna na\u0161la Andrea Shawov\u00e1 sv\u00e1 18m\u011bs\u00ed\u010dn\u00ed dvoj\u010data Dallase a Tysona mrtv\u00e1 v jejich posteli. Pouh\u00fdch osm dn\u00ed p\u0159edt\u00edm, 23. dubna, byli o\u010dkov\u00e1ni proti hepatitid\u011b A, ch\u0159ipce a z\u00e1\u0161krtu, tetanu a \u010dern\u00e9mu ka\u0161li.<\/span><\/p>\n<p><span>Andrea pediatrovi v\u00fdslovn\u011b \u0159ekla, \u017ee v rodin\u011b jej\u00edho otce se vyskytly alergick\u00e9 reakce na vakc\u00ednu proti ch\u0159ipce. Ale doktor to odm\u00edtl: \u201eJe to v po\u0159\u00e1dku.\u201c Sest\u0159i\u010dky stejn\u011b d\u011bti o\u010dkovaly.<\/span><\/p>\n<p><span>Rodina \u017eije v Payette v Idahu. Otec, Nathaniel, byl v den smrti d\u011bt\u00ed v pr\u00e1ci. Jak batolata zem\u0159ela, z\u016fst\u00e1v\u00e1 nejasn\u00e9 \u2013 bylo zah\u00e1jeno vy\u0161et\u0159ov\u00e1n\u00ed vra\u017edy, co\u017e je podle policie obvykl\u00fd postup v p\u0159\u00edpadech nejasn\u00fdch p\u0159\u00ed\u010din smrti. \u010cek\u00e1 se na pitevn\u00ed vy\u0161et\u0159en\u00ed a tak\u00e9 na v\u00fdsledky toxikologick\u00e9ho vy\u0161et\u0159en\u00ed.<\/span><\/p>\n<p><span>Rodi\u010de \u2013 podle mluv\u010d\u00edho \u201enesm\u00edrn\u011b zdrcen\u00ed\u201c \u2013 podali hl\u00e1\u0161en\u00ed u Syst\u00e9mu hl\u00e1\u0161en\u00ed ne\u017e\u00e1douc\u00edch \u00fa\u010dink\u016f vakc\u00edn (VAERS).<\/span><\/p>\n<h3 class=\"wp-block-heading\"><span>\u201eByla to norm\u00e1ln\u00ed, \u0161\u0165astn\u00e1 miminka\u201c<\/span><\/h3>\n<p><span>V rozhovoru s\u00a0<\/span><strong><span>Polly Tommeyovou<\/span><\/strong><span>\u00a0z\u00a0<\/span><em><span>televizn\u00ed stanice Children&#8217;s Health Defense<\/span><\/em><span>\u00a0popsali Andrea a Nathaniel posledn\u00ed dny p\u0159ed smrt\u00ed sv\u00fdch d\u011bt\u00ed. Tommey mluvil s rodi\u010di dvoj\u010dat pouh\u00e9 t\u0159i dny po jejich smrti.<\/span><\/p>\n<p><span>\u201eTohle je opravdu, opravdu t\u011b\u017ek\u00e9,\u201c \u0159ekla.<\/span><\/p>\n<p><span>Dallas a Tyson se narodili p\u0159ed\u010dasn\u011b, ale na prohl\u00eddce v 18 m\u011bs\u00edc\u00edch byli zdrav\u00ed, \u0161\u0165astn\u00ed, schopni l\u00e9zt, chodit a mluvit p\u00e1r slov \u2013 \u201emami\u201c, \u201etati\u201c a jejich d\u011bde\u010dek jim l\u00e1skypln\u011b \u0159\u00edkal \u201eBagumpagump\u201c.<\/span><\/p>\n<p><span>Ji\u017e d\u0159\u00edve podstoupili o\u010dkov\u00e1n\u00ed. Ale tentokr\u00e1t Andrea a jej\u00ed tchyn\u011b vyj\u00e1d\u0159ily obavy \u2013 kv\u016fli o\u010dkov\u00e1n\u00ed proti ch\u0159ipce a alergick\u00fdm reakc\u00edm v rodin\u011b jej\u00edho otce.<\/span><\/p>\n<p><span>Pediatr to odm\u00edtl: \u201eBudou v po\u0159\u00e1dku.\u201c \u017d\u00e1dn\u00e9 dal\u0161\u00ed vysv\u011btlen\u00ed.<\/span><\/p>\n<p><span>Dallas a Tyson pak dostali t\u0159i o\u010dkov\u00e1n\u00ed b\u011bhem jedin\u00e9ho dne. Doma vypadali unaven\u011b, ale zpo\u010d\u00e1tku byli v dobr\u00e9 kondici.<\/span><\/p>\n<h3 class=\"wp-block-heading\"><span>\u201eVypadaj\u00ed, jako by um\u00edrali\u201c<\/span><\/h3>\n<p><span>Druh\u00fd den r\u00e1no byli letargi\u010dt\u00ed, m\u011bli namodral\u00e9 rty a pr\u016fjem. Tyson si lehl na podlahu v ob\u00fdvac\u00edm pokoji a u\u017e nevstal. Dallas se dot\u00e1hla k matce.<\/span><\/p>\n<p><span>Andrea zavolala sv\u00e9 tchyni \u2013 ob\u011b odvezly dvoj\u010data na pohotovost. L\u00e9ka\u0159i ji vy\u0161et\u0159ili jen povrchn\u011b. Kdy\u017e se Andrea zm\u00ednila o o\u010dkov\u00e1n\u00ed, doktor \u0159ekl: \u201eJ\u00e9\u00e9&#8230; to by mohly b\u00fdt vedlej\u0161\u00ed \u00fa\u010dinky.\u201c<\/span><\/p>\n<p><span>D\u011bti dostaly Tylenol a nanuk. Pokud to sn\u011bdli bez zvracen\u00ed, mohli j\u00edt dom\u016f \u2013 co\u017e tak\u00e9 ud\u011blali.<\/span><\/p>\n<p><span>Ale z\u016fstali vy\u010derpan\u00ed a nad\u00e1le m\u011bli pr\u016fjem. Tyson n\u011bkolikr\u00e1t zvracel.<\/span><\/p>\n<p><span>Nathaniel, kdy\u017e se vracel z pr\u00e1ce dom\u016f, jen st\u011b\u017e\u00ed mohl uv\u011b\u0159it, \u017ee jeho \u010dil\u00e9 d\u011bti u\u017e za den \u201evypadaly, jako by m\u011bly um\u0159\u00edt\u201c.<\/span><\/p>\n<h3 class=\"wp-block-heading\"><span>L\u00e9ka\u0159 doporu\u010dil dietu BRAT \u2013 pak se to na kr\u00e1tkou dobu zd\u00e1lo lep\u0161\u00ed.<\/span><\/h3>\n<p><span>30. dubna Andrea znovu volala pediatrovi. Zdravotn\u00ed sestra doporu\u010dila dietu BRAT (ban\u00e1ny, r\u00fd\u017ee, jable\u010dn\u00e9 pyr\u00e9, toast). To byl jedin\u00fd den, kdy se d\u011bti na kr\u00e1tkou dobu c\u00edtily l\u00e9pe: pily, jedly, pov\u00eddaly si, hr\u00e1ly si.<\/span><\/p>\n<p><span>Spali ve spole\u010dn\u00e9 posteli \u2013 co\u017e je podle Andrey l\u00e9ka\u0159sky doporu\u010den\u00fd zvyk pro dvoj\u010data: \u201ePokud je jeden nemocn\u00fd, druh\u00fd ho svou bl\u00edzkost\u00ed uzdrav\u00ed.\u201c<\/span><\/p>\n<h3 class=\"wp-block-heading\"><span>\u201eJe mi l\u00edto, ale va\u0161e d\u011bti jsou mrtv\u00e9.\u201c<\/span><\/h3>\n<p><span>Prvn\u00edho kv\u011btna Andrea nesly\u0161ela z d\u011btsk\u00e9ho pokoje \u017e\u00e1dn\u00fd zvuk. Pod\u00edvala se \u2013 Dallas a Tyson le\u017eeli nehybn\u011b, jako obvykle na b\u0159i\u0161e.<\/span><\/p>\n<p><span>Kdy\u017e se Tysona dotkla, byl studen\u00fd. Oto\u010dila ho a b\u011b\u017eela k telefonu. Dallas byl tak\u00e9 bez \u017eivota.<\/span><\/p>\n<p><span>Dorazila policie. Kdy\u017e se Tommey zeptal, jak se k n\u00ed policie chovala, Nathaniel odpov\u011bd\u011bl: \u201eS maxim\u00e1ln\u00ed ztr\u00e1tou respektu.\u201c<\/span><\/p>\n<p><span>M\u00edsto toho, aby jim byl poskytnut \u010das na truchlen\u00ed, okam\u017eit\u011b za\u010dal v\u00fdslech \u2013 kv\u016fli podez\u0159en\u00ed, \u017ee jeden z rodi\u010d\u016f mohl d\u011bti zab\u00edt.<\/span><\/p>\n<p><span>Postavili se proti sob\u011b: \u201eMysl\u00ed\u0161, \u017ee to byla ona?\u201c \u2013 \u201eMo\u017en\u00e1 on?\u201c Policie Andree zabavila telefon \u2013 nemohla ani zavolat Nathanielovi.<\/span><\/p>\n<p><span>Majitel zavolal Nathanielovi: \u201eV\u00e1\u0161 byt je obehn\u00e1n policejn\u00ed p\u00e1skou.\u201c Kdy\u017e se pokusil dovolat Andree \u2013 \u017e\u00e1dn\u00e9 spojen\u00ed. Nakonec usly\u0161el od policisty na telefonu sv\u00e9 matky: \u201eJe mi l\u00edto, va\u0161e d\u011bti jsou mrtv\u00e9.\u201c<\/span><\/p>\n<h3 class=\"wp-block-heading\"><span>Vy\u0161et\u0159ov\u00e1n\u00ed vra\u017edy \u2013 podez\u0159en\u00ed z udu\u0161en\u00ed<\/span><\/h3>\n<p><span>Policie zah\u00e1jila vy\u0161et\u0159ov\u00e1n\u00ed vra\u017edy. B\u011bhem dal\u0161\u00edho v\u00fdslechu bylo Andree \u0159e\u010deno, \u017ee existuje podez\u0159en\u00ed na udu\u0161en\u00ed \u2013 v d\u016fsledku v\u00fdpadku pam\u011bti v d\u016fsledku poporodn\u00ed deprese.<\/span><\/p>\n<p><span>Andrea: \u201eP\u0159ipadala jsem si, jako bych se zbl\u00e1znila. \u0158ekla jsem pravdu \u2013 a oni se m\u011b sna\u017eili p\u0159esv\u011bd\u010dit, \u017ee jsem to ud\u011blala j\u00e1.\u201c<\/span><\/p>\n<p><span>Nathaniel: \u201eZlobil jsem se, \u017ee si mysleli, \u017ee moje \u017eena je n\u011b\u010deho takov\u00e9ho schopn\u00e1. Byla to tak miluj\u00edc\u00ed matka, kontrolovala slo\u017een\u00ed ka\u017ed\u00e9ho j\u00eddla.\u201c<\/span><\/p>\n<h3 class=\"wp-block-heading\"><span>\u201eByli sv\u011btlem pro ka\u017ed\u00e9ho, kdo se s nimi setkal\u201c<\/span><\/h3>\n<p><span>Podle jejich rodi\u010d\u016f byli Dallas a Tyson tich\u00e9, miluj\u00edc\u00ed a pozorn\u00e9 d\u011bti. Dokonce si ve\u010der sami ukl\u00edzej\u00ed hra\u010dky. Dallas miloval \u201eJahodov\u00fd kol\u00e1\u010d\u201c, Tyson miloval \u201eBleska McQueena\u201c.<\/span><\/p>\n<p><span>\u201eKdy\u017e jsem m\u011bl \u0161patn\u00fd den, v\u011bd\u011bl jsem, \u017ee Dallas p\u0159ib\u011bhne ke dve\u0159\u00edm, obejme m\u011b a uklidn\u00ed m\u011b.\u201c<\/span><\/p>\n<p><span>Zem\u0159eli spolu, stejn\u011b jako spolu d\u011blali v\u0161echno \u2013 mluvili, jedli, hr\u00e1li si. A: ob\u011b dostaly stejn\u00e9 vakc\u00edny ve stejnou dobu, od dvou zdravotn\u00edch sester ve stejnou dobu \u2013 a ob\u011b pot\u00e9 vykazovaly identick\u00e9 p\u0159\u00edznaky.<\/span><\/p>\n<\/div>\n<\/div>\n<div class=\"elementor-element elementor-element-8c57238 quelle dc-has-condition dc-condition-empty elementor-widget elementor-widget-heading\" data-id=\"8c57238\" data-element_type=\"widget\" data-widget_type=\"heading.default\">\n<div class=\"elementor-widget-container\">\n<h3 class=\"elementor-heading-title elementor-size-default\"><span style=\"font-size: 10pt;\"><a href=\"https:\/\/childrenshealthdefense.org\/defender\/twin-babies-die-week-after-3-vaccines-idaho\/\" target=\"_blank\" rel=\"nofollow noopener\">Zdroj<\/a><\/span><\/h3>\n<p>&nbsp;<\/p>\n<\/div>\n<\/div>\n","protected":false},"excerpt":{"rendered":"<p>1. kv\u011btna na\u0161la Andrea Shawov\u00e1 sv\u00e1 18m\u011bs\u00ed\u010dn\u00ed dvoj\u010data Dallase a Tysona mrtv\u00e1 v jejich posteli&#8230;.<\/p>\n","protected":false},"author":2,"featured_media":79705,"comment_status":"closed","ping_status":"closed","sticky":false,"template":"","format":"standard","meta":[],"categories":[7],"tags":[5038,213,523,651],"_links":{"self":[{"href":"https:\/\/www.infokuryr.cz\/n\/wp-json\/wp\/v2\/posts\/79704"}],"collection":[{"href":"https:\/\/www.infokuryr.cz\/n\/wp-json\/wp\/v2\/posts"}],"about":[{"href":"https:\/\/www.infokuryr.cz\/n\/wp-json\/wp\/v2\/types\/post"}],"author":[{"embeddable":true,"href":"https:\/\/www.infokuryr.cz\/n\/wp-json\/wp\/v2\/users\/2"}],"replies":[{"embeddable":true,"href":"https:\/\/www.infokuryr.cz\/n\/wp-json\/wp\/v2\/comments?post=79704"}],"version-history":[{"count":0,"href":"https:\/\/www.infokuryr.cz\/n\/wp-json\/wp\/v2\/posts\/79704\/revisions"}],"wp:featuredmedia":[{"embeddable":true,"href":"https:\/\/www.infokuryr.cz\/n\/wp-json\/wp\/v2\/media\/79705"}],"wp:attachment":[{"href":"https:\/\/www.infokuryr.cz\/n\/wp-json\/wp\/v2\/media?parent=79704"}],"wp:term":[{"taxonomy":"category","embeddable":true,"href":"https:\/\/www.infokuryr.cz\/n\/wp-json\/wp\/v2\/categories?post=79704"},{"taxonomy":"post_tag","embeddable":true,"href":"https:\/\/www.infokuryr.cz\/n\/wp-json\/wp\/v2\/tags?post=79704"}],"curies":[{"name":"wp","href":"https:\/\/api.w.org\/{rel}","templated":true}]}}