{"id":79692,"date":"2025-05-27T00:18:49","date_gmt":"2025-05-26T22:18:49","guid":{"rendered":"https:\/\/www.infokuryr.cz\/n\/?p=79692"},"modified":"2025-05-26T08:20:27","modified_gmt":"2025-05-26T06:20:27","slug":"izraelsti-vojensti-vudci-nejen-plni-rozkazy-mohli-zabranit-masakru-v-gaze","status":"publish","type":"post","link":"https:\/\/www.infokuryr.cz\/n\/2025\/05\/27\/izraelsti-vojensti-vudci-nejen-plni-rozkazy-mohli-zabranit-masakru-v-gaze\/","title":{"rendered":"Izrael\u0161t\u00ed vojen\u0161t\u00ed v\u016fdci nejen \u201epln\u00ed rozkazy\u201c. Mohli zabr\u00e1nit masakru v Gaze"},"content":{"rendered":"<div id=\"fb-root\"><\/div>\n<p><em><span>Izraelsk\u00e9 obrann\u00e9 s\u00edly zabily v p\u00e1smu Gazy tis\u00edce d\u011bt\u00ed a kojenc\u016f. A\u0165 u\u017e jako kon\u00ed\u010dek nebo z\u00e1m\u011brn\u011b, jako profese, nebo \u00famysln\u011b \u010di omylem, IDF je arm\u00e1da zodpov\u011bdn\u00e1 za masakry d\u011bt\u00ed, \u017een a star\u0161\u00edch lid\u00ed a nikdo na sv\u011bt\u011b to nem\u016f\u017ee pop\u0159\u00edt.<\/span><\/em><\/p>\n<p><span>M\u011bli bychom proto b\u00fdt vd\u011b\u010dn\u00ed Jairu Golanovi, v\u016fdci Izraelsk\u00fdch demokrat\u016f, za to, \u017ee vyj\u00e1d\u0159il pravdu, kdy\u017e tato pravda m\u011bla b\u00fdt z\u0159ejm\u00e1. Protesty, kter\u00e9 to vyvolalo, od opozi\u010dn\u00edho v\u016fdce Jaira Lapida a\u017e po krajn\u011b pravicov\u00e9ho ministra financ\u00ed Becalela Smotricha, jen zd\u016fraznily, \u017ee pravda sama o sob\u011b se v Izraeli stala sporn\u00fdm t\u00e9matem.<\/span><\/p>\n<p><span>Nicm\u00e9n\u011b v d\u016fsledku tohoto rozruchu b\u00fdval\u00fd gener\u00e1l IDF Golan, \u00fadajn\u011b odv\u00e1\u017en\u00fd a \u010destn\u00fd mu\u017e, sp\u011bchal se svol\u00e1n\u00edm tiskov\u00e9 konference, aby \u201evysv\u011btlil\u201c sv\u00e9 zjevn\u00e9 prohl\u00e1\u0161en\u00ed, a t\u00edm poh\u0159bil \u010d\u00e1st pravdy, kterou odhalil, a poh\u0159bil odvahu, kterou prok\u00e1zal. Golan arm\u00e1du rychle zprostil viny. Jednou gener\u00e1l, nav\u017edy gener\u00e1l; Jednou levicov\u00fd sionista, nav\u017edy levicov\u00fd sionista: Golanovo srdce a bez\u00fahonnost nep\u0159esahuj\u00ed obvi\u0148ov\u00e1n\u00ed vl\u00e1dy z odpov\u011bdnosti. Obvi\u0148ovat arm\u00e1du ze zab\u00edjen\u00ed d\u011bt\u00ed je nad jej\u00ed s\u00edly. Nen\u00ed to skute\u010dn\u00fd levicov\u00fd v\u016fdce. Jak\u00e1koli nad\u011bje na to, pokud v\u016fbec n\u011bkdy existovala, se rozplynula.<\/span><\/p>\n<p><span>\u201e\u00a0<\/span><em><span>Chci, aby bylo jasno. Moje kritika v \u017e\u00e1dn\u00e9m p\u0159\u00edpad\u011b nesm\u011b\u0159uje na arm\u00e1du. \u201aOpakuji: moje kritika sm\u011b\u0159ovala na vl\u00e1du, nikoli na IDF<\/span><\/em><span>\u00a0,\u2018 \u0159ekl Golan na tiskov\u00e9 konferenci a posv\u00e1tn\u00e1 kr\u00e1va nebyla poskvrn\u011bna. Na rozd\u00edl od pravice, kter\u00e1 m\u00e1 u\u017e dlouho odvahu \u00fato\u010dit na arm\u00e1du a znesv\u011btit jej\u00ed odpornou posv\u00e1tnost, levice v tomto bod\u011b nen\u00ed. St\u00e1le v\u011b\u0159\u00ed v gener\u00e1ly. Levice je pln\u00e1 gener\u00e1l\u016f a je prodchnuta posv\u00e1tnost\u00ed arm\u00e1dy.\u201c<\/span><\/p>\n<p><span>Tis\u00edce d\u011bt\u00ed, kter\u00e9 v Gaze zem\u0159ely, byly zabity vl\u00e1dou. Premi\u00e9r Benjamin Netanjahu se sv\u00fdm \u201eposv\u00e1tn\u00fdm kan\u00f3nem\u201c, ministr obrany Israel Katz v kokpitu letounu F-35I, ministryn\u011b dopravy Miri Regev pilotuj\u00edc\u00ed sebevra\u017eedn\u00fd dron, ministr zahrani\u010d\u00ed Gideon Sa&#8217;ar v \u00fato\u010dn\u00e9m vrtuln\u00edku a ministr komunikac\u00ed \u0160lomo Karh\u00ed v mobiln\u00edm d\u011blost\u0159eleck\u00e9m vozidle. Tyto d\u011bti nemilosrdn\u011b bombardovali. Podle Golana jsou na vin\u011b jedin\u011b oni. Ruce pilot\u016f jsou \u010dist\u00e9, stejn\u011b jako ruce st\u0159elc\u016f. Dokonce i ruce gener\u00e1ln\u00edho \u0161t\u00e1bu jsou \u010dist\u00e9 jako panensk\u00fd sn\u00edh. To je zbab\u011bl\u00fd podvod. To tak\u00e9 demonstruje autorit\u00e1\u0159sk\u00fd postoj v\u016f\u010di IDF, kter\u00e1 se m\u011bn\u00ed v arm\u00e1du robotick\u00fdch, zombie podobn\u00fdch voj\u00e1k\u016f, kte\u0159\u00ed pouze automaticky pln\u00ed vl\u00e1dn\u00ed rozkazy.<\/span><\/p>\n<p><span>Ne, Yair Golan. D\u011bti z Gazy zabili va\u0161i kolegov\u00e9 a p\u0159\u00e1tel\u00e9, voj\u00e1ci a piloti. Jsou to oni, kdo se t\u011bchto zlo\u010din\u016f dopou\u0161t\u011bj\u00ed. D\u011blaj\u00ed to u\u017e 19 m\u011bs\u00edc\u016f bez jak\u00e9koli neposlu\u0161nosti, n\u011bkte\u0159\u00ed s o\u010dividn\u00fdm nad\u0161en\u00edm, jin\u00ed se slepou poslu\u0161nost\u00ed. Mo\u017en\u00e1 jsou to jen subdodavatel\u00e9 prov\u00e1d\u011bj\u00edc\u00ed misi \u2013 a je pochybn\u00e9, \u017ee tomu tak je \u2013 ale jejich ruce jsou pokryt\u00e9 krv\u00ed. Nemohou b\u00fdt zpro\u0161t\u011bni jak\u00e9koli odpov\u011bdnosti.<\/span><\/p>\n<p><span>Bez IDF by k masakru v Gaze nedo\u0161lo, i kdyby si to vl\u00e1da p\u0159\u00e1la. Bojov\u00e9 rozkazy pro tuto operaci zahrnuj\u00ed v\u00e1le\u010dn\u00e9 zlo\u010diny, kter\u00e9 arm\u00e1da formulovala jako sou\u010d\u00e1st sv\u00fdch c\u00edl\u016f. Nebyl to ministr pro n\u00e1rodn\u00ed mise Orit Strock, kdo ur\u010dil, \u017ee \u201ekoncentrace a p\u0159esun obyvatelstva\u201c je jedn\u00edm z \u00fakol\u016f operace. Ministr pro region\u00e1ln\u00ed spolupr\u00e1ci David Amsalem nen\u00ed n\u00e1\u010deln\u00edkem gener\u00e1ln\u00edho \u0161t\u00e1bu Eyalem Zamirem, kter\u00fd se chlubil, \u017ee \u201ebudeme pokra\u010dovat, dokud nezlom\u00edme bojov\u00e9 schopnosti Ham\u00e1su\u201c, p\u0159esto\u017ee bojov\u00e9 schopnosti nep\u0159\u00edtele byly d\u00e1vno pora\u017eeny. Izraelsk\u00e9 obrann\u00e9 s\u00edly operuj\u00ed proti chod\u00edc\u00edm kostlivc\u016fm, kte\u0159\u00ed se pohybuj\u00ed mezi ruinami.<\/span><\/p>\n<p><span>Vl\u00e1da nese odpov\u011bdnost a vinu, kter\u00e9 jsou neodpustiteln\u00e9. Ale zprostit viny arm\u00e1du jen proto, \u017ee j\u00ed chyb\u00ed odvaha \u0159\u00edct pravdu? Jen proto, \u017ee tvoji p\u0159\u00e1tel\u00e9 zab\u00edjej\u00ed d\u011bti? Jen proto, \u017ee c\u00edl svrhnout Netanjahua ve va\u0161ich o\u010d\u00edch zast\u00edn\u00ed v\u0161echno ostatn\u00ed?<\/span><\/p>\n<p><span>Nelze tvrdit, \u017ee arm\u00e1da pouze poslouch\u00e1 rozkazy a \u017ee n\u00e1\u010deln\u00edk \u0161t\u00e1bu je jen kole\u010dko v soukol\u00ed. N\u00e1\u010deln\u00edk \u0161t\u00e1bu a velitel letectva nejsou kole\u010dka v soukol\u00ed. Ani lid\u00e9 pod jejich velen\u00edm.<\/span><\/p>\n<p><span>Jsou to oni, kdo vedou kampa\u0148 za zni\u010den\u00ed p\u00e1sma Gazy, a mohli by ji zastavit, kdyby si mysleli, \u017ee nad touto kampan\u00ed vlaje \u010dern\u00e1 vlajka. Vedou zlo\u010dinnou a bezc\u00edlnou v\u00e1lku proti zbytk\u016fm obyvatel Gazy, kte\u0159\u00ed nemaj\u00ed kam bezpe\u010dn\u011b ut\u00e9ct. Zbavit je jak\u00e9koli viny je bu\u010f zbab\u011blost, nebo le\u017e, nebo oboj\u00ed.<\/span><\/p>\n<p><em>Koment\u00e1\u0159 od <strong>Gideona Levyho<\/strong><\/em><\/p>\n<p>&nbsp;<\/p>\n","protected":false},"excerpt":{"rendered":"<p>Izraelsk\u00e9 obrann\u00e9 s\u00edly zabily v p\u00e1smu Gazy tis\u00edce d\u011bt\u00ed a kojenc\u016f. A\u0165 u\u017e jako kon\u00ed\u010dek&#8230;<\/p>\n","protected":false},"author":2,"featured_media":79693,"comment_status":"closed","ping_status":"closed","sticky":false,"template":"","format":"standard","meta":[],"categories":[7],"tags":[245,348,178,107],"_links":{"self":[{"href":"https:\/\/www.infokuryr.cz\/n\/wp-json\/wp\/v2\/posts\/79692"}],"collection":[{"href":"https:\/\/www.infokuryr.cz\/n\/wp-json\/wp\/v2\/posts"}],"about":[{"href":"https:\/\/www.infokuryr.cz\/n\/wp-json\/wp\/v2\/types\/post"}],"author":[{"embeddable":true,"href":"https:\/\/www.infokuryr.cz\/n\/wp-json\/wp\/v2\/users\/2"}],"replies":[{"embeddable":true,"href":"https:\/\/www.infokuryr.cz\/n\/wp-json\/wp\/v2\/comments?post=79692"}],"version-history":[{"count":0,"href":"https:\/\/www.infokuryr.cz\/n\/wp-json\/wp\/v2\/posts\/79692\/revisions"}],"wp:featuredmedia":[{"embeddable":true,"href":"https:\/\/www.infokuryr.cz\/n\/wp-json\/wp\/v2\/media\/79693"}],"wp:attachment":[{"href":"https:\/\/www.infokuryr.cz\/n\/wp-json\/wp\/v2\/media?parent=79692"}],"wp:term":[{"taxonomy":"category","embeddable":true,"href":"https:\/\/www.infokuryr.cz\/n\/wp-json\/wp\/v2\/categories?post=79692"},{"taxonomy":"post_tag","embeddable":true,"href":"https:\/\/www.infokuryr.cz\/n\/wp-json\/wp\/v2\/tags?post=79692"}],"curies":[{"name":"wp","href":"https:\/\/api.w.org\/{rel}","templated":true}]}}