{"id":79672,"date":"2025-05-26T05:53:52","date_gmt":"2025-05-26T03:53:52","guid":{"rendered":"https:\/\/www.infokuryr.cz\/n\/?p=79672"},"modified":"2025-05-26T05:53:52","modified_gmt":"2025-05-26T03:53:52","slug":"michael-svatos-dalsi-obkliceni-ukrajincu-general-solodcuk-opet-o-vikendu-radil","status":"publish","type":"post","link":"https:\/\/www.infokuryr.cz\/n\/2025\/05\/26\/michael-svatos-dalsi-obkliceni-ukrajincu-general-solodcuk-opet-o-vikendu-radil\/","title":{"rendered":"Michael Svato\u0161: Dal\u0161\u00ed obkl\u00ed\u010den\u00ed Ukrajinc\u016f, gener\u00e1l Solod\u010duk op\u011bt o v\u00edkendu \u0159\u00e1dil"},"content":{"rendered":"<div id=\"fb-root\"><\/div>\n<h3>(1) Opera\u010dn\u011b taktick\u00e1 svodka rusk\u00e9 letn\u00ed ofenz\u00edvy.<\/h3>\n<p>Rusk\u00e1 arm\u00e1da, prav\u00e9 k\u0159\u00eddlo opera\u010dn\u00ed skupiny ST\u0158ED gener\u00e1la Valerije Solod\u010duka, v\u010dera dos\u00e1hla v souladu s o\u010dek\u00e1v\u00e1n\u00edmi na\u0161ich anal\u00fdz z posledn\u00edch dn\u00ed v\u00fdznamn\u00e9ho taktick\u00e9ho \u00fasp\u011bchu a obkl\u00ed\u010dila p\u0159e\u017eiv\u0161\u00ed zbytky ukrajinsk\u00fdch obr\u00e1nc\u016f v prostoru o rozm\u011brech cca 8x8km z\u00e1padn\u011b od m\u011bsta Toreck. Kolik Ukrajinc\u016f se Rus\u016fm poda\u0159ilo obkl\u00ed\u010dit, je\u0161t\u011b nen\u00ed jasn\u00e9, ale v posledn\u00edch t\u00fddnech kyjevsk\u00e1 generalita toto sv\u00e9 uskupen\u00ed nech\u00e1vala zaj\u00edt na \u00fabyt\u011b, a nedopl\u0148ovala je ani posilami, ani z\u00e1sobami. Podle b\u011b\u017en\u00fdch zvyklost\u00ed leto\u0161n\u00edho roku takov\u00fdto opevn\u011bn\u00fd prostor ur\u010den\u00fd prim\u00e1rn\u011b jen ke zpomalen\u00ed rusk\u00e9ho postupu v posledn\u00ed f\u00e1zi jeho obrany br\u00e1n\u00ed jen kolem 50 ukrajinsk\u00fdch sold\u00e1t\u016f, kter\u00e9 se generalita rozhodla ob\u011btovat. Obr\u00e1nci z\u0159ejm\u011b ani nemohli prostor nevyhnuteln\u00e9ho obkl\u00ed\u010den\u00ed opustit, proto\u017ee by je Rusov\u00e9 v otev\u0159en\u00e9m ter\u00e9nu snadno zlikvidovali drony i d\u011bly.<\/p>\n<p>Gener\u00e1lu Solod\u010dukovi se tak otev\u0159el dal\u0161\u00ed postup proti velk\u00e9 ukrajinsk\u00e9 pos\u00e1dce ve m\u011bst\u011b Konstantinivka,\u00a0<a href=\"https:\/\/cs.wikipedia.org\/wiki\/Kos%C5%A5antynivka\">69 000 obyvatel p\u0159ed v\u00e1lkou<\/a>.\u00a0 Konstantinivka slou\u017eila od boj\u016f v roce 2022 s kucha\u0159em Prigo\u017einem o m\u011bsto Bachmut nep\u0159etr\u017eit\u011b jako hlavn\u00ed ukrajinsk\u00e1 logistick\u00e1 a velitelsk\u00e1 z\u00e1kladna. Podle v\u011bt\u0161iny analytik\u016f Solod\u010duk nebude m\u011bsto Konstantinivka dob\u00fdvat \u010deln\u011b, ale obkl\u00ed\u010d\u00ed ho postupem z jihu od Pokrovska na sever, a ze severov\u00fdchodu od \u010casyv Jar na z\u00e1pad. Podle mn\u011b povede nav\u00edc siln\u00fd pomocn\u00fd \u010deln\u00ed \u00fader od m\u00edsta dne\u0161n\u00edho obkl\u00ed\u010den\u00ed p\u0159\u00edmo na sever k ji\u017en\u00edmu p\u0159edm\u011bst\u00ed Konstantinivky, proto\u017ee tudy vede velmi dobr\u00e1 komunikace, a ta bude hlavn\u00ed logistickou tepnou i pro postup lev\u00fdch Solod\u010dukov\u00fdch obkli\u010dovac\u00edch kle\u0161t\u00ed, kter\u00e9 u\u017e druh\u00fd t\u00fdden postupuj\u00ed pod\u00e9l d\u00e1lnice Pokrovsk \u2013 Konstantinivka. V\u0161e zachycuje tato mapa:<\/p>\n<div id=\"attachment_18055\" class=\"wp-caption aligncenter\" style=\"width: 947px;\"><img decoding=\"async\" loading=\"lazy\" class=\" wp-image-18055\" src=\"https:\/\/www.michalapetr.com\/wp-content\/uploads\/2025\/05\/photo_2025-05-25_07-42-07.png\" sizes=\"(max-width: 1280px) 100vw, 1280px\" srcset=\"https:\/\/www.michalapetr.com\/wp-content\/uploads\/2025\/05\/photo_2025-05-25_07-42-07.png 1280w, https:\/\/www.michalapetr.com\/wp-content\/uploads\/2025\/05\/photo_2025-05-25_07-42-07-300x255.png 300w, https:\/\/www.michalapetr.com\/wp-content\/uploads\/2025\/05\/photo_2025-05-25_07-42-07-1030x875.png 1030w, https:\/\/www.michalapetr.com\/wp-content\/uploads\/2025\/05\/photo_2025-05-25_07-42-07-768x652.png 768w, https:\/\/www.michalapetr.com\/wp-content\/uploads\/2025\/05\/photo_2025-05-25_07-42-07-705x599.png 705w, https:\/\/www.michalapetr.com\/wp-content\/uploads\/2025\/05\/photo_2025-05-25_07-42-07-450x382.png 450w\" alt=\"\" width=\"947\" height=\"804\" aria-describedby=\"caption-attachment-18055\" \/><\/p>\n<p id=\"caption-attachment-18055\" class=\"wp-caption-text\" style=\"text-align: justify;\">Mapa vysv\u011btlen\u00ed: Modr\u00fd \u010dtverec m\u00e1 rozm\u011bry 10x10km, a slou\u017e\u00ed jako m\u011b\u0159\u00edtko. Oran\u017eov\u00e9 kolo = v\u010dera obkl\u00ed\u010den\u00ed Ukrajinci. Siln\u00e9 \u010derven\u00e9 \u0161ipky = n\u00e1zor v\u011bt\u0161iny analytik\u016f na sm\u011bry \u00fatok\u016f prav\u00e9ho k\u0159\u00eddla opera\u010dn\u00ed skupiny ST\u0158ED gener\u00e1la Solod\u010duka. \u010cerven\u00e1 \u0161ipka mezi nimi, m\u016fj n\u00e1zor, \u017ee Solod\u010duk povede siln\u00fd pomocn\u00fd \u00fatok t\u00edmto sm\u011brem, pod\u00e9l d\u016fle\u017eit\u00e9 cesty, kter\u00e1 mu umo\u017en\u00ed v\u00fdrazn\u011b l\u00e9pe z\u00e1sobovat svou levou (z\u00e1padn\u00ed) obkli\u010dovac\u00ed skupinu. Velk\u00fd b\u00edl\u00fd pentagon = Pokrovsk. Mal\u00fd b\u00edl\u00fd pentagon = \u010casyv Jar. Oran\u017eov\u00fd pentagon = Kramatorsk, ji\u017en\u00ed m\u011bsto aglomerace Kramatorsk\/Slovjansk. Mimo mapu severn\u011b proti Slovjansku postupuje z v\u00fdchodu na z\u00e1pad p\u0159es Siversk samostatn\u00e1 skupina v\u00fdsadk\u00e1\u0159\u016f, (\u00fapln\u011b prav\u00e1 \u010d\u00e1st prav\u00e9ho k\u0159\u00eddla skupiny ST\u0158ED), a ze severu na jih proti Slovjansku postupuje lev\u00e9 k\u0159\u00eddlo opera\u010dn\u00ed skupiny Z\u00e1pad nyn\u00ed ov\u0161em u\u017e pod velen\u00edm gener\u00e1la Sergeje Kuzovleva, kter\u00fd p\u0159edal velen\u00ed skupiny JIH gener\u00e1lu San\u010dikovi.<a href=\"https:\/\/amalantra.ru\/komanduyushchiye-gruppirovkami-voysk-v-zone-svo\/\">\u00a0Skupin\u011b V\u00fdchod vel\u00ed od p\u0159elomu roku gener\u00e1l Andrej Ivanajev<\/a>. Teplinskyj i Lapin z\u016fstali na sv\u00fdch m\u00edstech, Mordvi\u010dev byl pov\u00fd\u0161en do Moskvy. Nikiforov asi nesplnil o\u010dek\u00e1v\u00e1n\u00ed, a tak n\u011bkam zmizel. Pov\u0161imn\u011bte si \u017elut\u00fdch zna\u010dek na map\u011b, jde o ukrajinsk\u00e9 obrann\u00e9 linie. Jak vid\u00edte lev\u00e1 \u00fato\u010dn\u00e1 kolona gener\u00e1la Solod\u010duka brzy p\u0159ekon\u00e1 posledn\u00ed III linii ukrajinsk\u00e9 obrany, za n\u00ed IV linie u\u017e nen\u00ed plnohodnotn\u00e1, viz v p\u0159edchoz\u00edch anal\u00fdz\u00e1ch video plukovn\u00edka Marcuse Reisnera.<\/p>\n<\/div>\n<p>Putin tento t\u00fdden p\u0159i sv\u00e9 n\u00e1v\u0161t\u011bv\u011b kursk\u00e9 oblasti na\u0159\u00eddil vytvo\u0159it pod\u00e9l rusk\u00fdch hranic s Ukrajinou n\u00e1razn\u00edkovou z\u00f3nu, aby \u201cbanderovci nemohli naru\u0161ovat m\u00edrov\u00fd \u017eivot ob\u010dan\u016f rusk\u00e9ho pohrani\u010d\u00ed\u201d, a vydal gener\u00e1lu Lapinovi (skupina SEVER) pat\u0159i\u010dn\u00e9 rozkazy. Putinovo na\u0159\u00edzen\u00ed vyvolalo dvoj\u00ed reakce. Jednak n\u011bme\u010dt\u00ed analytici za\u010dali v\u0159e\u0161t\u011bt jako pominut\u00ed, \u017ee Putin hodl\u00e1 schlamstnout m\u00edsto 4 sv\u00fdch nov\u00fdch provinci\u00ed (Luhansk, Don\u011bck, Z\u00e1poro\u017e\u00ed, Cherson) je\u0161t\u011b dal\u0161\u00ed 3 nebo 4. (Rozebereme nejsp\u00ed\u0161 z\u00edtra.) A jednak Lapin, zn\u00e1m\u00fd zast\u00e1nce obnoven\u00ed SSSR, kter\u00fd r\u00e1d nos\u00ed na uniform\u011b r\u016fzn\u00e9 sov\u011btsk\u00e9 n\u00e1\u0161ivky, se s chut\u00ed pustil do pr\u00e1ce, a jeho komanda se dala do pohybu jak v Sumsk\u00e9, tak v Charkovsk\u00e9 oblasti.<\/p>\n<p>V Sumsk\u00e9 oblasti se v\u00fdsadk\u00e1\u0159\u016fm 83. \u00fadern\u00e9 brig\u00e1dy v\u010dera poda\u0159ilo vy\u010distit Ukrajince z vesnice Bilovody,\u00a0<a href=\"https:\/\/t.me\/swodki\/491853\">video zde<\/a>,\u00a0<a href=\"https:\/\/www.google.com\/maps\/place\/Bilovody,+Sumsk%C3%A1,+Ukrajina,+42310\/@51.1671255,34.8973365,28904m\/data=!3m1!1e3!4m6!3m5!1s0x41292258552294c5:0x69c8cdd1e375bae9!8m2!3d51.1722401!4d34.9760976!16s%2Fg%2F121f4cb0?entry=ttu&amp;g_ep=EgoyMDI1MDUyMS4wIKXMDSoASAFQAw%3D%3D\">mapa Google p\u0159\u00edm\u00fd odkaz na Bilovody zde<\/a>. Lapinova komanda u\u017e v t\u00e9to oblasti obsadila a vy\u010distila 6 vesnic, a ovl\u00e1dla prostor 10x10km.\u00a0<a href=\"https:\/\/topwar.ru\/264974-ukrainskij-voennyj-jekspert-kljuchevaja-takticheskaja-cel-vs-rf-v-sumskoj-oblasti-na-dannyj-moment-vzjat-vysoty-vokrug-junakovki.html\">Nyn\u00ed se v\u00fdsadk\u00e1\u0159i soust\u0159e\u010fuj\u00ed na vyhn\u00e1n\u00ed Ukrajinc\u016f z linie m\u00edstn\u00edch vyv\u00fd\u0161enin Novonikolajevka-Jablonovka<\/a>, o d\u00e9lce 8km, proto\u017ee po jejich ovl\u00e1dnut\u00ed dostanou pod kontrolu d\u00e1lnici Sumy-Sud\u017ea, a Ukrajinci v\u00fdchodn\u011b od linie vyv\u00fd\u0161enin budou nuceni, bu\u010f p\u0159es les prchnout, a nebo je \u010dek\u00e1 marn\u00fd boj bez mo\u017enosti z\u00e1sobov\u00e1n\u00ed. V posledn\u00edch dnech se rusk\u00fd postup na tomto sumsk\u00e9m boji\u0161ti zrychlil. Podle v\u0161eho v\u0161ak \u00fatok na Sumy p\u0159edstavuje vedlej\u0161\u00ed sm\u011br Lapinovy letn\u00ed ofenz\u00edvy.<\/p>\n<p>Hlavn\u00ed nov\u00e9 rusk\u00e9 s\u00edly vytvo\u0159en\u00e9 a vycvi\u010den\u00e9 od podzimu 24 do jara 25 v s\u00edle 50 000 nov\u00fdch mu\u017e\u016f, tedy jedna slab\u0161\u00ed nov\u00e1 rusk\u00e1 v\u0161evojskov\u00e1 arm\u00e1da, se nyn\u00ed soust\u0159e\u010fuj\u00ed v prostoru rusk\u00e9ho m\u011bsta B\u011blgorod. A Lapin s nimi podle v\u0161eho hodl\u00e1 ude\u0159it na Charkov, a vytvo\u0159it tam v\u00fdraznou Putinovu n\u00e1razn\u00edkovou z\u00f3nu. O tom, \u017ee Lapin skute\u010dn\u011b na Charkov ude\u0159\u00ed,\u00a0<a href=\"https:\/\/topwar.ru\/265180-vs-rf-prodvinulis-v-rajone-volchanska-vospolzovavshis-protestnymi-nastroenijami-v-podrazdelenijah-vsu.html\">sv\u011bd\u010d\u00ed n\u00e1hl\u00e1 v\u00edkendov\u00e1 aktivita jeho nepo\u010detn\u00fdch p\u0159edvoj\u016f, kter\u00e9 velmi snadno a rychle vyhnali zbytky Ukrajinc\u016f, kter\u00e9 p\u016flroku trp\u011bliv\u011b decimovali klouzav\u00fdmi bombami a drony, z \u00fazem\u00ed b\u00fdval\u00e9ho m\u011bsta Vol\u010dansk<\/a>. To bylo \u00fapln\u011b srovn\u00e1no se zem\u00ed.<\/p>\n<p>Cel\u00e1 Lapinova operace ve Vol\u010dansku op\u011bt nese jeho typick\u00fd rukopis, jak\u00fd se u\u017e projevil v boj\u00edch o Severodon\u011bck, Lysi\u010dansk, (2022), i v kursk\u00e9 oblasti ( 2024\/25) \u2013 Nejprve obsadit opera\u010dn\u011b v\u00fdznamn\u00e9 ter\u00e9nn\u00ed a logistick\u00e9 reli\u00e9fy boji\u0161t\u011b, a pak bez ohledu na politick\u00e9 po\u017eadavky trp\u011bliv\u011b \u010dekat na spr\u00e1vn\u00fd \u010das, a \u0161et\u0159it p\u0159itom d\u016fsledn\u011b ruskou krev, ale v\u017edy metodicky a r\u00e1zn\u011b hubit Ukrajince vlastn\u00ed obrovskou palebnou p\u0159evahou, bombami a drony. Lapin severn\u00ed \u010d\u00e1st m\u011bsta Vol\u010dansk obsadil loni na ja\u0159e rychlou p\u0159ekvapivou ofenz\u00edvou, ale po t\u00e9 se z m\u011bsta st\u00e1hl, aby nevystavoval sv\u00e9 voj\u00e1ky neust\u00e1l\u00fdm sebevra\u017eedn\u00fdm zte\u010d\u00edm Ukrajinc\u016f.\u00a0 Ti se jako smyslu zbaven\u00ed rvali p\u0159es \u0159eku, a sna\u017eili se m\u011bsto za cenu obrovsk\u00fdch drastick\u00fdch ztr\u00e1t znovu obsadit. Po Lapinov\u011b sta\u017een\u00ed vyhl\u00e1sil Zelenskyj velk\u00e9 v\u00edt\u011bzstv\u00ed, a aby m\u011bsto udr\u017eel, rvala do n\u011bj jeho generalita dal\u0161\u00ed a dal\u0161\u00ed neboh\u00e9 Ukrajince. Ty nechal flegmatick\u00fd Lapin jen vyhlazovat drony a bombami, a v\u00edc se o n\u011b nezaj\u00edmal. Letos na ja\u0159e u\u017e Lapinova devastace Vol\u010danska dos\u00e1hla \u00farovn\u011b absolutn\u00ed m\u011bs\u00ed\u010dn\u00ed krajiny, a\u00a0 Ukrajinci u\u017e p\u0159estali m\u00edt mo\u017enost se ve m\u011bst\u011b jakkoli skr\u00fdvat. A proto\u017ee Kyjevu tou dobou u\u017e evidentn\u011b do\u0161ly i posledn\u00ed z\u00e1lohy, p\u0159estal \u0159ezn\u00edk Syrskyj hn\u00e1t p\u0159es \u0159eku do m\u011bsta \u010derstvou krev. Lapin\u016fv \u010das tak nade\u0161el. A v\u010dera severn\u00ed \u010d\u00e1st m\u011bsta za \u0159ekou snadno a bez boj\u016f obsadil n\u011bkolika m\u00e1lo p\u011b\u0161\u00e1ky.<\/p>\n<p>V\u00fdsledek Lapinov\u00fdch operac\u00ed kolem Vol\u010dansku je nadm\u00edru p\u016fsobiv\u00fd. Jeho vlastn\u00ed s\u00edly na Vol\u010dansk\u00e9m boji\u0161ti jsou za 8 m\u011bs\u00edc\u016f boj\u016f tak\u0159ka netknut\u00e9, (st\u00e1le cca 30 tis\u00edc voj\u00e1k\u016f), a podle v\u0161eho dostal pr\u00e1v\u011b posilu 50 000 nov\u00fdch voj\u00e1k\u016f. Jeho protivn\u00edk Syrskyj zat\u00edm vybil v\u011bt\u0161inu sv\u00e9 p\u011bchoty v nesmysln\u00e9 bitv\u011b o ruiny m\u011bsta za men\u0161\u00ed \u0159ekou, a p\u0159i boj\u00edch nav\u00edc idiotsky p\u0159i\u0161el o zna\u010dn\u00fd po\u010det nejzku\u0161en\u011bj\u0161\u00edch oper\u00e1tor\u016f dron\u016f, proto\u017ee jen absolutn\u00ed idiot m\u016f\u017ee elitn\u00ed drona\u0159e pos\u00edlat na boji\u0161t\u011b, kter\u00e9 le\u017e\u00ed v nejodlehlej\u0161\u00edm c\u00edpu jeho fronty, bez mo\u017enosti nejmen\u0161\u00edho kryt\u00ed vlastn\u00ed PVO, ale p\u0159itom se z\u00e1rove\u0148 nach\u00e1z\u00ed v \u00fapln\u00e9 bl\u00edzkosti v\u0161ech rusk\u00fdch syst\u00e9m\u016f REB, a v nejide\u00e1ln\u011bj\u0161\u00edm m\u00edst\u011b pro svrh\u00e1v\u00e1n\u00ed rusk\u00fdch klouzav\u00fdch bomb. Lapin extr\u00e9mn\u011b r\u00e1d obkli\u010duje, a na rozd\u00edl od Mordvi\u010deva se nikdy silou nerve m\u00edsty nejzu\u0159iv\u011bj\u0161\u00edho odporu.<\/p>\n<p>Jeho kursk\u00e1 operace je naprosto dokonal\u00e1, a jsem zv\u011bdav, co napl\u00e1nuje u Charkova. Soled\u010duk u Kurska pouze pod Lapinov\u00fdm velen\u00edm realizoval bitevn\u00ed pl\u00e1n operace. Je v\u0161ak kon\u00edkem nov\u00e9ho ministra obrany Belousova, a ten m\u00e1 neurovnan\u00e9 spory s gener\u00e1lem Gerasimovem, a cht\u011bl by gener\u00e1ln\u00ed \u0161t\u00e1b v\u00edce \u0159\u00eddit, ne\u017e je v Rusku za pozdn\u00edho Putina pro ministra obrany povolen\u00fdm zvykem.\u00a0 Mordvi\u010dev je naopak pova\u017eov\u00e1n sp\u00ed\u0161e za Gerasimova kon\u00edka. Lapin m\u00e1 dlouhodobou ochranu od samotn\u00e9ho Putina, a ten v\u017edy odr\u00e1\u017eel v\u0161echny \u00fatoky, kter\u00e9 proti Lapinovi vedli jak Prigo\u017ein, tak \u0160ojgu, tak Kadyrov, tak ru\u0161t\u00ed nacionalist\u00e9 a bloge\u0159i a politici. Putin \u0159\u00edd\u00ed ruskou administrativu tak, aby \u017e\u00e1dn\u00e1 vlivov\u00e1 skupina nedok\u00e1zala p\u0159evl\u00e1dnout, nebo aby se r\u016fzn\u00e9 skupiny nespojily, aby ho donutili, je v\u00edce respektovat. Vzhledem k dlouhodob\u00e9 ochran\u011b Lapina Putinem lze uva\u017eovat, \u017ee siln\u00e9 z\u00e1lohy, kter\u00e9 pr\u00e1v\u011b dostal k dispozici, mohou m\u00edt \u00fa\u010del, aby jej katapultovaly do nep\u0159ehl\u00e9dnuteln\u00e9 pozice respektovan\u00e9ho v\u00edt\u011bze nad Ukrajinci. T\u00edm si Putin vraz\u00ed sv\u00e9ho chr\u00e1n\u011bnce do p\u0159etahovan\u00e9 mezi Belousovem a Gerasimovem.<\/p>\n<p>Proto\u017ee velen\u00ed \u201cpodivn\u00e9 opera\u010dn\u00ed skupiny Z\u00c1PAD gener\u00e1la Nikiforova\u201d p\u0159evzal od podzimu gener\u00e1l Kuzovlev, a od t\u00e9 doby se jeho agresivn\u00ed styl \u0159\u00edzen\u00ed vojsk za\u010dal na boji\u0161ti, z v\u00fdchodu p\u0159ilehl\u00e9m k Lapinovu vol\u010dansk\u00e9mu lev\u00e9mu k\u0159\u00eddlu, z\u0159eteln\u011b projevovat, je nasnad\u011b, \u017ee Lapin m\u016f\u017ee postupovat z Vol\u010danska na jih, a Kuzovlev se mu tla\u010dit ze z\u00e1padu v \u00fastrety. T\u00edm bude po vyhn\u00e1n\u00ed Ukrajinc\u016f z ji\u017en\u00ed \u010d\u00e1st Vol\u010danska (Lapin), a z Kupjanska (Kuzovlev), vytvo\u0159eno\u00a0 \u0161irok\u00e9 n\u00e1stupi\u0161t\u011b, a to umo\u017en\u00ed sm\u011b\u0159ovat Lapinovy z v\u00fdchodu na jih do t\u00fdlu Charkova, a Kuzovlevovi ze severu na jih do t\u00fdlu Slovjanska. Shrom\u00e1\u017ed\u011bn\u00fdch 80 000 voj\u00e1k\u016f, cca 10% cel\u00e9 ukrajinsk\u00e9 arm\u00e1dy, na relativn\u011b \u00fazk\u00e9 Lapinov\u011b front\u011b, mu umo\u017en\u00ed postupn\u00fd dlouhodob\u00fd \u00fatok, a m\u016f\u017ee p\u0159i n\u011bm dos\u00e1hnout p\u0159evahy 4 ku 1. Lapinovy s\u00edly ka\u017edop\u00e1dn\u011b nesta\u010d\u00ed k obchvatu Charkova ze z\u00e1padu na jih, tedy pokud se ukrajinsk\u00e1 arm\u00e1da v l\u00e9t\u011b nezhrout\u00ed. Lapin tak\u00e9 m\u016f\u017ee frontu p\u0159irazit k Charkovu na linii roku 2022, a za\u010d\u00edt m\u011bsto ovl\u00e1dat a demoralizovat drony. Mysl\u00edm si v\u0161ak, \u017ee Charkov je tak v\u00fdznamn\u00fd, \u017ee jej Putin bude cht\u00edt obsadit. A to je mo\u017en\u00e9 pouze jeho obkl\u00ed\u010den\u00edm. (Kuzovlev velel loni agresivn\u00edmu postupu z ji\u017en\u00edho p\u0159edm\u011bst\u00ed Don\u011bcka tou nejhust\u0161\u00ed z\u00e1stavbou i obranou a\u017e do Kurachova. \u0160lo o nejn\u00e1ro\u010dn\u011bj\u0161\u00ed rusk\u00fd lo\u0148sk\u00fd \u00fatok. Lze tedy p\u0159edpokl\u00e1dat, \u017ee stejn\u011b agresivn\u011b bude postupovat i dnes jako velitel skupiny Z\u00e1pad.)<\/p>\n<p>V\u010dera jsem v\u011bt\u0161inu dne odpov\u00eddal na maily, na zbytek odpov\u00edm dnes, a v\u0161echny kv\u011btnov\u00e9, tak budou m\u00edt svoji odpov\u011b\u010f.<\/p>\n<p><a class=\"mfp-iframe lightbox-added\" href=\"https:\/\/www.youtube.com\/watch?v=IviLkZTwRD0\">Ve \u010dtvrtek 22. kv\u011btna jsem byl na TV Bure\u0161, po\u0159ad najdete zde.<\/a>\u00a0Ve \u010dtvrtek 15. kv\u011btna jsem byl hostem u Zde\u0148ka Chytry na Svobodn\u00e9m r\u00e1diu \u2013\u00a0<a class=\"mfp-iframe lightbox-added\" href=\"https:\/\/www.youtube.com\/watch?v=vA31OH66YzY\">po\u0159ad najdete zde<\/a>. V \u00fater\u00fd 13. kv\u011btna jsem byl hostem u Petra H\u00e1jka na Protiproud TV \u2013\u00a0<a class=\"mfp-iframe lightbox-added\" href=\"https:\/\/www.youtube.com\/watch?v=7TxNmbd5BHs\">po\u0159ad najdete zde<\/a>. Maily snad u\u017e kone\u010dn\u011b vy\u0159\u00edd\u00edm tento v\u00edkend, d\u011bkuji za pochopen\u00ed.<\/p>\n<p><a href=\"https:\/\/www.michalapetr.com\/map-2306-dalsi-obkliceni-ukrajincu-general-solodcuk-opet-o-vikendu-radil\/\">Michael Svato\u0161<\/a><\/p>\n<p><img decoding=\"async\" loading=\"lazy\" class=\"alignnone size-full wp-image-27204\" src=\"http:\/\/www.infokuryr.cz\/n\/wp-content\/uploads\/2023\/05\/Michael_Svatos.png\" alt=\"\" width=\"180\" height=\"180\" srcset=\"https:\/\/www.infokuryr.cz\/n\/wp-content\/uploads\/2023\/05\/Michael_Svatos.png 180w, https:\/\/www.infokuryr.cz\/n\/wp-content\/uploads\/2023\/05\/Michael_Svatos-150x150.png 150w\" sizes=\"(max-width: 180px) 100vw, 180px\" \/><\/p>\n<p>&nbsp;<\/p>\n","protected":false},"excerpt":{"rendered":"<p>(1) Opera\u010dn\u011b taktick\u00e1 svodka rusk\u00e9 letn\u00ed ofenz\u00edvy. Rusk\u00e1 arm\u00e1da, prav\u00e9 k\u0159\u00eddlo opera\u010dn\u00ed skupiny ST\u0158ED gener\u00e1la&#8230;<\/p>\n","protected":false},"author":2,"featured_media":62300,"comment_status":"closed","ping_status":"closed","sticky":false,"template":"","format":"standard","meta":[],"categories":[6],"tags":[1042,1917,22,26,7678],"_links":{"self":[{"href":"https:\/\/www.infokuryr.cz\/n\/wp-json\/wp\/v2\/posts\/79672"}],"collection":[{"href":"https:\/\/www.infokuryr.cz\/n\/wp-json\/wp\/v2\/posts"}],"about":[{"href":"https:\/\/www.infokuryr.cz\/n\/wp-json\/wp\/v2\/types\/post"}],"author":[{"embeddable":true,"href":"https:\/\/www.infokuryr.cz\/n\/wp-json\/wp\/v2\/users\/2"}],"replies":[{"embeddable":true,"href":"https:\/\/www.infokuryr.cz\/n\/wp-json\/wp\/v2\/comments?post=79672"}],"version-history":[{"count":0,"href":"https:\/\/www.infokuryr.cz\/n\/wp-json\/wp\/v2\/posts\/79672\/revisions"}],"wp:featuredmedia":[{"embeddable":true,"href":"https:\/\/www.infokuryr.cz\/n\/wp-json\/wp\/v2\/media\/62300"}],"wp:attachment":[{"href":"https:\/\/www.infokuryr.cz\/n\/wp-json\/wp\/v2\/media?parent=79672"}],"wp:term":[{"taxonomy":"category","embeddable":true,"href":"https:\/\/www.infokuryr.cz\/n\/wp-json\/wp\/v2\/categories?post=79672"},{"taxonomy":"post_tag","embeddable":true,"href":"https:\/\/www.infokuryr.cz\/n\/wp-json\/wp\/v2\/tags?post=79672"}],"curies":[{"name":"wp","href":"https:\/\/api.w.org\/{rel}","templated":true}]}}