{"id":79667,"date":"2025-05-26T05:17:36","date_gmt":"2025-05-26T03:17:36","guid":{"rendered":"https:\/\/www.infokuryr.cz\/n\/?p=79667"},"modified":"2025-05-26T05:17:36","modified_gmt":"2025-05-26T03:17:36","slug":"ukrajinsky-utok-znicil-kopuli-ruskeho-kostela","status":"publish","type":"post","link":"https:\/\/www.infokuryr.cz\/n\/2025\/05\/26\/ukrajinsky-utok-znicil-kopuli-ruskeho-kostela\/","title":{"rendered":"Ukrajinsk\u00fd \u00fatok zni\u010dil kopuli rusk\u00e9ho kostela"},"content":{"rendered":"<div id=\"fb-root\"><\/div>\n<h3>Hlavn\u00ed v\u011b\u017e katedr\u00e1ly svat\u00e9ho Mikul\u00e1\u0161e v Tulsk\u00e9 oblasti zcela sho\u0159ela, uvedl guvern\u00e9r<\/h3>\n<p><span>Ukrajinsk\u00fd dron v sobotu p\u0159i rozs\u00e1hl\u00e9m no\u010dn\u00edm n\u00e1letu bezpilotn\u00edch letadel zni\u010dil kopuli katedr\u00e1ly v Tulsk\u00e9 oblasti v Rusku, uvedl region\u00e1ln\u00ed guvern\u00e9r.<\/span><\/p>\n<p><span>Dron zas\u00e1hl katedr\u00e1lu svat\u00e9ho Mikul\u00e1\u0161e ve vesnici Jepifan, hlavn\u00ed v\u011b\u017e zap\u00e1lil a zcela sho\u0159ela, uvedl v ned\u011bli r\u00e1no v prohl\u00e1\u0161en\u00ed na Telegramu Dmitrij Miljajev. Dodal, \u017ee v\u00fdbuch po\u0161kodil i okna okoln\u00edch dom\u016f.<\/span><\/p>\n<p><em><span>\u201ePo\u017e\u00e1r byl lokalizov\u00e1n,\u201c<\/span><\/em><span>\u00a0napsal Miljajev a dodal, \u017ee nedo\u0161lo k \u017e\u00e1dn\u00fdm ob\u011btem.<\/span><\/p>\n<p><span>Z\u00e1b\u011bry koluj\u00edc\u00ed na soci\u00e1ln\u00edch s\u00edt\u00edch ukazuj\u00ed kupoli pravoslavn\u00e9 katedr\u00e1ly v plamenech, na st\u0159echy se val\u00ed ho\u0159\u00edc\u00ed trosky.<\/span><\/p>\n<div class=\"rtcode\">\n<div><iframe loading=\"lazy\" id=\"telegram-post-tulazest-17746\" src=\"https:\/\/t.me\/tulazest\/17746?embed=1\" width=\"100%\" height=\"\" frameborder=\"0\" scrolling=\"no\" data-mce-fragment=\"1\"><\/iframe><\/div>\n<\/div>\n<p><span>N\u00e1let dronu po\u0161kodil civiln\u00ed domy a hospod\u00e1\u0159sk\u00e9 budovy v dal\u0161\u00edch \u010d\u00e1stech Tulsk\u00e9 oblasti, uvedl Miljajev.<\/span><\/p>\n<p><span>Rusk\u00e1 protivzdu\u0161n\u00e1 obrana b\u011bhem \u00fatoku sest\u0159elila nad regionem 16 bezpilotn\u00edch letadel, uvedla rusk\u00e1 arm\u00e1da. Ministerstvo obrany v ned\u011bln\u00edm prohl\u00e1\u0161en\u00ed uvedlo, \u017ee p\u0159es noc bylo nad rusk\u00fdm vzdu\u0161n\u00fdm prostorem zachyceno celkem 110 dron\u016f.<\/span><\/p>\n<p><span>Ukrajina v posledn\u00edch dnech eskalovala \u00fatoky dron\u016f na civiln\u00ed c\u00edle v Rusku. Podle \u00fadaj\u016f rusk\u00e9ho ministerstva obrany bylo od \u00fater\u00fd nad rusk\u00fdmi regiony zachyceno t\u00e9m\u011b\u0159 900 ukrajinsk\u00fdch dron\u016f.<\/span><\/p>\n<p><span>Rusk\u00e9 ministerstvo zahrani\u010d\u00ed ozna\u010dilo n\u00e1r\u016fst\u00a0<\/span><em><span>\u201eteroristick\u00fdch \u00fatok\u016f\u201c<\/span><\/em><span>\u00a0bezpilotn\u00edch letadel na nevojensk\u00e9 c\u00edle za \u00famysln\u00fd pokus ukrajinsk\u00e9\u00a0<\/span><em><span>\u201estrany v\u00e1lky\u201c<\/span><\/em><span>\u00a0sabotovat ned\u00e1vno obnoven\u00e1 p\u0159\u00edm\u00e1 m\u00edrov\u00e1 jedn\u00e1n\u00ed mezi Moskvou a Kyjevem. Z\u00e1padn\u00ed podporovatel\u00e9 Ukrajiny\u00a0<\/span><em><span>\u201ev \u010dele s Velkou Brit\u00e1ni\u00ed, Franci\u00ed, N\u011bmeckem a veden\u00edm EU\u201c<\/span><\/em><span>\u00a0\u00fatoky usnad\u0148uj\u00ed podporou\u00a0<\/span><em><span>\u201eukrajinsk\u00fdch nacist\u016f\u201c,<\/span><\/em><span>\u00a0uvedl v p\u00e1tek ministr zahrani\u010d\u00ed Sergej Lavrov.<\/span><\/p>\n<p><span>P\u0159\u00edm\u00e1 m\u00edrov\u00e1 jedn\u00e1n\u00ed mezi Ukrajinou a Ruskem byla v Turecku obnovena za\u010d\u00e1tkem tohoto m\u011bs\u00edce, t\u0159i roky pot\u00e9, co Kyjev jednostrann\u011b odstoupil z p\u0159edchoz\u00edho kola rozhovor\u016f v Istanbulu v roce 2022. V d\u016fsledku toho se ob\u011b strany dohodly na vypracov\u00e1n\u00ed memorand s n\u00e1vrhy na m\u00edrov\u00e9 urovn\u00e1n\u00ed a dohodly se na p\u0159elomov\u00e9 v\u00fdm\u011bn\u011b v\u011bz\u0148\u016f v pom\u011bru 1 000 za 1 000, kter\u00e1 byla uzav\u0159ena v ned\u011bli.<\/span><\/p>\n<p><img decoding=\"async\" loading=\"lazy\" class=\"alignnone size-full wp-image-1185\" src=\"http:\/\/www.infokuryr.cz\/n\/wp-content\/uploads\/2021\/04\/kuryr-podpis.png\" alt=\"\" width=\"84\" height=\"24\" \/><\/p>\n<p>&nbsp;<\/p>\n","protected":false},"excerpt":{"rendered":"<p>Hlavn\u00ed v\u011b\u017e katedr\u00e1ly svat\u00e9ho Mikul\u00e1\u0161e v Tulsk\u00e9 oblasti zcela sho\u0159ela, uvedl guvern\u00e9r Ukrajinsk\u00fd dron v&#8230;<\/p>\n","protected":false},"author":2,"featured_media":79668,"comment_status":"closed","ping_status":"closed","sticky":false,"template":"","format":"standard","meta":[],"categories":[7],"tags":[798,1635,2782],"_links":{"self":[{"href":"https:\/\/www.infokuryr.cz\/n\/wp-json\/wp\/v2\/posts\/79667"}],"collection":[{"href":"https:\/\/www.infokuryr.cz\/n\/wp-json\/wp\/v2\/posts"}],"about":[{"href":"https:\/\/www.infokuryr.cz\/n\/wp-json\/wp\/v2\/types\/post"}],"author":[{"embeddable":true,"href":"https:\/\/www.infokuryr.cz\/n\/wp-json\/wp\/v2\/users\/2"}],"replies":[{"embeddable":true,"href":"https:\/\/www.infokuryr.cz\/n\/wp-json\/wp\/v2\/comments?post=79667"}],"version-history":[{"count":0,"href":"https:\/\/www.infokuryr.cz\/n\/wp-json\/wp\/v2\/posts\/79667\/revisions"}],"wp:featuredmedia":[{"embeddable":true,"href":"https:\/\/www.infokuryr.cz\/n\/wp-json\/wp\/v2\/media\/79668"}],"wp:attachment":[{"href":"https:\/\/www.infokuryr.cz\/n\/wp-json\/wp\/v2\/media?parent=79667"}],"wp:term":[{"taxonomy":"category","embeddable":true,"href":"https:\/\/www.infokuryr.cz\/n\/wp-json\/wp\/v2\/categories?post=79667"},{"taxonomy":"post_tag","embeddable":true,"href":"https:\/\/www.infokuryr.cz\/n\/wp-json\/wp\/v2\/tags?post=79667"}],"curies":[{"name":"wp","href":"https:\/\/api.w.org\/{rel}","templated":true}]}}