{"id":79657,"date":"2025-05-26T00:22:07","date_gmt":"2025-05-25T22:22:07","guid":{"rendered":"https:\/\/www.infokuryr.cz\/n\/?p=79657"},"modified":"2025-05-25T15:00:24","modified_gmt":"2025-05-25T13:00:24","slug":"jindrich-kulhavy-sila-vzdoru","status":"publish","type":"post","link":"https:\/\/www.infokuryr.cz\/n\/2025\/05\/26\/jindrich-kulhavy-sila-vzdoru\/","title":{"rendered":"Jind\u0159ich Kulhav\u00fd: S\u00edla vzdoru"},"content":{"rendered":"<div id=\"fb-root\"><\/div>\n<p><strong><span class=\"anotation\">Evropa se zm\u00edt\u00e1 v\u00a0probl\u00e9mech, jej\u00ed elity postr\u00e1daj\u00ed smysl pro realitu. Schovan\u00e9 v\u00a0honosn\u00fdch pal\u00e1c\u00edch \u010di na ve\u0159ejnosti za z\u00e1dy siln\u00fdch mu\u017e\u016f z\u00a0ochranek tvo\u0159\u00ed sou\u010dasnost a r\u00e1dy by ovliv\u0148ovaly budoucnost. Ov\u0161em nikoliv ku prosp\u011bchu lid\u00ed v\u00a0n\u00ed \u017eij\u00edc\u00edch, ale tak, jak je jim k\u00e1z\u00e1no, \u010di jak si sami p\u0159edstavuj\u00ed, \u017ee by to pro n\u011b samotn\u00e9 bylo nejlep\u0161\u00ed.<\/span><\/strong><\/p>\n<div id=\"pagetext\">\n<p>\u00a0 V\u0161imn\u011bte si z\u00e1sadn\u00edho rozd\u00edlu mezi lidmi skute\u010dn\u011b pracuj\u00edc\u00edmi a t\u011bmi, kter\u00fdm je nejv\u011bt\u0161\u00edm p\u0159\u00edtelem pero a jazyk. V\u011bt\u0161ina lid\u00ed tvo\u0159\u00edc\u00edch hmatateln\u00e9 hodnoty nem\u00e1 mnoho \u010dasu na politiku. Je to logick\u00e9. P\u0159ijdete-li ve\u010der po n\u00e1ro\u010dn\u00e9m dni dom\u016f z d\u00edlny, ze stavby, pole \u010di tov\u00e1rny, sna\u017e\u00edte se na\u010derpat s\u00edly na dal\u0161\u00ed den. Nem\u00e1te \u010das na sezen\u00ed u internetu, m\u00edsto toho jste r\u00e1di, kdy\u017e se pomazl\u00edte s d\u011btmi, pozdrav\u00edte jejich m\u00e1mu a usnete jako \u0161palek s t\u00edm, kolik pr\u00e1ce V\u00e1s \u010dek\u00e1 z\u00edtra. Uv\u011bdomuje si v\u016fbec n\u011bkdo ten rozd\u00edl mezi lidmi vyd\u011bl\u00e1vaj\u00edc\u00edmi prac\u00ed a mezi dal\u0161\u00edmi, jejich\u017e jedn\u00edm z \u00fakol\u016f je komplikovat \u017eivot v\u0161em. Nic ve zl\u00e9m, ale mno\u017estv\u00ed m\u00e1lo pracuj\u00edc\u00edch a \u00fa\u0159edn\u00edk\u016f je zp\u016fsobeno t\u00edm, \u017ee se u n\u00e1s st\u00e1le m\u00e9n\u011b vyr\u00e1b\u00ed, dokonce i jen montuje, p\u011bstuje a chov\u00e1?<\/p>\n<p>Politiku netvo\u0159\u00ed ob\u010dan\u00e9 spojen\u00ed s\u00a0realitou, vznik\u00e1 p\u0159edev\u0161\u00edm v\u00a0kancel\u00e1\u0159sk\u00fdch budov\u00e1ch a prostorech. Dokonce i \u00fasp\u011b\u0161n\u00fd podnikatel m\u00e1 m\u00e1lo \u010dasu a nedosahuje li jeho moc a mno\u017estv\u00ed pen\u011bz do nejvy\u0161\u0161\u00edch pater, jako je tomu nap\u0159\u00edklad u zbroj\u00ed\u0159e Strnada a jemu podobn\u00fdch, v\u011bnuje se p\u0159edev\u0161\u00edm vlastn\u00ed firm\u011b a dopady mizern\u00fdch rozhodnut\u00ed politik\u016f a zcestn\u00e9ho pln\u011bn\u00ed nastaven\u00fdch povinnost\u00ed \u00fa\u0159edn\u00edky mu komplikuj\u00ed \u017eivot. Co t\u00edm chci \u0159\u00edct? Ve\u0161ker\u00e9 d\u011bn\u00ed kolem n\u00e1s maj\u00ed v\u00a0ruk\u00e1ch lid\u00e9 odtr\u017een\u00ed od reality. A\u0165 u\u017e jsou to herci z\u00a0politick\u00e9 sc\u00e9ny, ti skute\u010dn\u00ed, d\u00e1le \u00fa\u0159edn\u00edci, pracovn\u00edci v\u00a0m\u00e9di\u00edch a nep\u0159\u00edli\u0161 pracuj\u00edc\u00ed inteligence. Jen v\u00fdjime\u010dn\u011b se k\u00a0vyjad\u0159ov\u00e1n\u00ed n\u00e1zor\u016f dost\u00e1v\u00e1 zbytek, na n\u011bm\u017e v\u0161ak stoj\u00ed schopnost st\u00e1tu v\u016fbec existovat.<\/p>\n<p>Za socialismu chodila v\u011bt\u0161ina lid\u00ed skute\u010dn\u011b pracovat. \u010ceskoslovensko bylo pr\u016fmyslovou zem\u00ed, z\u00e1rove\u0148 jej\u00ed ob\u010dany dok\u00e1zali zem\u011bd\u011blci vcelku obstojn\u011b z\u00e1sobovat sv\u00fdmi produkty. Ne, nebylo to v\u017edy ide\u00e1ln\u00ed, nicm\u00e9n\u011b jsme byli dostate\u010dn\u011b samostatnou republikou. Ne, \u017ee by tehdy nevl\u00e1dnuli politici, ale velk\u00e1 \u010d\u00e1st z\u00a0nich pro\u0161la prax\u00ed odspodu. Nebyli obl\u00edben\u00ed, ale dok\u00e1zali vn\u00edmat a pracovat s\u00a0prost\u00fdmi lidmi. I proto se komunist\u00e9 dr\u017eeli tak dlouho u moci. A\u017e \u010dasem za\u010dali ztr\u00e1cet spojen\u00ed s\u00a0realitou, a nakonec je svrhnula ulice, by\u0165 u\u017e byly p\u0159edp\u0159ipraveni jin\u00ed dal\u0161\u00ed v\u016fdci. Ale i pot\u00e9 se mohl st\u00e1t ministrem pr\u00e1ce b\u00fdval\u00fd d\u011blnick\u00fd p\u0159ed\u00e1k Miller. To u\u017e by se nyn\u00ed st\u00e1t nemohlo. I tak si st\u011b\u017eoval, \u017ee mu nesed\u00ed b\u00fdt mezi politiky a nebyl tam \u0161\u0165astn\u00fd.<\/p>\n<p>S\u00a0kon\u010d\u00edc\u00edm socialismem se p\u0159ibl\u00ed\u017eil konec \u010deskoslovensk\u00e9 samostatnosti, pr\u016fmyslu, a nakonec i zem\u011bd\u011blstv\u00ed. Po\u010det pracuj\u00edc\u00edch a hodnoty tu tvo\u0159\u00edc\u00edch se m\u011bn\u00ed, nesmyslnost n\u00e1r\u016fstu po\u010dtu vysoko\u0161kol\u00e1k\u016f, bank\u00e9\u0159\u016f, \u00fa\u0159edn\u00edk\u016f, obchodn\u00edk\u016f s\u00a0\u010d\u00edmkoliv, youtuber\u016f a nakonec d\u011bv\u010dat prezentuj\u00edc\u00edch se na Only Fans je pro ty, kte\u0159\u00ed si pamatuj\u00ed b\u00fdval\u00e9 doly, kov\u00e1rny, vysok\u00e9 pece \u010di budov\u00e1n\u00ed st\u00e1tu zezdola, naprosto zjevn\u00e1 a fat\u00e1ln\u00ed. Situace, do kter\u00e9 n\u00e1s dovedli pragmati\u010dt\u00ed idealist\u00e9 typu Havla a Schwarzenberga, ekonomov\u00e9 z\u00a0b\u00fdval\u00e9ho Statistick\u00e9ho \u00fa\u0159adu a po nich u\u017e jen vy\u017e\u00edrky schopn\u00e9 akor\u00e1t tak rozprodat to, co vybudovali lid\u00e9 p\u0159ed nimi, je tristn\u00ed.<\/p>\n<p>Neo\u010dek\u00e1vejme po volb\u00e1ch z\u00e1sadn\u00ed zm\u011bny. Tvrd\u011b pracuj\u00edc\u00edch schopn\u00fdch se vzep\u0159\u00edt je u\u017e m\u00e1lo. \u00da\u0159edn\u00edci to nikdy nedok\u00e1\u017eou, jsou zm\u011bk\u010dil\u00ed a \u017eij\u00ed v\u00a0jin\u00e9m sv\u011bt\u011b. Politici v\u011bd\u00ed, \u017ee k\u00a0z\u00edsk\u00e1n\u00ed koryta mus\u00ed vyu\u017e\u00edvat kompromisy. A ty nikdy nepovol\u00ed b\u00fdt radik\u00e1ln\u00ed. D\u016fle\u017eitou s\u00edlou by mohla b\u00fdt ml\u00e1de\u017e, jen\u017ee ta sou\u010dasn\u00e1 je zmanipulovan\u00e1, genderem z\u017een\u0161til\u00e1 a naprosto neschopn\u00e1 vzej\u00edt z\u00a0historick\u00fdch poznatk\u016f. To proto, \u017ee minulost nezn\u00e1. Z\u00e1kladn\u00edm \u00fakolem liberalismu je obrousit hrany mo\u017en\u00e9ho vzdoru. Pod\u00edvejte se do Rumunska, kde byla zm\u011bna na dosah. P\u0159esto to eurohuje\u0159i zase dok\u00e1zali. Je smutn\u00e9, kdy\u017e jedinou alternativou, kde se skute\u010dn\u011b sna\u017e\u00ed bojovat s\u00a0liberalismem, je mal\u00e9 hnut\u00ed STA\u010cILO, v\u00a0n\u011bm\u017e v\u00a0\u010dele je komunistka (to neberte tentokr\u00e1t hanliv\u011b) Kone\u010dn\u00e1, soukrom\u00fd zem\u011bd\u011blec Sterzik a zdravotn\u00ed sestra R\u00e9dov\u00e1. Tedy aspo\u0148 dva lid\u00e9, kte\u0159\u00ed opravdu doned\u00e1vna pracovali rukama. Kolik dal\u0161\u00edch jim podobn\u00fdch v\u00a0politice vid\u00edte?<\/p>\n<p>Pokud V\u00e1s zaj\u00edm\u00e1, kdo jsem, \u017ee m\u00e1m \u010das s\u00a0V\u00e1mi sd\u00edlet sv\u00e9 my\u0161lenky, pak tedy odpov\u00edm. Sv\u00e9 \u010dl\u00e1nky p\u00ed\u0161i v\u00a0noci \u010di velmi brzy r\u00e1no, po tvrd\u00e9 pr\u00e1ci nebo t\u011bsn\u011b p\u0159ed n\u00ed. Na star\u00e1 kolena pracuji mnohem v\u00edce a tvrd\u011bji ne\u017e p\u0159ed mnoha lety. Neb\u00fdv\u00e1m nemocn\u00fd, za posledn\u00edch \u010dty\u0159icet let jsem v\u00a0pr\u00e1ci chyb\u011bl jen kv\u016fli \u00faraz\u016fm. Ano, zkusil jsem p\u0159ed \u010dasem proniknout do politiky, ale zhnusen jsem ode\u0161el. M\u00e9 ambice vl\u00e1dnout \u010di b\u00fdt mor\u00e1ln\u00edm vzorem se zm\u011bnily ve snahu pom\u00e1hat v\u00a0tom, aby lid\u00e9 pochopili, \u017ee jsou sami o sob\u011b nicotn\u00ed, p\u0159esto jedine\u010dn\u00ed. Schopnost lid\u00ed srocovat se je nyn\u00ed naru\u0161ena, ale a\u017e ji op\u011bt v\u00a0sob\u011b objev\u00ed, budou schopni se vzep\u0159\u00edt \u00fa\u0159edn\u00edk\u016fm, obchodn\u00edk\u016fm, bank\u00e9\u0159\u016fm a m\u00e9di\u00edm. Te\u010f v\u0161ichni tito slou\u017e\u00ed zlo\u010dinn\u00fdm konglomer\u00e1t\u016fm. Jsem jen dal\u0161\u00ed idealista? Mo\u017en\u00e1, ale sp\u00ed\u0161e bojovn\u00edk. Za\u010dn\u011bte p\u0159em\u00fd\u0161let. Bez pr\u00e1ce a odhodl\u00e1n\u00ed ni\u010deho nikdy nedos\u00e1hneme.<\/p>\n<p><a href=\"https:\/\/www.inadhled.live\/uvaha-dne\/sila-vzdoru\/\">Jind\u0159ich Kulhav\u00fd<\/a><\/p>\n<p><img decoding=\"async\" loading=\"lazy\" class=\"alignnone size-full wp-image-48136\" src=\"http:\/\/www.infokuryr.cz\/n\/wp-content\/uploads\/2024\/02\/kulhavy-jindrich.jpg\" alt=\"\" width=\"219\" height=\"221\" srcset=\"https:\/\/www.infokuryr.cz\/n\/wp-content\/uploads\/2024\/02\/kulhavy-jindrich.jpg 219w, https:\/\/www.infokuryr.cz\/n\/wp-content\/uploads\/2024\/02\/kulhavy-jindrich-150x150.jpg 150w\" sizes=\"(max-width: 219px) 100vw, 219px\" \/><\/p>\n<p>&nbsp;<\/p>\n<\/div>\n","protected":false},"excerpt":{"rendered":"<p>Evropa se zm\u00edt\u00e1 v\u00a0probl\u00e9mech, jej\u00ed elity postr\u00e1daj\u00ed smysl pro realitu. Schovan\u00e9 v\u00a0honosn\u00fdch pal\u00e1c\u00edch \u010di na&#8230;<\/p>\n","protected":false},"author":2,"featured_media":70901,"comment_status":"closed","ping_status":"closed","sticky":false,"template":"","format":"standard","meta":[],"categories":[6],"tags":[1503,35,122,27],"_links":{"self":[{"href":"https:\/\/www.infokuryr.cz\/n\/wp-json\/wp\/v2\/posts\/79657"}],"collection":[{"href":"https:\/\/www.infokuryr.cz\/n\/wp-json\/wp\/v2\/posts"}],"about":[{"href":"https:\/\/www.infokuryr.cz\/n\/wp-json\/wp\/v2\/types\/post"}],"author":[{"embeddable":true,"href":"https:\/\/www.infokuryr.cz\/n\/wp-json\/wp\/v2\/users\/2"}],"replies":[{"embeddable":true,"href":"https:\/\/www.infokuryr.cz\/n\/wp-json\/wp\/v2\/comments?post=79657"}],"version-history":[{"count":1,"href":"https:\/\/www.infokuryr.cz\/n\/wp-json\/wp\/v2\/posts\/79657\/revisions"}],"predecessor-version":[{"id":79658,"href":"https:\/\/www.infokuryr.cz\/n\/wp-json\/wp\/v2\/posts\/79657\/revisions\/79658"}],"wp:featuredmedia":[{"embeddable":true,"href":"https:\/\/www.infokuryr.cz\/n\/wp-json\/wp\/v2\/media\/70901"}],"wp:attachment":[{"href":"https:\/\/www.infokuryr.cz\/n\/wp-json\/wp\/v2\/media?parent=79657"}],"wp:term":[{"taxonomy":"category","embeddable":true,"href":"https:\/\/www.infokuryr.cz\/n\/wp-json\/wp\/v2\/categories?post=79657"},{"taxonomy":"post_tag","embeddable":true,"href":"https:\/\/www.infokuryr.cz\/n\/wp-json\/wp\/v2\/tags?post=79657"}],"curies":[{"name":"wp","href":"https:\/\/api.w.org\/{rel}","templated":true}]}}