{"id":79643,"date":"2025-05-26T00:22:01","date_gmt":"2025-05-25T22:22:01","guid":{"rendered":"https:\/\/www.infokuryr.cz\/n\/?p=79643"},"modified":"2025-05-25T14:24:15","modified_gmt":"2025-05-25T12:24:15","slug":"hluboko-ve-stredni-syrii-hlasen-zahadny-nalet-vrtulniku","status":"publish","type":"post","link":"https:\/\/www.infokuryr.cz\/n\/2025\/05\/26\/hluboko-ve-stredni-syrii-hlasen-zahadny-nalet-vrtulniku\/","title":{"rendered":"Hluboko ve st\u0159edn\u00ed S\u00fdrii hl\u00e1\u0161en z\u00e1hadn\u00fd n\u00e1let vrtuln\u00edku"},"content":{"rendered":"<div id=\"fb-root\"><\/div>\n<p><strong>Syr\u0161t\u00ed aktivist\u00e9 25. kv\u011btna informovali, \u017ee neidentifikovan\u00e9 jednotky p\u0159ist\u00e1ly z vrtuln\u00edk\u016f a provedly razii na komplexu pobl\u00ed\u017e m\u011bsta al-Kawm v centr\u00e1ln\u00ed syrsk\u00e9 guvernor\u00e1tu Homs.<\/strong><\/p>\n<p>Komplex, kter\u00fd se nach\u00e1z\u00ed v oblasti zn\u00e1m\u00e9 jako \u00fadol\u00ed al-Rabayeh, asi 15 kilometr\u016f v\u00fdchodn\u011b od al-Kawmu ve v\u00fdchodn\u00edm venkov\u011b Homsu, \u00fadajn\u011b vlastn\u00ed Bani Shuwaikh, mal\u00fd m\u00edstn\u00ed arabsk\u00fd kmen. \u010clenov\u00e9 kmene v komplexu \u017eili a podle aktivist\u016f slou\u017eil tak\u00e9 ke skladov\u00e1n\u00ed krmiva.<\/p>\n<p>V hodin\u00e1ch p\u0159edch\u00e1zej\u00edc\u00edch n\u00e1let\u016fm byly hl\u00e1\u0161eny st\u00edha\u010dky nad ji\u017en\u00edm governor\u00e1tem Dar\u00e1, pot\u00e9 nad as-Suv\u00e1d\u00e1j a pozd\u011bji nad Homsem.<\/p>\n<p>N\u011bkte\u0159\u00ed aktivist\u00e9 uvedli, \u017ee jednotky, kter\u00e9 provedly razii v komplexu pobl\u00ed\u017e al-Kawmu, zajaly mu\u017ee, zat\u00edmco jin\u00ed tvrdili, \u017ee mu\u017e byl na m\u00edst\u011b zabit a jeho t\u011blo bylo odvezeno. V\u0161echny zdroje v\u0161ak potvrdily, \u017ee jednotky komplex p\u0159ed \u00fastupem vyhodily do pov\u011bt\u0159\u00ed.<\/p>\n<p>Spojen\u00e9 st\u00e1ty v posledn\u00edch letech provedly v S\u00fdrii n\u011bkolik podobn\u00fdch razi\u00ed zam\u011b\u0159en\u00fdch p\u0159edev\u0161\u00edm na vysoce postaven\u00e9 \u010dleny ISIS. Nejzn\u00e1m\u011bj\u0161\u00ed z nich je operace Kayla Mueller z roku 2019, kter\u00e1 vy\u00fastila v zabit\u00ed zakladatele a prvn\u00edho v\u016fdce teroristick\u00e9 skupiny Ab\u00fa Bakra al-Bagd\u00e1d\u00edho ve m\u011bst\u011b Bari\u0161a v severn\u00edm guvernor\u00e1tu Idlib.<\/p>\n<p>USA dodnes udr\u017euj\u00ed v S\u00fdrii stovky voj\u00e1k\u016f, z nich\u017e n\u011bkte\u0159\u00ed jsou nasazeni v pos\u00e1dce v jihov\u00fdchodn\u00ed oblasti al-Tan, kter\u00e1 nen\u00ed daleko od al-Kawmu.<\/p>\n<p>Hl\u00e1\u0161en\u00fd n\u00e1let pobl\u00ed\u017e al-Kawmu v\u0161ak mohl b\u00fdt proveden jinou stranou. Syr\u0161t\u00ed aktivist\u00e9, kte\u0159\u00ed st\u00edha\u010dky nad Dar&#8217;\u00e1 a al-Suvajdou spat\u0159ili n\u011bkolik hodin p\u0159ed n\u00e1letem, je identifikovali jako izraelsk\u00e9.<\/p>\n<p>Hned po p\u00e1du Asadova re\u017eimu koncem roku 2024 vtrhly izraelsk\u00e9 jednotky do n\u00e1razn\u00edkov\u00e9 z\u00f3ny soused\u00edc\u00ed s n\u00e1razn\u00edkovou z\u00f3nou v ji\u017en\u00edm governor\u00e1tu al-Kunitra.<\/p>\n<p>Izrael pozd\u011bji podnikl stovky \u00fader\u016f, kter\u00e9 zni\u010dily v\u011bt\u0161inu vojensk\u00fdch kapacit zem\u011b. Syr\u0161t\u00ed aktivist\u00e9 tehdy informovali o s\u00e9rii n\u00e1let\u016f izraelsk\u00fdch vrtuln\u00edk\u016f hluboko v S\u00fdrii, a\u010dkoli tyto zpr\u00e1vy nikdy nepotvrdily nov\u00e9 \u00fa\u0159ady v zemi ani Izrael.<\/p>\n<p>A\u0165 u\u017e byl \u00fatok v al-Kawmu proveden USA nebo Izraelem, je velmi neobvykl\u00fd a je velmi pravd\u011bpodobn\u00e9, \u017ee c\u00edl byl velmi d\u016fle\u017eit\u00fd.<\/p>\n<p><img decoding=\"async\" loading=\"lazy\" class=\"alignnone size-full wp-image-1185\" src=\"http:\/\/www.infokuryr.cz\/n\/wp-content\/uploads\/2021\/04\/kuryr-podpis.png\" alt=\"\" width=\"84\" height=\"24\" \/><\/p>\n<p>&nbsp;<\/p>\n","protected":false},"excerpt":{"rendered":"<p>Syr\u0161t\u00ed aktivist\u00e9 25. kv\u011btna informovali, \u017ee neidentifikovan\u00e9 jednotky p\u0159ist\u00e1ly z vrtuln\u00edk\u016f a provedly razii na&#8230;<\/p>\n","protected":false},"author":2,"featured_media":79644,"comment_status":"closed","ping_status":"closed","sticky":false,"template":"","format":"standard","meta":[],"categories":[7],"tags":[3203,147,3912],"_links":{"self":[{"href":"https:\/\/www.infokuryr.cz\/n\/wp-json\/wp\/v2\/posts\/79643"}],"collection":[{"href":"https:\/\/www.infokuryr.cz\/n\/wp-json\/wp\/v2\/posts"}],"about":[{"href":"https:\/\/www.infokuryr.cz\/n\/wp-json\/wp\/v2\/types\/post"}],"author":[{"embeddable":true,"href":"https:\/\/www.infokuryr.cz\/n\/wp-json\/wp\/v2\/users\/2"}],"replies":[{"embeddable":true,"href":"https:\/\/www.infokuryr.cz\/n\/wp-json\/wp\/v2\/comments?post=79643"}],"version-history":[{"count":0,"href":"https:\/\/www.infokuryr.cz\/n\/wp-json\/wp\/v2\/posts\/79643\/revisions"}],"wp:featuredmedia":[{"embeddable":true,"href":"https:\/\/www.infokuryr.cz\/n\/wp-json\/wp\/v2\/media\/79644"}],"wp:attachment":[{"href":"https:\/\/www.infokuryr.cz\/n\/wp-json\/wp\/v2\/media?parent=79643"}],"wp:term":[{"taxonomy":"category","embeddable":true,"href":"https:\/\/www.infokuryr.cz\/n\/wp-json\/wp\/v2\/categories?post=79643"},{"taxonomy":"post_tag","embeddable":true,"href":"https:\/\/www.infokuryr.cz\/n\/wp-json\/wp\/v2\/tags?post=79643"}],"curies":[{"name":"wp","href":"https:\/\/api.w.org\/{rel}","templated":true}]}}