{"id":79634,"date":"2025-05-26T00:17:42","date_gmt":"2025-05-25T22:17:42","guid":{"rendered":"https:\/\/www.infokuryr.cz\/n\/?p=79634"},"modified":"2025-05-25T14:09:39","modified_gmt":"2025-05-25T12:09:39","slug":"strelba-na-zamestnance-ambasady-je-zkreslena-za-ucelem-dalsi-demonizace-propalestinskeho-hnuti","status":"publish","type":"post","link":"https:\/\/www.infokuryr.cz\/n\/2025\/05\/26\/strelba-na-zamestnance-ambasady-je-zkreslena-za-ucelem-dalsi-demonizace-propalestinskeho-hnuti\/","title":{"rendered":"St\u0159elba na zam\u011bstnance ambas\u00e1dy je zkreslena za \u00fa\u010delem dal\u0161\u00ed d\u00e9monizace propalestinsk\u00e9ho hnut\u00ed"},"content":{"rendered":"<div id=\"fb-root\"><\/div>\n<p><span>Minul\u00fd t\u00fdden vyvolala smrt dvou zam\u011bstnanc\u016f izraelsk\u00e9ho velvyslanectv\u00ed ve Washingtonu, D.C., okam\u017eit\u00e9 pokusy izraelsk\u00e9 vl\u00e1dy, sionistick\u00fdch organizac\u00ed a vl\u00e1dy USA kvalifikovat tento \u010din jako antisemitsk\u00e9 n\u00e1sil\u00ed. Novin\u00e1\u0159 Ken Klippenstein v\u0161ak odhalil, \u017ee \u00fadajn\u00fd st\u0159elec Elias Rodriguez ve sv\u00e9m <\/span><a href=\"https:\/\/www.kenklippenstein.com\/p\/the-israel-embassy-shooter-manifesto\"><span>manifestu<\/span><\/a><span>\u00a0v\u00fdslovn\u011b spojil sv\u00e9 \u010diny s prob\u00edhaj\u00edc\u00ed izraelskou genocidou a etnick\u00fdmi \u010distkami v Gaze, ani\u017e by se kdy zm\u00ednil o \u017didech nebo judaismu. Toto vypo\u010d\u00edtan\u00e9 zkreslov\u00e1n\u00ed si klade za c\u00edl odv\u00e9st pozornost od ohavn\u00e9ho n\u00e1sil\u00ed Izraele v Gaze a kriminalizovat hnut\u00ed ob\u010dansk\u00e9 spole\u010dnosti, kter\u00e1 se zasazuj\u00ed o osvobozen\u00ed Palestinc\u016f, t\u00edm, \u017ee je nespravedliv\u011b spojuj\u00ed s antisemitismem a politick\u00fdm n\u00e1sil\u00edm. Je mo\u017en\u00e9 odsoudit akty politick\u00e9ho n\u00e1sil\u00ed a vzdorovat t\u011bmto nebezpe\u010dn\u00fdm snah\u00e1m uml\u010det disent a spojovat legitimn\u00ed opozici v\u016f\u010di zlo\u010dinn\u00fdm \u010din\u016fm Izraele s bigotnost\u00ed.<\/span><\/p>\n<p><span>Vl\u00e1dy Francie, Spojen\u00e9ho kr\u00e1lovstv\u00ed a Kanady v mimo\u0159\u00e1dn\u00e9m v\u00fdvoji ud\u00e1lost\u00ed\u00a0<\/span><a href=\"https:\/\/www.gov.uk\/government\/news\/joint-statement-from-the-leaders-of-the-united-kingdom-france-and-canada-on-the-situation-in-gaza-and-the-west-bank\"><span>spole\u010dn\u011b po\u017eadovaly<\/span><\/a><span>\u00a0, aby Izrael ukon\u010dil sv\u00e9 ni\u010div\u00e9 n\u00e1sil\u00ed v Gaze. Toto spole\u010dn\u00e9 prohl\u00e1\u0161en\u00ed, kter\u00e9 tradi\u010dn\u011b uct\u00edv\u00e1 veden\u00ed USA ohledn\u011b izraelsk\u00fdch akc\u00ed, signalizuje potenci\u00e1ln\u00ed geopolitick\u00e9 posuny uprost\u0159ed chaosu, kter\u00fd rozpoutalo bou\u0159liv\u00e9 druh\u00e9 funk\u010dn\u00ed obdob\u00ed Donalda Trumpa. Francie se mo\u017en\u00e1 sna\u017e\u00ed nasm\u011brovat Evropskou unii k nov\u00e9mu postoji k Izraeli a Palestin\u011b, zat\u00edmco Spojen\u00e9 kr\u00e1lovstv\u00ed pod veden\u00edm Keira Starmera, kter\u00e9 pravd\u011bpodobn\u011b ztr\u00e1c\u00ed v\u00edru v americkou stabilitu, usiluje o u\u017e\u0161\u00ed vazby s Evropou. Kanada, kter\u00e1 \u010del\u00ed agresivn\u00edmu r\u00e9torick\u00e9mu a ekonomick\u00e9mu tlaku ze strany Trumpovy administrativy, podobn\u011b douf\u00e1 v pos\u00edlen\u00ed sv\u00fdch spojenectv\u00ed se Spojen\u00fdm kr\u00e1lovstv\u00edm a EU. Prob\u00edhaj\u00edc\u00ed izraelsk\u00e9 zv\u011brstva v Gaze se mohou jevit jako v\u00fdznamn\u00fd kl\u00ednov\u00fd probl\u00e9m, kter\u00fd poh\u00e1n\u00ed rostouc\u00ed izolaci USA na glob\u00e1ln\u00ed sc\u00e9n\u011b.<\/span><\/p>\n<p><span>Mezit\u00edm je situace v Gaze katastrof\u00e1ln\u00ed. Des\u00edtky tis\u00edc Palestinc\u016f, v\u010detn\u011b nespo\u010dtu d\u011bt\u00ed,\u00a0<\/span><a href=\"https:\/\/mondoweiss.net\/2025\/05\/blueprint-for-ethnic-cleansing-ngos-condemn-gaza-aid-plan\/\"><span>\u010del\u00ed hladov\u011bn\u00ed<\/span><\/a><span>\u00a0, zat\u00edmco izraelsk\u00e9 vojensk\u00e9 s\u00edly ne\u00fanavn\u011b \u00fato\u010d\u00ed na civilisty, kte\u0159\u00ed jsou nuceni znovu uprchnout na jih. Infrastruktura a \u010dtvrti Gazy jsou nad\u00e1le lehce zni\u010deny a izrael\u0161t\u00ed p\u0159edstavitel\u00e9 otev\u0159en\u011b prosazuj\u00ed etnick\u00e9 \u010distky \u00fazem\u00ed. Je z\u00e1sadn\u00ed, abychom d\u016fv\u011b\u0159ovali sv\u00fdm o\u010d\u00edm a u\u0161\u00edm a odm\u00edtli se nechat obelst\u00edt plynem a nev\u011b\u0159it odv\u00e1\u017en\u00fdm zpr\u00e1v\u00e1m palestinsk\u00fdch novin\u00e1\u0159\u016f a civilist\u016f. To, \u010deho jsme sv\u011bdky, nen\u00ed nic jin\u00e9ho ne\u017e masov\u00e9 masakrov\u00e1n\u00ed a etnick\u00e9 \u010distky. Z\u016fsta\u0148te zapojen\u00ed, organizujte se a nad\u00e1le se zasazujte o ukon\u010den\u00ed tohoto \u0161\u00edlenstv\u00ed.<\/span><\/p>\n<p><span style=\"font-size: 10pt;\"><a href=\"https:\/\/mondoweiss.net\/2025\/05\/weekly-briefing-embassy-staff-shooting-is-skewed-to-further-demonize-pro-palestine-movement\/\">ZDROJ<\/a><\/span><\/p>\n<p>&nbsp;<\/p>\n","protected":false},"excerpt":{"rendered":"<p>Minul\u00fd t\u00fdden vyvolala smrt dvou zam\u011bstnanc\u016f izraelsk\u00e9ho velvyslanectv\u00ed ve Washingtonu, D.C., okam\u017eit\u00e9 pokusy izraelsk\u00e9 vl\u00e1dy,&#8230;<\/p>\n","protected":false},"author":2,"featured_media":79635,"comment_status":"closed","ping_status":"closed","sticky":false,"template":"","format":"standard","meta":[],"categories":[7],"tags":[468,348,107,37],"_links":{"self":[{"href":"https:\/\/www.infokuryr.cz\/n\/wp-json\/wp\/v2\/posts\/79634"}],"collection":[{"href":"https:\/\/www.infokuryr.cz\/n\/wp-json\/wp\/v2\/posts"}],"about":[{"href":"https:\/\/www.infokuryr.cz\/n\/wp-json\/wp\/v2\/types\/post"}],"author":[{"embeddable":true,"href":"https:\/\/www.infokuryr.cz\/n\/wp-json\/wp\/v2\/users\/2"}],"replies":[{"embeddable":true,"href":"https:\/\/www.infokuryr.cz\/n\/wp-json\/wp\/v2\/comments?post=79634"}],"version-history":[{"count":0,"href":"https:\/\/www.infokuryr.cz\/n\/wp-json\/wp\/v2\/posts\/79634\/revisions"}],"wp:featuredmedia":[{"embeddable":true,"href":"https:\/\/www.infokuryr.cz\/n\/wp-json\/wp\/v2\/media\/79635"}],"wp:attachment":[{"href":"https:\/\/www.infokuryr.cz\/n\/wp-json\/wp\/v2\/media?parent=79634"}],"wp:term":[{"taxonomy":"category","embeddable":true,"href":"https:\/\/www.infokuryr.cz\/n\/wp-json\/wp\/v2\/categories?post=79634"},{"taxonomy":"post_tag","embeddable":true,"href":"https:\/\/www.infokuryr.cz\/n\/wp-json\/wp\/v2\/tags?post=79634"}],"curies":[{"name":"wp","href":"https:\/\/api.w.org\/{rel}","templated":true}]}}