{"id":79633,"date":"2025-05-26T00:15:30","date_gmt":"2025-05-25T22:15:30","guid":{"rendered":"https:\/\/www.infokuryr.cz\/n\/?p=79633"},"modified":"2025-05-25T14:46:04","modified_gmt":"2025-05-25T12:46:04","slug":"slovenska-zemedelska-komora-naleha-na-ukonceni-obchodnich-ustupku-pro-ukrajinu-a-pozaduje-navrat-k-predvalecnym-clum","status":"publish","type":"post","link":"https:\/\/www.infokuryr.cz\/n\/2025\/05\/26\/slovenska-zemedelska-komora-naleha-na-ukonceni-obchodnich-ustupku-pro-ukrajinu-a-pozaduje-navrat-k-predvalecnym-clum\/","title":{"rendered":"Slovensk\u00e1 zem\u011bd\u011blsk\u00e1 komora nal\u00e9h\u00e1 na ukon\u010den\u00ed obchodn\u00edch \u00fastupk\u016f pro Ukrajinu a po\u017eaduje n\u00e1vrat k p\u0159edv\u00e1le\u010dn\u00fdm cl\u016fm"},"content":{"rendered":"<div id=\"fb-root\"><\/div>\n<h3 class=\"s-tagline fw-tagline\">Sloven\u0161t\u00ed farm\u00e1\u0159i tvrd\u00ed, \u017ee celn\u00ed pr\u00e1zdniny pro ukrajinsk\u00e9 produkty destabilizovaly trhy EU a podkopaly dom\u00e1c\u00ed dodavatele<\/h3>\n<p>Slovensk\u00e1 zem\u011bd\u011blsk\u00e1 a potravin\u00e1\u0159sk\u00e1 komora (SPPK) d\u016frazn\u011b vyzvala Evropskou unii, aby po skon\u010den\u00ed sou\u010dasn\u00e9ho pozastaven\u00ed cel, kter\u00e9 skon\u010d\u00ed 5. \u010dervna 2025, obnovila s Ukrajinou p\u0159edv\u00e1le\u010dn\u00e9 obchodn\u00ed podm\u00ednky.<\/p>\n<p>Na \u010dtvrte\u010dn\u00edm zased\u00e1n\u00ed p\u0159edstavenstva komora jednomysln\u011b p\u0159ijala stanovisko nal\u00e9haj\u00edc\u00ed na ukon\u010den\u00ed tzv. \u201eceln\u00edch pr\u00e1zdnin\u201c, kter\u00e9 od \u010dervna 2022 umo\u017e\u0148ovaly ukrajinsk\u00fdm zem\u011bd\u011blsk\u00fdm produkt\u016fm bezceln\u00ed p\u0159\u00edstup na trhy EU.<\/p>\n<p>Podle SPPK m\u011blo uvoln\u011bn\u00ed obchodn\u00edch pravidel po rusk\u00e9 invazi na Ukrajinu hluboce ru\u0161iv\u00fd dopad na zem\u011bd\u011blsk\u00e9 trhy EU. Skupina tvrd\u00ed, \u017ee ukrajinsk\u00e9 produkty zaplavily trh, podkop\u00e1valy ceny dom\u00e1c\u00edch i dal\u0161\u00edch evropsk\u00fdch producent\u016f, zejm\u00e9na obilovin a olejnin, a stla\u010dily ceny dol\u016f.<\/p>\n<p>Ukrajin\u0161t\u00ed zem\u011bd\u011blci m\u011bli fakticky p\u0159ednostn\u00ed p\u0159\u00edstup na jednotn\u00fd trh EU, ani\u017e by museli dodr\u017eovat p\u0159edpisy a normy, kter\u00e9 \u010dasto zvy\u0161uj\u00ed v\u00fdrobn\u00ed n\u00e1klady zem\u011bd\u011blc\u016f v EU, co\u017e jim zt\u011b\u017euje cenovou konkurenci.<\/p>\n<p>\u201ePro n\u00e1s je nejlep\u0161\u00ed alternativou, co se t\u00fd\u010de cel, aby obchodn\u00ed pravidla platila tak, jak platila p\u0159ed vypuknut\u00edm v\u00e1lky na Ukrajin\u011b,\u201c\u00a0<a href=\"https:\/\/www.sppk.sk\/clanok\/5590\">\u0159ekl<\/a>\u00a0p\u0159edseda SPKK Andrej Gajdo\u0161. \u201eV s\u00e1zce je opravdu hodn\u011b, v\u010detn\u011b cenov\u00fdch turbulenc\u00ed, ztr\u00e1ty trh\u016f a dovozu potravin vyroben\u00fdch podle jin\u00fdch v\u00fdrobn\u00edch a bezpe\u010dnostn\u00edch pravidel.\u201c<\/p>\n<p>Gajdo\u0161 zd\u016fraznil pot\u0159ebu \u201esyst\u00e9mov\u00e9ho evropsk\u00e9ho \u0159e\u0161en\u00ed\u201c pro regulaci dovozu ukrajinsk\u00fdch komodit zp\u016fsobem, kter\u00fd zachov\u00e1 rovnov\u00e1hu trhu a vyhne se nutnosti, aby jednotliv\u00e9 \u010dlensk\u00e9 st\u00e1ty podnikaly jednostrann\u00e9 kroky proti vn\u00edman\u00e9mu ukrajinsk\u00e9mu dumpingu.<\/p>\n<p>\u201eR\u00e1di bychom vid\u011bli men\u0161\u00ed turbulence na trhu, stabilitu a jistotu, kter\u00e9 by na\u0161im producent\u016fm umo\u017enily spolehliv\u011b stanovit jejich obchodn\u00ed pl\u00e1ny,\u201c dodal.<\/p>\n<p>Rada rovn\u011b\u017e zaujala pevn\u00fd postoj k budouc\u00ed \u017e\u00e1dosti Ukrajiny o \u010dlenstv\u00ed a trvala na tom, \u017ee Kyjev by m\u011bl bez v\u00fdjimky splnit v\u0161echna p\u0159edvstupn\u00ed krit\u00e9ria EU. \u201eUkrajina by m\u011bla jednozna\u010dn\u011b, bez \u00fastupk\u016f a na 100 procent splnit v\u0161echna p\u0159edvstupn\u00ed krit\u00e9ria stejn\u00fdm zp\u016fsobem, jako to musely ud\u011blat dne\u0161n\u00ed \u010dlensk\u00e9 st\u00e1ty EU, v\u010detn\u011b Slovensk\u00e9 republiky,\u201c uvedla SPPK.<\/p>\n<p><img decoding=\"async\" loading=\"lazy\" class=\"alignnone size-full wp-image-1185\" src=\"http:\/\/www.infokuryr.cz\/n\/wp-content\/uploads\/2021\/04\/kuryr-podpis.png\" alt=\"\" width=\"84\" height=\"24\" \/><\/p>\n<p>&nbsp;<\/p>\n","protected":false},"excerpt":{"rendered":"<p>Sloven\u0161t\u00ed farm\u00e1\u0159i tvrd\u00ed, \u017ee celn\u00ed pr\u00e1zdniny pro ukrajinsk\u00e9 produkty destabilizovaly trhy EU a podkopaly dom\u00e1c\u00ed&#8230;<\/p>\n","protected":false},"author":2,"featured_media":74783,"comment_status":"closed","ping_status":"closed","sticky":false,"template":"","format":"standard","meta":[],"categories":[7],"tags":[2739,203,26],"_links":{"self":[{"href":"https:\/\/www.infokuryr.cz\/n\/wp-json\/wp\/v2\/posts\/79633"}],"collection":[{"href":"https:\/\/www.infokuryr.cz\/n\/wp-json\/wp\/v2\/posts"}],"about":[{"href":"https:\/\/www.infokuryr.cz\/n\/wp-json\/wp\/v2\/types\/post"}],"author":[{"embeddable":true,"href":"https:\/\/www.infokuryr.cz\/n\/wp-json\/wp\/v2\/users\/2"}],"replies":[{"embeddable":true,"href":"https:\/\/www.infokuryr.cz\/n\/wp-json\/wp\/v2\/comments?post=79633"}],"version-history":[{"count":0,"href":"https:\/\/www.infokuryr.cz\/n\/wp-json\/wp\/v2\/posts\/79633\/revisions"}],"wp:featuredmedia":[{"embeddable":true,"href":"https:\/\/www.infokuryr.cz\/n\/wp-json\/wp\/v2\/media\/74783"}],"wp:attachment":[{"href":"https:\/\/www.infokuryr.cz\/n\/wp-json\/wp\/v2\/media?parent=79633"}],"wp:term":[{"taxonomy":"category","embeddable":true,"href":"https:\/\/www.infokuryr.cz\/n\/wp-json\/wp\/v2\/categories?post=79633"},{"taxonomy":"post_tag","embeddable":true,"href":"https:\/\/www.infokuryr.cz\/n\/wp-json\/wp\/v2\/tags?post=79633"}],"curies":[{"name":"wp","href":"https:\/\/api.w.org\/{rel}","templated":true}]}}