{"id":7963,"date":"2022-02-01T07:26:26","date_gmt":"2022-02-01T06:26:26","guid":{"rendered":"http:\/\/www.infokuryr.cz\/n\/?p=7963"},"modified":"2022-02-01T07:26:26","modified_gmt":"2022-02-01T06:26:26","slug":"rusky-vyslanec-pri-osn-obvinil-usa-z-podnecovani-k-valce","status":"publish","type":"post","link":"https:\/\/www.infokuryr.cz\/n\/2022\/02\/01\/rusky-vyslanec-pri-osn-obvinil-usa-z-podnecovani-k-valce\/","title":{"rendered":"Rusk\u00fd vyslanec p\u0159i OSN obvinil USA z &#8222;podn\u011bcov\u00e1n\u00ed k v\u00e1lce&#8220;"},"content":{"rendered":"<div id=\"fb-root\"><\/div>\n<p>St\u00e1l\u00fd z\u00e1stupce Ruska p\u0159i OSN Vasilij Nebenza ve sv\u00e9m projevu uvedl, \u017ee rusk\u00e1 invaze na Ukrajinu je nemo\u017en\u00e1, ale \u017ee Rusko nevylu\u010duje provokace ukrajinsk\u00fdch vojsk. Obvinil tak\u00e9 USA, \u017ee &#8222;podn\u011bcuj\u00ed k v\u00e1lce&#8220;.<\/p>\n<p><strong>&#8222;Mluvit o bl\u00ed\u017e\u00edc\u00ed se v\u00e1lce je samo o sob\u011b provokativn\u00ed. Je to, jako byste po tom volali, cht\u011bli a \u010dekali, a\u017e se to stane, jako byste cht\u011bli sv\u00e9 spekulace uskute\u010dnit,&#8220; obr\u00e1til se Vasilij Nebenzia na USA.<\/strong><\/p>\n<p><em><strong>&#8222;Obecn\u011b lze \u0159\u00edci, \u017ee neb\u00fdt na\u0161ich z\u00e1padn\u00edch koleg\u016f, kte\u0159\u00ed podn\u00edtili a podpo\u0159ili krvav\u00fd proti\u00fastavn\u00ed pu\u010d v roce 2014, kter\u00fd vynesl k moci v Kyjev\u011b nacionalisty, radik\u00e1ly, rusofoby a nacisty, \u017eili bychom st\u00e1le v duchu dobr\u00e9ho sousedstv\u00ed a vz\u00e1jemn\u011b v\u00fdhodn\u00e9 spolupr\u00e1ce,&#8220;<\/strong> <\/em>\u0159ekl Nebenzia.<\/p>\n<p>Zased\u00e1n\u00ed Rady bezpe\u010dnosti OSN bylo svol\u00e1no z podn\u011btu USA, aby se projednalo &#8222;ohro\u017een\u00ed m\u00edru a bezpe\u010dnosti, kter\u00e9 p\u0159edstavuje posilov\u00e1n\u00ed rusk\u00fdch vojsk na hranic\u00edch s Ukrajinou&#8220;. Z\u00e1stupci Ruska a \u010c\u00edny byli proti.<\/p>\n<p><img decoding=\"async\" loading=\"lazy\" class=\"alignnone size-full wp-image-1185\" src=\"http:\/\/www.infokuryr.cz\/n\/wp-content\/uploads\/2021\/04\/kuryr-podpis.png\" alt=\"\" width=\"84\" height=\"24\" \/><\/p>\n<p>&nbsp;<\/p>\n","protected":false},"excerpt":{"rendered":"<p>St\u00e1l\u00fd z\u00e1stupce Ruska p\u0159i OSN Vasilij Nebenza ve sv\u00e9m projevu uvedl, \u017ee rusk\u00e1 invaze na&#8230;<\/p>\n","protected":false},"author":2,"featured_media":5062,"comment_status":"closed","ping_status":"closed","sticky":false,"template":"","format":"standard","meta":[],"categories":[7],"tags":[186,1408,22,37,40],"_links":{"self":[{"href":"https:\/\/www.infokuryr.cz\/n\/wp-json\/wp\/v2\/posts\/7963"}],"collection":[{"href":"https:\/\/www.infokuryr.cz\/n\/wp-json\/wp\/v2\/posts"}],"about":[{"href":"https:\/\/www.infokuryr.cz\/n\/wp-json\/wp\/v2\/types\/post"}],"author":[{"embeddable":true,"href":"https:\/\/www.infokuryr.cz\/n\/wp-json\/wp\/v2\/users\/2"}],"replies":[{"embeddable":true,"href":"https:\/\/www.infokuryr.cz\/n\/wp-json\/wp\/v2\/comments?post=7963"}],"version-history":[{"count":0,"href":"https:\/\/www.infokuryr.cz\/n\/wp-json\/wp\/v2\/posts\/7963\/revisions"}],"wp:featuredmedia":[{"embeddable":true,"href":"https:\/\/www.infokuryr.cz\/n\/wp-json\/wp\/v2\/media\/5062"}],"wp:attachment":[{"href":"https:\/\/www.infokuryr.cz\/n\/wp-json\/wp\/v2\/media?parent=7963"}],"wp:term":[{"taxonomy":"category","embeddable":true,"href":"https:\/\/www.infokuryr.cz\/n\/wp-json\/wp\/v2\/categories?post=7963"},{"taxonomy":"post_tag","embeddable":true,"href":"https:\/\/www.infokuryr.cz\/n\/wp-json\/wp\/v2\/tags?post=7963"}],"curies":[{"name":"wp","href":"https:\/\/api.w.org\/{rel}","templated":true}]}}