{"id":79626,"date":"2025-05-25T06:07:22","date_gmt":"2025-05-25T04:07:22","guid":{"rendered":"https:\/\/www.infokuryr.cz\/n\/?p=79626"},"modified":"2025-05-25T06:07:22","modified_gmt":"2025-05-25T04:07:22","slug":"michael-svatos-nove-vyhruzky-rusku-cina-spusti-proces-lend-lease-act-berlin-nema-sanci-rusku-vzdorovat","status":"publish","type":"post","link":"https:\/\/www.infokuryr.cz\/n\/2025\/05\/25\/michael-svatos-nove-vyhruzky-rusku-cina-spusti-proces-lend-lease-act-berlin-nema-sanci-rusku-vzdorovat\/","title":{"rendered":"Michael Svato\u0161: Nov\u00e9 v\u00fdhru\u017eky Rusku! \u010c\u00edna spust\u00ed proces Lend-Lease Act! Berl\u00edn nem\u00e1 \u0161anci Rusku vzdorovat!"},"content":{"rendered":"<div id=\"fb-root\"><\/div>\n<h2>Nov\u00e9 v\u00fdhru\u017eky Rusku! \u010c\u00edna spust\u00ed proces Lend-Lease Act! Berl\u00edn nem\u00e1 \u0161anci Rusku vzdorovat! Komu vlastn\u011b slou\u017e\u00ed v\u00e1lka do posledn\u00edho Ukrajince, anal\u00fdza<\/h2>\n<div class=\"entry-content\">\n<p><a href=\"https:\/\/www.globaltimes.cn\/page\/202505\/1334755.shtml\">Nov\u00fd n\u011bmeck\u00fd v\u016fdce Friedrich Merz si v p\u00e1tek 23. kv\u011btna telefonicky notoval s \u010d\u00ednsk\u00fdm prezidentem Xi<\/a>\u00a0a potvrdil mu, \u017ee N\u011bmecko se d\u016fsledn\u011b dr\u017e\u00ed politiky jedn\u00e9 \u010c\u00edny, (ne Tchaj-wan), a pod jeho novou vl\u00e1dou hodl\u00e1 d\u00e1le pragmaticky rozv\u00edjet strategick\u00e9 partnerstv\u00ed s \u010c\u00ednou. Tato pro-\u010d\u00ednsk\u00e1 politika nov\u00e9ho berl\u00ednsk\u00e9ho kancl\u00e9\u0159e je v ostr\u00e9m kontrastu\u00a0<a href=\"https:\/\/www.novinky.cz\/clanek\/domaci-lipavsky-se-chysta-informovat-vladu-o-revizi-vztahu-s-cinou-40519333\">se sou\u010dasn\u00fdm ta\u017een\u00edm \u010desk\u00e9ho ministra zahrani\u010d\u00ed Jana Lipavsk\u00e9ho<\/a>, (ex-Pir\u00e1t, nyn\u00ed ve slu\u017eb\u00e1ch Fialova politick\u00e9ho volebn\u00edho gangu \u201cza v\u00edt\u011bzstv\u00ed v podzimn\u00edch volb\u00e1ch \u2013 Spolu\u201d), i s dlouhodob\u00fdmi snahami tzv. \u010cesk\u00fdch Tchajwanc\u016f, (ano\u00a0 Tchaj-wan), shrom\u00e1\u017ed\u011bn\u00fdch kolem p\u0159edsedy Sen\u00e1tu Milo\u0161e Vystr\u010dila (ODS), kter\u00e9 sm\u011b\u0159uj\u00ed k nahrazen\u00ed dosavadn\u00edho ofici\u00e1ln\u00edho \u201cform\u00e1ln\u00edho strategick\u00e9ho partnerstv\u00ed mezi \u010c\u00ednou a \u010cR\u201d, definovan\u00e9ho ve strategick\u00fdch dokumentech \u010cR je\u0161t\u011b z doby hradn\u00edho \u00fa\u0159adov\u00e1n\u00ed Milo\u0161e Zemana blah\u00e9 pam\u011bti, n\u011bjakou novou, ofici\u00e1ln\u00ed, a u\u017e proti-\u010d\u00ednsky lad\u011bnou doktr\u00ednou \u010desk\u00e9ho st\u00e1tu. A Lipavsk\u00fd dokonce p\u0159ed p\u00e1r t\u00fddny vytruboval v mainstreamu, \u017ee tuto strategickou zm\u011bnu vztahu \u010cR k \u010c\u00edn\u011b brzy p\u0159edlo\u017e\u00ed fialov\u00e9 vl\u00e1d\u011b k posouzen\u00ed, v souladu s jej\u00edm programov\u00fdm prohl\u00e1\u0161en\u00edm.<\/p>\n<p>Tento diametr\u00e1ln\u011b odli\u0161n\u00fd p\u0159\u00edstup \u010desk\u00e9 fialov\u00e9 a n\u011bmeck\u00e9 Scholz-Merz- politky k \u010c\u00edn\u011b u\u017e nese pro \u010ceskou republiku viditeln\u011b neblah\u00e9 d\u016fsledky. Podle p\u0159ed p\u00e1r dny publikovan\u00e9 ofici\u00e1ln\u00ed zpr\u00e1vy,\u00a0<a href=\"https:\/\/en.wikipedia.org\/wiki\/Germany_Trade_and_Invest\">berl\u00ednsk\u00fdm kancl\u00e9\u0159stv\u00edm p\u0159\u00edmo vlastn\u011bn\u00e9 renomovan\u00e9 agentury GTAI<\/a>, byla \u010c\u00edna v roce 2024 t\u0159et\u00edm nejv\u011bt\u0161\u00edm investorem v N\u011bmecku, a zalo\u017eila v n\u011bm 199 nov\u00fdch firem, (<a href=\"https:\/\/www.gtai.de\/en\/invest\/business-location-germany\/foreign-direct-investment\/2024-fdi-report-1896724\">1 -USA \u2013 229, 2 \u2013 \u0160v\u00fdcarsko \u2013 202, 4 \u2013 Velk\u00e1 Brit\u00e1nie \u2013 137, 5 \u2013 Holandsko \u2013 97, 6 \u2013 Turecko \u2013 86<\/a>).\u00a0Leto\u0161n\u00ed n\u00e1r\u016fst nov\u00fdch \u010d\u00ednsk\u00fdch firem zalo\u017een\u00fdch v N\u011bmecku v\u0161ak u\u017e p\u0159edstavuje\u00a0<a href=\"https:\/\/www.globaltimes.cn\/page\/202505\/1334755.shtml\">dal\u0161\u00ed slibn\u00fd n\u00e1r\u016fst + 42%<\/a>, a\u00a0<a href=\"https:\/\/www.reuters.com\/en\/foreign-investment-germany-fell-third-year-row-2024-2025-05-12\/\">p\u0159i dlouhodob\u00e9m prudk\u00e9m poklesu z\u00e1jmu ciz\u00edho kapit\u00e1lu investovat v N\u011bmecku do nov\u00fdch firem<\/a>, se nelze divit, \u017ee Merz v p\u00e1tek telefonoval Xi, a mazal mu med kolem pusy, aby investoval je\u0161t\u011b v\u00edc. \u010c\u00ednsk\u00e1 ekonomika st\u00e1le roste, zat\u00edmco n\u011bmeck\u00e1 se propad\u00e1 do deprese. Nov\u00e9 firmy v nov\u00fdch modern\u00edch oborech znamenaj\u00ed nov\u00e1 dob\u0159e placen\u00e1 m\u00edsta, a Merz se proto k \u010c\u00edn\u011b chov\u00e1 pragmaticky, a hodl\u00e1 Germ\u00e1n\u016fm prost\u0159ednictv\u00edm \u010d\u00ednsk\u00fdch investic zajistit i nad\u00e1le jejich oproti \u010cech\u016fm zna\u010dn\u011b vy\u0161\u0161\u00ed platy. Fiala kr\u00e1\u010d\u00ed d\u016fsledn\u011b opa\u010dn\u00fdm sm\u011brem. Za jeho vl\u00e1dy zkrachovaly v\u0161echny sl\u00edben\u00e9 zahrani\u010dn\u00ed investice do \u010cR, Plze\u0148-VW,\u00a0<a href=\"https:\/\/www.idnes.cz\/ostrava\/zpravy\/gigafactory-dolni-lutyne-prumyslova-zona-studie.A250320_121035_ostrava-zpravy_dmk\">Doln\u00ed Lutyn\u011b \u2013 Jihokorejci<\/a>, a\u00a0<a href=\"https:\/\/www.seznamzpravy.cz\/clanek\/ekonomika-firmy-sledujte-konecne-obri-investice-v-cesku-v-roznove-vyroste-tovarna-na-cipy-254285\">Fialou osobn\u011b naslibovan\u00e1 nejv\u011bt\u0161\u00ed investice v historii \u010cR<\/a>\u00a0zat\u00edm\u00a0<a href=\"https:\/\/www.idnes.cz\/zlin\/zpravy\/onsemi-odstupne-roznov-pod-radhostem-propousteni-ekonomika.A250320_142018_zlin-zpravy_jfuk\">skon\u010dila jen hromadn\u00fdm propou\u0161t\u011bn\u00edm st\u00e1vaj\u00edc\u00edch zam\u011bstnanc\u016f, dokonce bez zv\u00fd\u0161en\u00e9ho odstupn\u00e9ho<\/a>.<\/p>\n<div id=\"attachment_18041\" class=\"wp-caption aligncenter\" style=\"width: 893px;\"><img decoding=\"async\" loading=\"lazy\" class=\" wp-image-18041\" src=\"https:\/\/www.michalapetr.com\/wp-content\/uploads\/2025\/05\/117878286_110a7d81-55dd-45f5-a076-5dec003639ef.png\" sizes=\"(max-width: 1020px) 100vw, 1020px\" srcset=\"https:\/\/www.michalapetr.com\/wp-content\/uploads\/2025\/05\/117878286_110a7d81-55dd-45f5-a076-5dec003639ef.png 1020w, https:\/\/www.michalapetr.com\/wp-content\/uploads\/2025\/05\/117878286_110a7d81-55dd-45f5-a076-5dec003639ef-300x200.png 300w, https:\/\/www.michalapetr.com\/wp-content\/uploads\/2025\/05\/117878286_110a7d81-55dd-45f5-a076-5dec003639ef-768x512.png 768w, https:\/\/www.michalapetr.com\/wp-content\/uploads\/2025\/05\/117878286_110a7d81-55dd-45f5-a076-5dec003639ef-705x470.png 705w, https:\/\/www.michalapetr.com\/wp-content\/uploads\/2025\/05\/117878286_110a7d81-55dd-45f5-a076-5dec003639ef-450x300.png 450w\" alt=\"\" width=\"893\" height=\"595\" aria-describedby=\"caption-attachment-18041\" \/><\/p>\n<p id=\"caption-attachment-18041\" class=\"wp-caption-text\" style=\"text-align: justify;\">15. kv\u011btna 2025 v Budape\u0161ti Victor Orb\u00e1n a \u0161\u00e9f BYD-AUTO Wang Chuanfu spole\u010dn\u011b ozn\u00e1mili, \u017ee v Budape\u0161ti bude vybudov\u00e1no \u0159editelstv\u00ed, a v\u00fdzkumn\u00e9 a v\u00fdvojov\u00e9 centrum BYD pro celou Evropu. 2000 ma\u010farsk\u00fdch technicky vzd\u011blan\u00fdch vysoko\u0161kol\u00e1k\u016f m\u00e1 tak brzy z\u00edskat skv\u011ble honorovanou pr\u00e1ci u nejrychleji rostouc\u00ed automobilky sv\u011bta. V p\u00e1tek 23. kv\u011btna 2025 u\u017e nov\u00fd n\u011bmeck\u00fd kancl\u00e9\u0159 Merz telefonoval \u010d\u00ednsk\u00e9mu prezidentu Xi, \u017ee N\u011bmecko je tak\u00e9 strategick\u00fd p\u0159\u00edtel \u010c\u00edny, a hlavn\u011b pragmaticky miluje \u010d\u00ednsk\u00e9 strategick\u00e9 investice vytv\u00e1\u0159ej\u00edc\u00ed nov\u00e1 n\u011bmeck\u00e1 pracovn\u00ed m\u00edsta. Ve stejn\u00e9 dob\u011b hodl\u00e1 na\u0161e fialov\u00e1 vl\u00e1da brzy projednat novou doktr\u00ednu vztah\u016f \u010cR s \u010c\u00ednou, a ta m\u00e1 nahradit dosavadn\u00ed \u201cstrategick\u00e9 partnerstv\u00ed\u201d obou zem\u00ed, definovan\u00e9 je\u0161t\u011b za Zemana, \u010d\u00edmsi nov\u00fdm. Zd\u00e1 se tak, \u017ee n\u011bmeck\u00e9 platy u n\u00e1s m\u00edt je\u0161t\u011b dlouho nebudeme. I \u017ee brzy budeme z\u00e1vid\u011bt tak\u00e9 ty ma\u010farsk\u00e9. (<a href=\"http:\/\/www.china.org.cn\/2025-05\/16\/content_117878286.shtml\">Zdroj foto Xinhua<\/a>)<\/p>\n<\/div>\n<p>Naopak N\u011bmecko z\u00edskalo jen loni\u00a0<a href=\"https:\/\/www.reuters.com\/technology\/chinese-owned-chipmaker-nexperia-invests-200-mln-european-expansion-2024-06-27\/\">investici \u010d\u00ednsk\u00e9 spole\u010dnosti Nexperia do v\u00fdroby \u010dip\u016f v Hamburku, a to dokonce bez jak\u00fdchkoli dotac\u00ed<\/a>! A doslova husarsk\u00fd kousek se pak letos 15. kv\u011btna poda\u0159il Victoru Orb\u00e1novi, kdy\u017e ozn\u00e1mil pro budoucnost Ma\u010far\u016f naprosto fantastickou zpr\u00e1vu, \u017ee \u010d\u00ednsk\u00fd v\u00fdrobce automobil\u016f BYD um\u00edst\u00ed sv\u00e9 evropsk\u00e9 \u0159editelstv\u00ed, i v\u00fdzkumn\u00e9 a v\u00fdvojov\u00e9 centrum v Budape\u0161ti. Ta zpr\u00e1va vynikne, pokud si uv\u011bdom\u00edme,\u00a0<a href=\"https:\/\/en.wikipedia.org\/wiki\/BYD_Auto\">\u017ee \u010d\u00ednsk\u00fd BYD je mimo\u0159\u00e1dn\u011b rychle rostouc\u00ed firma, a v roce 2024 u\u017e vyrobila 4.3 miliony automobil\u016f<\/a>, (<a href=\"https:\/\/www.tipcars.com\/magazin\/aktuality\/toyota-nejvetsi-znacka-062025.html\">Toyota 10.8 milion\u016f, VW + v\u0161echny jeho klony v\u010detn\u011b \u0160koda Auto 9 milion\u016f<\/a>). A \u017ee tedy m\u00edt hlavn\u00ed evropskou tov\u00e1rnu, \u0159editelstv\u00ed, i v\u00fdzkumn\u00e9 a v\u00fdvojov\u00e9 centrum \u010d\u00ednsk\u00e9 automobilky BYD na sv\u00e9m \u00fazem\u00ed, je mimo\u0159\u00e1dn\u00fd strategick\u00fd politick\u00fd \u00fasp\u011bch, i z\u00e1ruka mnoha tis\u00edc budouc\u00edch velmi skv\u011ble honorovan\u00fdch pracovn\u00edch m\u00edst. Pravd\u011bpodobn\u011b pokud by nebylo v posledn\u00edch letech proti\u010d\u00ednsk\u00e9 politiky \u010cesk\u00fdch Tchajwanc\u016f, ODS, STAN, KD\u00da-\u010cSL, TOP-09, a Pir\u00e1t\u016f, a pokra\u010dovalo by se v pro-\u010d\u00ednsk\u00e9m odkazu politiky Milo\u0161e Zemana, n\u011bjak\u00fd jin\u00fd \u010desk\u00fd \u00fa\u0159aduj\u00edc\u00ed premi\u00e9r by mohl letos 15. kv\u011btna v Praze hypoteticky vyhl\u00e1sit Orb\u00e1nova slova, a p\u00e1r tis\u00edc \u010cech\u016f, mo\u017en\u00e1 Ostravan\u00e9, nebo Br\u0148an\u00e9, by se mohli t\u011b\u0161it na mimo\u0159\u00e1dn\u011b slu\u0161n\u00fd r\u016fst sv\u00fdch plat\u016f.\u00a0<a href=\"http:\/\/www.china.org.cn\/2025-05\/16\/content_117878286.shtml\">Jen projekt \u0159editelstv\u00ed a v\u00fdzkumu a v\u00fdvoje BYD vytvo\u0159\u00ed v Ma\u010farsku na sv\u00e9m za\u010d\u00e1tku 2000 v naprost\u00e9 v\u011bt\u0161in\u011b vysoko\u0161kolsk\u00fdch technick\u00fdch pracovn\u00edch m\u00edst<\/a>, a takov\u00e1 m\u00edsta \u010desk\u00e1 ekonomika pot\u0159ebuje jako s\u016fl, t\u00edm sp\u00ed\u0161, \u017ee v\u011bdeck\u00e9 granty pro ma\u010farsk\u00e9 univerzity se z \u0159editelstv\u00ed BYD jen pohrnou, jak sliboval na konferenci s Orb\u00e1nem \u0159editel BYD Wang Chuanfu. Pokud m\u016f\u017ee kancl\u00e9\u0159 bohat\u00fdch Germ\u00e1n\u016f Merz nyn\u00ed horovat za pragmatick\u00e9 strategick\u00e9 partnerstv\u00ed s \u010c\u00ednou, jen aby do N\u011bmecka p\u0159il\u00e1kal modern\u00ed skv\u011ble placen\u00e1 pracovn\u00ed m\u00edsta, pak je s d\u016frazn\u00fdm podivem, pro\u010d premi\u00e9r chud\u00fdch \u010cech\u016f Petr Fiala nyn\u00ed nech\u00e1v\u00e1 prost\u0159ednictv\u00edm ex-Pir\u00e1ta Jid\u00e1\u0161e na \u010c\u00ednu ideologicky bigotn\u011b \u00fato\u010dit, zejm\u00e9na, kdy\u017e n\u00e1m krachuje na\u0161e dom\u00e1c\u00ed ekonomika, a v cel\u00e9 zemi se na mnoha m\u00edstech hromadn\u011b propou\u0161t\u00ed. N\u00e1vrat k pragmatick\u00e9 zahrani\u010dn\u00ed politice se tak zd\u00e1 b\u00fdt po volb\u00e1ch pro blaho \u010cech\u016f u\u017e naprosto nevyhnuteln\u00fd.<\/p>\n<p>Cel\u00e1 nov\u00e1 politika n\u011bmeck\u00e9ho kancl\u00e9\u0159e Merze je ost\u0159e nam\u00ed\u0159en\u00e1 proti \u010desk\u00fdm n\u00e1rodn\u00edm z\u00e1jm\u016fm. Merz v reakci na Trump-Putin\u016fv posledn\u00ed usmi\u0159ovac\u00ed telefon\u00e1t zah\u00e1jil \u0159adu krok\u016f, aby donutil Putina k uzav\u0159en\u00ed m\u00edru na Ukrajin\u011b podle sv\u00fdch vlastn\u00edch podm\u00ednek, kter\u00e9 v \u017e\u00e1dn\u00e9m p\u0159\u00edpad\u011b neodpov\u00eddaj\u00ed dosavadn\u00edmu v\u00fdsledku v\u00e1lky, ani neodstra\u0148uj\u00ed jej\u00ed z\u00e1kladn\u00ed p\u0159\u00ed\u010diny.<\/p>\n<p>Merzovy podm\u00ednky a ultim\u00e1ta jsou na prvn\u00ed pohled zd\u00e1nliv\u011b nam\u00ed\u0159eny ve prosp\u011bch Ukrajiny. Posledn\u00ed n\u011bmeck\u00e1 v\u00fdhru\u017en\u00e1 ultim\u00e1ta po\u017eaduj\u00ed \u201c\u00fapln\u00fd celoevropsk\u00fd z\u00e1kaz dovozu rusk\u00e9ho plynu,\u00a0<a href=\"https:\/\/www.kyivpost.com\/post\/53236\">a z\u00e1kaz znovu zprovozn\u011bn\u00ed v\u00fdbuchy po\u0161kozen\u00e9ho potrub\u00ed Nord Stream<\/a>\u201c, a navrhuj\u00ed vylou\u010den\u00ed 20 rusk\u00fdch bank z mezin\u00e1rodn\u00edho platebn\u00edho syst\u00e9mu SWIFT. A\u010dkoli jsou tyto n\u00e1vrhy prezentov\u00e1ny\u00a0<a href=\"https:\/\/www.reuters.com\/world\/europe\/europeans-pressure-russia-with-sanctions-germany-says-2025-05-19\/\">jako d\u016frazn\u00fd tlak na Rusko, aby ustoupilo Ukrajin\u011b<\/a>, a povolilo jej\u00ed \u010dlenstv\u00ed v NATO, a povolilo j\u00ed m\u00edt velkou, silnou a modern\u00ed arm\u00e1du, a povolilo rozm\u00edst\u011bn\u00ed evropsk\u00fdch vojensk\u00fdch sil na Ukrajin\u011b, co\u017e jsou pro Rusko v\u0161echno po\u017eadavky naprosto nep\u0159\u00edpustn\u00e9, budou v\u0161echny tyto nov\u00e9 Merz sankce proti Rusku naprosto ne\u00fa\u010dinn\u00e9, proto\u017ee zcela pom\u00edjej\u00ed z\u00e1kladn\u00ed geostrategick\u00fd fakt v\u00e1lky na Ukrajin\u011b, a to, \u017ee \u010c\u00edna v \u017e\u00e1dn\u00e9m p\u0159\u00edpad\u011b nenech\u00e1 Rusko, aby nezv\u00edt\u011bzilo. Merz m\u00e1 k dispozici tis\u00edce velmi schopn\u00fdch n\u011bmeck\u00fdch vl\u00e1dn\u00edch analytik\u016f, a nen\u00ed p\u0159itom schopen pochopit, \u017ee pokud by Evropsk\u00e9 sankce za\u010daly b\u00fdt proti Rusku opravdu \u00fa\u010dinn\u00e9, tak \u010c\u00edna okam\u017eit\u011b zareaguje opakov\u00e1n\u00edm politiky USA ze druh\u00e9 sv\u011btov\u00e9 v\u00e1lky zn\u00e1m\u00e9 jako\u00a0<a href=\"https:\/\/www.archives.gov\/milestone-documents\/lend-lease-act\">Lend-Lease Act<\/a>, a dod\u00e1 Rusku za extr\u00e9mn\u011b v\u00fdhodn\u00fdch podm\u00ednek v\u0161e, co Rusko bude pro dosa\u017een\u00ed v\u00edt\u011bzstv\u00ed dle sv\u00fdch c\u00edl\u016f pot\u0159ebovat?<\/p>\n<p>Nikoli, Merz nen\u00ed v \u017e\u00e1dn\u00e9m p\u0159\u00edpad\u011b idiot,\u00a0<a href=\"https:\/\/cs.wikipedia.org\/wiki\/Friedrich_Merz\">proto\u017ee pracoval ve vedouc\u00ed pozici ve spole\u010dnosti BlackRock<\/a>. A je tak jasn\u00e9, \u017ee prodlu\u017eov\u00e1n\u00edm v\u00e1lky na Ukrajin\u011b sleduje ve skute\u010dnosti jin\u00fd c\u00edl, ne\u017e pomoci Ukrajin\u011b, a oslabit Rusko. C\u00edl, kter\u00fd Merz sleduje, je zachovat n\u011bmeckou ekonomickou dominanci nad st\u0159edoevropsk\u00fdm prostorem, nebo chcete-li, nad prostorem b\u00fdval\u00fdch evropsk\u00fdch satelit\u016f SSSR.\u00a0N\u011bmecko tato \u00fazem\u00ed a tyto pracovn\u00ed s\u00edly pot\u0159ebuje jako neust\u00e1l\u00fd zdroj pro dod\u00e1vky\u00a0 levn\u00fdch komponent\u016f a polotovar\u016f, z nich\u017e se potom v N\u011bmecku smontuj\u00ed drah\u00e9 n\u011bmeck\u00e9 v\u00fdrobky na export do USA, a do \u010c\u00edny, a do z\u00e1padn\u00ed EU. Jamile tento zdroj levn\u00fdch polotovar\u016f a levn\u00fdch pracovn\u00edch sil vyschne, n\u011bmeck\u00e1 ekonomika se okam\u017eit\u011b zhrout\u00ed. Z\u00e1kladn\u00edm paradigma ka\u017ed\u00e9ho n\u011bmeck\u00e9ho kancl\u00e9\u0159e tak mus\u00ed b\u00fdt, nedopustit, aby se b\u00fdval\u00e1 st\u0159edn\u00ed Evropy ekonomicky rozvinula a vy\u0161vihla na n\u011bmeckou nebo \u0161v\u00fdcarskou \u00farove\u0148, proto\u017ee v tom okam\u017eiku by skon\u010dil cel\u00fd n\u011bmeck\u00fd hospod\u00e1\u0159sk\u00fd z\u00e1zrak. Proto Merz hodl\u00e1 zak\u00e1zat zprovozn\u011bn\u00ed plynovodu Nord Stream, proto\u017ee jakmile se dovoz levn\u00e9ho rusk\u00e9ho plynu a ropy do St\u0159edn\u00ed Evropy a na Balk\u00e1n obnov\u00ed, z\u00edskaj\u00ed tyto zem\u011b a jejich n\u00e1rody citelnou ekonomickou a finan\u010dn\u00ed v\u00fdhodu nad zem\u011bmi Z\u00e1padn\u00ed EU, kter\u00e9 budou nuceny i po v\u00e1lce pou\u017e\u00edvat v\u00fdhradn\u011b drahou Green Deal elekt\u0159inu.<\/p>\n<p>Proto Merz, a dal\u0161\u00ed nyn\u00ed tak \u00fato\u010d\u00ed na Orb\u00e1na, \u017ee si v Ma\u010farsku buduje modern\u00ed pracovn\u00ed m\u00edsta, a dokonce i \u0159editelstv\u00ed a v\u00fdzkumn\u00e1 centra \u010d\u00ednsk\u00fdch mega-korporac\u00ed pro celou Evropu. Zat\u00edmco \u010c\u00ed\u0148an\u00e9 jsou ochotni umis\u0165ovat tato luxusn\u00ed pracovn\u00ed m\u00edsta i \u0159editelstv\u00ed v zem\u00edch b\u00fdval\u00fdch evropsk\u00fdch satelit\u016f SSSR, a t\u00edm odstartovat jejich modern\u00ed ekonomick\u00fd r\u016fst, a srovnat tak kone\u010dn\u011b \u017eivotn\u00ed \u00farove\u0148 V\u00fdchodu EU se Z\u00e1padem EU, co\u017e Brusel slibuje, ale nikdy nehodl\u00e1 splnit, proto\u017ee by to byl konec n\u011bmeck\u00e9 prosperity, zem\u011b z\u00e1padn\u00ed EU tak u\u010dinit nikdy nehodlaj\u00ed. V\u00e1lka na Ukrajin\u011b znamen\u00e1 trval\u00e9 po\u0161kozov\u00e1n\u00ed prosperity v\u00fdchodn\u00ed EU, a to je stav, kter\u00fd N\u011bmecku bytostn\u011b vyhovuje. V opa\u010dn\u00e9m p\u0159\u00edpad\u011b, by toti\u017e rozvoj ekonomik Ukrajiny, a zem\u00ed b\u00fdval\u00fdch evropsk\u00fdch satelit\u016f SSSR, znamenal obrovsk\u00fd tlak na n\u00e1vrat pracovn\u00edch sil z N\u011bmecka do t\u011bchto zem\u00ed. A to je, po konci v\u00fdroby levn\u00fdch polotovar\u016f pro n\u011bmeckou kone\u010dnou v\u00fdrobu produkovan\u00fdch \u0161patn\u011b placen\u00fdmi d\u011bln\u00edky v t\u011bchto zem\u00edch, druh\u00fd vra\u017eedn\u00fd stav, kter\u00fd N\u011bmecko nesm\u00ed v \u017e\u00e1dn\u00e9m p\u0159\u00edpad\u011b nikdy dopustit. N\u011bmecko proto klidn\u011b bude nejv\u011bt\u0161\u00edm investorem v \u010c\u00edn\u011b, a bude \u010c\u00edn\u011b podku\u0159ovat, aby p\u0159il\u00e1kalo jej\u00ed lukrativn\u00ed modern\u00ed investice na sv\u00e9 \u00fazem\u00ed. A bude v\u0161echny po\u0161tv\u00e1vat proti Rusku. A bude prodlu\u017eovat v\u00e1lku na Ukrajin\u011b a\u017e do posledn\u00edho Ukrajince. Proto\u017ee mu pro ekonomick\u00e9 p\u0159e\u017eit\u00ed nic jin\u00e9ho nezb\u00fdv\u00e1.\u00a0Zbyte\u010dn\u00e1 smrt ka\u017ed\u00e9ho dal\u0161\u00edho Ukrajince tak pro N\u011bmce neznamen\u00e1 nic jin\u00e9ho, ne\u017e jistotu dal\u0161\u00edch tu\u010dn\u00fdch jitrnic na tal\u00ed\u0159i. Nen\u00ed to tedy Putin, kdo se chyst\u00e1 uvrhnout \u010cechy a Slov\u00e1ky do otroctv\u00ed, ale Merz, kdo se chyst\u00e1 udr\u017eet \u010cechy i Slov\u00e1ky v n\u011bmeck\u00e9m nevolnictv\u00ed. (P.S. M\u00edsto N\u011bmecka si v z\u00e1v\u011bre\u010dn\u00fdch odstavc\u00edch dne\u0161n\u00ed anal\u00fdzy m\u016f\u017eete klidn\u011b dosadit Brusel, a z\u00e1padn\u00ed EU. Vyjde to na stejno.)<\/p>\n<div id=\"attachment_18046\" class=\"wp-caption aligncenter\" style=\"width: 557px;\"><img decoding=\"async\" loading=\"lazy\" class=\" wp-image-18046\" src=\"https:\/\/www.michalapetr.com\/wp-content\/uploads\/2025\/05\/budoucnost_poster.png\" sizes=\"(max-width: 676px) 100vw, 676px\" srcset=\"https:\/\/www.michalapetr.com\/wp-content\/uploads\/2025\/05\/budoucnost_poster.png 676w, https:\/\/www.michalapetr.com\/wp-content\/uploads\/2025\/05\/budoucnost_poster-212x300.png 212w, https:\/\/www.michalapetr.com\/wp-content\/uploads\/2025\/05\/budoucnost_poster-498x705.png 498w, https:\/\/www.michalapetr.com\/wp-content\/uploads\/2025\/05\/budoucnost_poster-450x637.png 450w\" alt=\"\" width=\"557\" height=\"789\" aria-describedby=\"caption-attachment-18046\" \/><\/p>\n<p id=\"caption-attachment-18046\" class=\"wp-caption-text\">Na t\u00e9to akci se objev\u00edm. V hotelu budu u\u017e v sobotu ve\u010der. Pokud se n\u011bco zm\u011bn\u00ed, d\u00e1m v\u011bd\u011bt. T\u011b\u0161\u00edm se zase na V\u00e1s.<\/p>\n<\/div>\n<p><a class=\"mfp-iframe lightbox-added\" href=\"https:\/\/www.youtube.com\/watch?v=IviLkZTwRD0\">Ve \u010dtvrtek 22. kv\u011btna jsem byl na TV Bure\u0161, po\u0159ad najdete zde.<\/a>\u00a0Ve \u010dtvrtek 15. kv\u011btna jsem byl hostem u Zde\u0148ka Chytry na Svobodn\u00e9m r\u00e1diu \u2013\u00a0<a class=\"mfp-iframe lightbox-added\" href=\"https:\/\/www.youtube.com\/watch?v=vA31OH66YzY\">po\u0159ad najdete zde<\/a>. V \u00fater\u00fd 13. kv\u011btna jsem byl hostem u Petra H\u00e1jka na Protiproud TV \u2013\u00a0<a class=\"mfp-iframe lightbox-added\" href=\"https:\/\/www.youtube.com\/watch?v=7TxNmbd5BHs\">po\u0159ad najdete zde<\/a>. Maily snad u\u017e kone\u010dn\u011b vy\u0159\u00edd\u00edm tento v\u00edkend, d\u011bkuji za pochopen\u00ed.<\/p>\n<p><a href=\"https:\/\/www.michalapetr.com\/map-2305-nove-vyhruzky-rusku-cina-spusti-proces-lend-lease-act-berlin-nema-sanci-rusku-vzdorovat-komu-vlastne-slouzi-valka-do-posledniho-ukrajince-analyza\/\">Michael Svato\u0161<\/a><\/p>\n<p><img decoding=\"async\" loading=\"lazy\" class=\"alignnone size-full wp-image-27204\" src=\"http:\/\/www.infokuryr.cz\/n\/wp-content\/uploads\/2023\/05\/Michael_Svatos.png\" alt=\"\" width=\"180\" height=\"180\" srcset=\"https:\/\/www.infokuryr.cz\/n\/wp-content\/uploads\/2023\/05\/Michael_Svatos.png 180w, https:\/\/www.infokuryr.cz\/n\/wp-content\/uploads\/2023\/05\/Michael_Svatos-150x150.png 150w\" sizes=\"(max-width: 180px) 100vw, 180px\" \/><\/p>\n<p>&nbsp;<\/p>\n<\/div>\n","protected":false},"excerpt":{"rendered":"<p>Nov\u00e9 v\u00fdhru\u017eky Rusku! \u010c\u00edna spust\u00ed proces Lend-Lease Act! Berl\u00edn nem\u00e1 \u0161anci Rusku vzdorovat! Komu vlastn\u011b&#8230;<\/p>\n","protected":false},"author":2,"featured_media":29252,"comment_status":"closed","ping_status":"closed","sticky":false,"template":"","format":"standard","meta":[],"categories":[6],"tags":[1042,30,59,285,371,22,2064,365],"_links":{"self":[{"href":"https:\/\/www.infokuryr.cz\/n\/wp-json\/wp\/v2\/posts\/79626"}],"collection":[{"href":"https:\/\/www.infokuryr.cz\/n\/wp-json\/wp\/v2\/posts"}],"about":[{"href":"https:\/\/www.infokuryr.cz\/n\/wp-json\/wp\/v2\/types\/post"}],"author":[{"embeddable":true,"href":"https:\/\/www.infokuryr.cz\/n\/wp-json\/wp\/v2\/users\/2"}],"replies":[{"embeddable":true,"href":"https:\/\/www.infokuryr.cz\/n\/wp-json\/wp\/v2\/comments?post=79626"}],"version-history":[{"count":0,"href":"https:\/\/www.infokuryr.cz\/n\/wp-json\/wp\/v2\/posts\/79626\/revisions"}],"wp:featuredmedia":[{"embeddable":true,"href":"https:\/\/www.infokuryr.cz\/n\/wp-json\/wp\/v2\/media\/29252"}],"wp:attachment":[{"href":"https:\/\/www.infokuryr.cz\/n\/wp-json\/wp\/v2\/media?parent=79626"}],"wp:term":[{"taxonomy":"category","embeddable":true,"href":"https:\/\/www.infokuryr.cz\/n\/wp-json\/wp\/v2\/categories?post=79626"},{"taxonomy":"post_tag","embeddable":true,"href":"https:\/\/www.infokuryr.cz\/n\/wp-json\/wp\/v2\/tags?post=79626"}],"curies":[{"name":"wp","href":"https:\/\/api.w.org\/{rel}","templated":true}]}}